{"id":111512,"date":"2025-12-09T06:06:08","date_gmt":"2025-12-09T06:06:08","guid":{"rendered":"https:\/\/www.europesays.com\/fi\/111512\/"},"modified":"2025-12-09T06:06:08","modified_gmt":"2025-12-09T06:06:08","slug":"raakkylaa-johtaa-sijainen-silla-harskeja-kirjoittanut-esko-rautiainen-jai-virkavapaalle-kesken-erottamisprosessin-kotimaa","status":"publish","type":"post","link":"https:\/\/www.europesays.com\/fi\/111512\/","title":{"rendered":"R\u00e4\u00e4kkyl\u00e4\u00e4 johtaa sijainen, sill\u00e4 h\u00e4rskej\u00e4 kirjoittanut Esko Rautiainen j\u00e4i virkavapaalle kesken erottamis\u00adprosessin | Kotimaa"},"content":{"rendered":"<p class=\"aw-1gybjub aw-5vja16 kEtdKx kmuxyA yle__article__paragraph\">Kunnanjohtaja Esko Rautiaisen somekirjoittelun selvittely on vienyt R\u00e4\u00e4kkyl\u00e4n johdon solmuun. Julkisuutta paenneen Rautiaisen kerrottiin j\u00e4\u00e4neen virkavapaalle.<\/p>\n<p><img decoding=\"async\" alt=\"Silm\u00e4lasip\u00e4inen mies seisoo venelaiturilla.\" src=\"https:\/\/www.europesays.com\/fi\/wp-content\/uploads\/2025\/12\/39-113843264a563df9675f.jpeg\" class=\"aw-1l9m598 hKVVvP\"\/><\/p>\n<p>Avaa kuvien katselu<\/p>\n<p>Esko Rautiainen on virkavapaalla, tiedotti R\u00e4\u00e4kkyl\u00e4n kunta. Kuva: Pauliina Tolvanen \/ Yle<\/p>\n<p class=\"aw-1gybjub aw-1p7kakr kEtdKx cEmitX yle__article__paragraph\">R\u00e4\u00e4kkyl\u00e4n kunnanvaltuusto perusti eilen tilap\u00e4isen valiokunnan valmistelemaan kunnanjohtaja <strong class=\"aw-ak79eh KyCXm yle__article__strong\">Esko Rautiaisen<\/strong> mahdollista irtisanomista. P\u00e4\u00e4t\u00f6s syntyi yksimielisesti.<\/p>\n<p class=\"aw-1gybjub aw-1p7kakr kEtdKx cEmitX yle__article__paragraph\">Taustalla on kunnanjohtajan asiattomaksi, h\u00e4rskiksi ja seksuaaliss\u00e4vytteiseksi luonnehdittu kommentointi sosiaalisessa mediassa. Viel\u00e4 viestien noustua julkisuuteen kolmisen viikkoa sitten, Rautiainen puolustautui ja kielsi kirjoittelunsa olleen sopimatonta tai h\u00e4rski\u00e4.<\/p>\n<p class=\"aw-1gybjub aw-1p7kakr kEtdKx cEmitX yle__article__paragraph\">Kommenteissaan sosiaalisen media Threads-alustalla kunnanjohtaja on muun muassa vastannut kysymykseen, mit\u00e4 tyhj\u00e4ss\u00e4 s\u00e4ngyss\u00e4 voisi tehd\u00e4: \u201dEsileikki\u00e4 ennen ejakulaatiota.\u201d Naisen takapuolta esitt\u00e4v\u00e4\u00e4n kuvaan h\u00e4n kommentoi: \u201dAivan huippu!\u201d.<\/p>\n<p><strong class=\"aw-1bgq5a3 bSmpIc\">Esko Rautiainen kertoo, mit\u00e4 ajattelee someviesteist\u00e4\u00e4n<\/strong><\/p>\n<p>N\u00e4in kunnanjohtaja kommentoi viestej\u00e4\u00e4n 20. marraskuuta.<\/p>\n<p class=\"aw-1gybjub aw-1p7kakr kEtdKx cEmitX yle__article__paragraph\">R\u00e4\u00e4kkyl\u00e4n kunta tiedotti eilen, ett\u00e4 kunnanjohtaja Esko Rautiainen on virkavapaalla t\u00e4m\u00e4n viikon. H\u00e4nen viransijaisenaan on sivistystoimenjohtaja-rehtori <strong class=\"aw-ak79eh KyCXm yle__article__strong\">Rauni Ronkainen<\/strong>. Virkavapaan syyt\u00e4 tai my\u00f6nt\u00e4j\u00e4\u00e4 ei kerrottu.<\/p>\n<p class=\"aw-1gybjub aw-1p7kakr kEtdKx cEmitX yle__article__paragraph\">Esko Rautiainen ei ole vastannut Ylen haastattelupyynt\u00f6ihin 20. marraskuuta j\u00e4lkeen lukuisista yrityksist\u00e4 huolimatta.<\/p>\n<p class=\"aw-1gybjub aw-1p7kakr kEtdKx cEmitX yle__article__paragraph\">Tilap\u00e4inen valiokunta arvioi onko kunnanjohtaja menett\u00e4nyt valtuuston luottamuksen ja mik\u00e4 on luottamuksen menett\u00e4misen peruste. Asian selvitt\u00e4misen j\u00e4lkeen se tekee p\u00e4\u00e4t\u00f6sehdotuksen valtuustolle.<\/p>\n<p class=\"aw-1gybjub aw-1p7kakr kEtdKx cEmitX yle__article__paragraph\">Esko Rautiainen on 65-vuotias. H\u00e4net valittiin R\u00e4\u00e4kkyl\u00e4n kunnanjohtajaksi vuonna 2022 tiukassa \u00e4\u00e4nestyksess\u00e4, jossa <a class=\"aw-iao6s4 iHOxEa yle__article__link\" href=\"https:\/\/yle.fi\/a\/3-12400635\" role=\"link\" rel=\"nofollow noopener\" target=\"_blank\">valtuusto kaatoi keskustavetoisen kunnanhallituksen esityksen<\/a>.<\/p>\n","protected":false},"excerpt":{"rendered":"Kunnanjohtaja Esko Rautiaisen somekirjoittelun selvittely on vienyt R\u00e4\u00e4kkyl\u00e4n johdon solmuun. Julkisuutta paenneen Rautiaisen kerrottiin j\u00e4\u00e4neen virkavapaalle. Avaa kuvien&hellip;\n","protected":false},"author":2,"featured_media":111513,"comment_status":"","ping_status":"","sticky":false,"template":"","format":"standard","meta":{"footnotes":""},"categories":[12],"tags":[22,23,19386,26,27,33,31,30,17,71,1836,1833,24,25,28,29,15,18,21,1137,6310,1028,32,19,20,16],"class_list":{"0":"post-111512","1":"post","2":"type-post","3":"status-publish","4":"format-standard","5":"has-post-thumbnail","7":"category-suomi","8":"tag-breaking-news","9":"tag-breakingnews","10":"tag-esko-rautiainen","11":"tag-featured-news","12":"tag-featurednews","13":"tag-fi","14":"tag-finland","15":"tag-finnish","16":"tag-headlines","17":"tag-kotimaa","18":"tag-kunnanjohtajat","19":"tag-kunnat","20":"tag-latest-news","21":"tag-latestnews","22":"tag-main-news","23":"tag-mainnews","24":"tag-news","25":"tag-otsikot","26":"tag-paauutiset","27":"tag-pohjois-karjala","28":"tag-raakkyla","29":"tag-sosiaalinen-media","30":"tag-suomi","31":"tag-top-stories","32":"tag-topstories","33":"tag-uutiset"},"share_on_mastodon":{"url":"https:\/\/pubeurope.com\/@fi\/115688111347348619","error":""},"_links":{"self":[{"href":"https:\/\/www.europesays.com\/fi\/wp-json\/wp\/v2\/posts\/111512","targetHints":{"allow":["GET"]}}],"collection":[{"href":"https:\/\/www.europesays.com\/fi\/wp-json\/wp\/v2\/posts"}],"about":[{"href":"https:\/\/www.europesays.com\/fi\/wp-json\/wp\/v2\/types\/post"}],"author":[{"embeddable":true,"href":"https:\/\/www.europesays.com\/fi\/wp-json\/wp\/v2\/users\/2"}],"replies":[{"embeddable":true,"href":"https:\/\/www.europesays.com\/fi\/wp-json\/wp\/v2\/comments?post=111512"}],"version-history":[{"count":0,"href":"https:\/\/www.europesays.com\/fi\/wp-json\/wp\/v2\/posts\/111512\/revisions"}],"wp:featuredmedia":[{"embeddable":true,"href":"https:\/\/www.europesays.com\/fi\/wp-json\/wp\/v2\/media\/111513"}],"wp:attachment":[{"href":"https:\/\/www.europesays.com\/fi\/wp-json\/wp\/v2\/media?parent=111512"}],"wp:term":[{"taxonomy":"category","embeddable":true,"href":"https:\/\/www.europesays.com\/fi\/wp-json\/wp\/v2\/categories?post=111512"},{"taxonomy":"post_tag","embeddable":true,"href":"https:\/\/www.europesays.com\/fi\/wp-json\/wp\/v2\/tags?post=111512"}],"curies":[{"name":"wp","href":"https:\/\/api.w.org\/{rel}","templated":true}]}}