{"id":111514,"date":"2025-12-09T06:07:13","date_gmt":"2025-12-09T06:07:13","guid":{"rendered":"https:\/\/www.europesays.com\/fi\/111514\/"},"modified":"2025-12-09T06:07:13","modified_gmt":"2025-12-09T06:07:13","slug":"nain-naurettavan-vahan-aurinkoa-on-nahty-joulukuussa-meteorologi-onpas-kylla","status":"publish","type":"post","link":"https:\/\/www.europesays.com\/fi\/111514\/","title":{"rendered":"N\u00e4in naurettavan v\u00e4h\u00e4n aurinkoa on n\u00e4hty joulukuussa \u2013 meteorologi: \u201dOnpas kyll\u00e4&#8230;\u201d"},"content":{"rendered":"<p>Joulukuu on tuntunut syyst\u00e4kin pime\u00e4lt\u00e4. Sen todistavat my\u00f6s tilastot.<\/p>\n<p>S\u00e4\u00e4 jatkuu suuressa osassa maata lauhana.<\/p>\n<p class=\"article-body mb-nof-24 px-nof-16\">Joulukuussa ei ole juuri auringonpilkahduksia n\u00e4hty. Loputtomalta tuntuneen pimeyden todistavat my\u00f6s tilastot.<\/p>\n<p class=\"article-body mb-nof-24 px-nof-16\">Ilmatieteen laitoksen p\u00e4ivyst\u00e4v\u00e4 meteorologi <a class=\"article-personlink\" href=\"https:\/\/www.is.fi\/haku\/?query=Petri%20Hoppula\" rel=\"nofollow noopener\" target=\"_blank\">Petri Hoppula<\/a> avaa tilastot joulukuun ensimm\u00e4isen kahdeksan p\u00e4iv\u00e4n ajalta. Parempiakin yll\u00e4tyksi\u00e4 on n\u00e4hty.<\/p>\n<p class=\"article-body mb-nof-24 px-nof-16\">Helsingin Kumpulan havaintoasema n\u00e4ytt\u00e4\u00e4 0,3 tuntia eli siis onnettomat 18 minuuttia auringonpaistetta koko t\u00e4h\u00e4nastiselle joulukuulle.<\/p>\n<p class=\"article-body mb-nof-24 px-nof-16\">\u2013 Onpas kyll\u00e4&#8230; k\u00e4yt\u00e4nn\u00f6ss\u00e4 ei puoltakaan tuntia, ihmettelee my\u00f6s meteorologi.<\/p>\n<p class=\"article-body mb-nof-24 px-nof-16\">Turun Artukaisessa tilanne on viel\u00e4 toivottomampi: noin kuusi minuuttia auringons\u00e4teit\u00e4 koko joulukuun aikana. Lukemaa voi pit\u00e4\u00e4 l\u00e4hes olemattomana.<\/p>\n<p class=\"article-body mb-nof-24 px-nof-16\">\u2013 Kyll\u00e4h\u00e4n, kun sinne ulos on katsellut, niin eih\u00e4n siell\u00e4 ole auringonpaistetta juurikaan ollut, Hoppula toteaa.<\/p>\n<p><img decoding=\"async\" src=\"https:\/\/www.europesays.com\/fi\/wp-content\/uploads\/2025\/12\/1765260431_298_468.jpg\" alt=\"Kuvassa Harmajan majakkasaari.\" class=\"_Img_1rerz_1\" style=\"aspect-ratio:1.5011727912431587\" loading=\"eager\"\/><\/p>\n<p class=\"article-picture-caption\">Kuvassa Harmajan majakkasaari. Kuva:\u00a0Juhani Niiranen \/ HS<\/p>\n<p class=\"article-body mb-nof-24 px-nof-16\">My\u00f6s Helsingin Harmajan havaintoasema n\u00e4ytt\u00e4\u00e4 noin kuutta minuuttia auringonpaistetta koko joulukuulle. Harmaja on saari ja majakka Helsingiss\u00e4 Suomenlinnan edustalla.<\/p>\n<p class=\"article-body mb-nof-24 px-nof-16\">Korsn\u00e4sin havaintoasema Pohjanmaalla puolestaan hieman yli viitt\u00e4kymment\u00e4 minuuttia.<\/p>\n<p class=\"article-body mb-nof-24 px-nof-16\">\u2013 Auringonpaiste on kyll\u00e4 nyt ollut hakusessa, toteaa Hoppula ykskantaan.<\/p>\n<p class=\"article-body mb-nof-24 px-nof-16\">Miss\u00e4\u00e4n Suomen auringonpaistetta mittaavista havaintoasemista ei ole ollut yli tuntia auringons\u00e4teit\u00e4 kuluvan kuun aikana.<\/p>\n<p class=\"article-body mb-nof-24 px-nof-16\">Parista kymmenest\u00e4 asemasta vain kahdeksan n\u00e4ytt\u00e4\u00e4 enemm\u00e4n kuin nollaa, Hoppula toteaa.<\/p>\n<p><img decoding=\"async\" src=\"https:\/\/www.europesays.com\/fi\/wp-content\/uploads\/2025\/12\/1765225989_800_468.jpg\" alt=\"Joulukuun alku on ollut pime\u00e4.\" class=\"_Img_1rerz_1\" style=\"aspect-ratio:1.5\" loading=\"eager\"\/><\/p>\n<p class=\"article-picture-caption\">Joulukuun alku on ollut pime\u00e4. Kuva:\u00a0Juhani Niiranen \/ HS<\/p>\n<p class=\"article-body mb-nof-24 px-nof-16\">Voi siis sanoa, ett\u00e4 joulukuu on tuntunut syyst\u00e4kin pime\u00e4lt\u00e4. Ent\u00e4p\u00e4 milloin ankeaan pimeyteen on luvassa helpotusta?<\/p>\n<p class=\"article-body mb-nof-24 px-nof-16\">No viimeist\u00e4\u00e4n talvip\u00e4iv\u00e4nseisauksen aikaan. Tosin sit\u00e4kin saa odotella, sill\u00e4 seisaus on vasta 21. joulukuuta.<\/p>\n<p class=\"article-body mb-nof-24 px-nof-16\">\u2013 Se on lyhin p\u00e4iv\u00e4. Sen j\u00e4lkeen alkaa p\u00e4iv\u00e4 pikkuhiljaa pidenty\u00e4, Hoppula kertoo.<\/p>\n<p class=\"article-body mb-nof-24 px-nof-16\">Ilmatieteen laitoksen <a class=\"article-genericlink\" href=\"https:\/\/www.ilmatieteenlaitos.fi\/tahtitieteelliset-vuodenajat\" rel=\"nofollow noopener\" target=\"_blank\">mukaan <\/a>p\u00e4iv\u00e4t pitenev\u00e4t ensin hitaasti, noin viisi minuuttia viikossa. Talvip\u00e4iv\u00e4nseisauksena pohjoinen pallonpuolisko on k\u00e4\u00e4ntyneen\u00e4 poisp\u00e4in auringosta ja aurinko paistaa kohtisuoraan Kauriin k\u00e4\u00e4nt\u00f6piirille 23 astetta etel\u00e4ist\u00e4 leveytt\u00e4, kertoo puolestaan <a class=\"article-genericlink\" href=\"https:\/\/www.foreca.fi\/s%C3%A4%C3%A4pedia\/ptwijmm3\" rel=\"nofollow noopener\" target=\"_blank\">Foreca<\/a>.<\/p>\n<p class=\"article-body mb-nof-24 px-nof-16\">T\u00e4ll\u00f6in valoisan ajan kesto on pohjoisella pallonpuoliskolla lyhimmill\u00e4\u00e4n ja etel\u00e4ss\u00e4 p\u00e4iv\u00e4n kesto suurimmillaan.<\/p>\n<p class=\"article-body mb-nof-24 px-nof-16\">Onneksi on kausivalot, meteorologi pohtii.<\/p>\n<p><img decoding=\"async\" src=\"https:\/\/www.europesays.com\/fi\/wp-content\/uploads\/2025\/12\/1765260433_832_468.jpg\" alt=\"Kuvassa Korsn\u00e4sin havaintoasema.\" class=\"_Img_1rerz_1\" style=\"aspect-ratio:1.5\" loading=\"eager\"\/><\/p>\n<p class=\"article-picture-caption\">Kuvassa Korsn\u00e4sin havaintoasema. Kuva:\u00a0Teemu Kuusimurto<\/p>\n<p class=\"article-body mb-nof-24 px-nof-16\">Hoppulan mukaan joulun lumitilanne n\u00e4ytt\u00e4\u00e4 Etel\u00e4-Suomessa \u201dhyvin pahalta\u201d eli siis mustalta joululta.<\/p>\n<p class=\"article-body mb-nof-24 px-nof-16\">T\u00e4m\u00e4n hetkiset ennusteet tarjoavat Hoppulan mukaan joulun yli tavanomaista l\u00e4mpim\u00e4mp\u00e4\u00e4 s\u00e4\u00e4t\u00e4.<\/p>\n<p class=\"article-body mb-nof-24 px-nof-16\">\u2013 Joulun alla on jopa viiden asteen l\u00e4mp\u00f6tiloja Jyv\u00e4skyl\u00e4n etel\u00e4puolen Suomessa eli hyvin lauhaa, toteaa Hoppula.<\/p>\n<p class=\"article-body mb-nof-24 px-nof-16\">T\u00e4ss\u00e4 vaiheessa joulun lumitilanteen ennustaminen on erityisen vaikeaa Keski-Suomeen ja l\u00e4nsirannikolle. L\u00e4nsirannikolla lumisuuteen vaikuttaa Pohjanlahden l\u00e4heisyys. Todenn\u00e4k\u00f6isesti rannikolla on my\u00f6s musta joulu, Hoppula kertoo.<\/p>\n<p class=\"article-body mb-nof-24 px-nof-16\">Kylm\u00e4 s\u00e4\u00e4 loistaa poissaolollaan pitkiss\u00e4 ennusteissa. Paitsi tietysti Pohjois-Suomessa. Siell\u00e4 joulukuun alkupuolen lumipeite pysyy todenn\u00e4k\u00f6isesti maassa, kertoo <a class=\"article-genericlink\" href=\"https:\/\/www.foreca.fi\/meteorologilta\/dyxtn3w6\" rel=\"nofollow noopener\" target=\"_blank\">Foreca<\/a>.<\/p>\n","protected":false},"excerpt":{"rendered":"Joulukuu on tuntunut syyst\u00e4kin pime\u00e4lt\u00e4. Sen todistavat my\u00f6s tilastot. S\u00e4\u00e4 jatkuu suuressa osassa maata lauhana. Joulukuussa ei ole&hellip;\n","protected":false},"author":2,"featured_media":111515,"comment_status":"","ping_status":"","sticky":false,"template":"","format":"standard","meta":{"footnotes":""},"categories":[5],"tags":[22,23,26,27,33,31,30,17,34,24,25,28,29,15,18,21,32,19,20,16],"class_list":{"0":"post-111514","1":"post","2":"type-post","3":"status-publish","4":"format-standard","5":"has-post-thumbnail","7":"category-otsikot","8":"tag-breaking-news","9":"tag-breakingnews","10":"tag-featured-news","11":"tag-featurednews","12":"tag-fi","13":"tag-finland","14":"tag-finnish","15":"tag-headlines","16":"tag-ilta-sanomat","17":"tag-latest-news","18":"tag-latestnews","19":"tag-main-news","20":"tag-mainnews","21":"tag-news","22":"tag-otsikot","23":"tag-paauutiset","24":"tag-suomi","25":"tag-top-stories","26":"tag-topstories","27":"tag-uutiset"},"share_on_mastodon":{"url":"https:\/\/pubeurope.com\/@fi\/115688115525431215","error":""},"_links":{"self":[{"href":"https:\/\/www.europesays.com\/fi\/wp-json\/wp\/v2\/posts\/111514","targetHints":{"allow":["GET"]}}],"collection":[{"href":"https:\/\/www.europesays.com\/fi\/wp-json\/wp\/v2\/posts"}],"about":[{"href":"https:\/\/www.europesays.com\/fi\/wp-json\/wp\/v2\/types\/post"}],"author":[{"embeddable":true,"href":"https:\/\/www.europesays.com\/fi\/wp-json\/wp\/v2\/users\/2"}],"replies":[{"embeddable":true,"href":"https:\/\/www.europesays.com\/fi\/wp-json\/wp\/v2\/comments?post=111514"}],"version-history":[{"count":0,"href":"https:\/\/www.europesays.com\/fi\/wp-json\/wp\/v2\/posts\/111514\/revisions"}],"wp:featuredmedia":[{"embeddable":true,"href":"https:\/\/www.europesays.com\/fi\/wp-json\/wp\/v2\/media\/111515"}],"wp:attachment":[{"href":"https:\/\/www.europesays.com\/fi\/wp-json\/wp\/v2\/media?parent=111514"}],"wp:term":[{"taxonomy":"category","embeddable":true,"href":"https:\/\/www.europesays.com\/fi\/wp-json\/wp\/v2\/categories?post=111514"},{"taxonomy":"post_tag","embeddable":true,"href":"https:\/\/www.europesays.com\/fi\/wp-json\/wp\/v2\/tags?post=111514"}],"curies":[{"name":"wp","href":"https:\/\/api.w.org\/{rel}","templated":true}]}}