{"id":111520,"date":"2025-12-09T06:24:07","date_gmt":"2025-12-09T06:24:07","guid":{"rendered":"https:\/\/www.europesays.com\/fi\/111520\/"},"modified":"2025-12-09T06:24:07","modified_gmt":"2025-12-09T06:24:07","slug":"taru-sormusten-herrasta-sormuksen-ritarit-tayttaa-25-vuotta-asiaa-juhlitaan-tavalla-joka-ei-taida-suomessa-kovin-montaa-kiinnostaa","status":"publish","type":"post","link":"https:\/\/www.europesays.com\/fi\/111520\/","title":{"rendered":"Taru sormusten herrasta: Sormuksen ritarit t\u00e4ytt\u00e4\u00e4 25 vuotta &#8211; asiaa juhlitaan tavalla, joka ei taida Suomessa kovin montaa kiinnostaa"},"content":{"rendered":"<p>Kuva: \u00a9 2001 New Line Home Entertainment, Inc. <\/p>\n<p>Peter Jacksonin ensimm\u00e4inen Taru sormusten herrasta sai ensi-iltansa nelj\u00e4nnesvuosisata sitten.<\/p>\n<p><a href=\"https:\/\/variety.com\/2025\/film\/news\/lord-of-the-rings-extended-editions-return-to-theaters-1236600677\" target=\"_blank\" rel=\"noreferrer noopener nofollow\">Variety<\/a> uutisoi <a href=\"https:\/\/muropaketti.com\/avainsana\/taru-sormusten-herrasta\/\" rel=\"nofollow noopener\" target=\"_blank\">Taru sormusten herrasta<\/a> -trilogian pidempien ohjaajanversioiden palaavan Yhdsyvalloissa valkokankaille tammikuussa Sormuksen ritarit -leffan 25-vuotisjuhlan kunniaksi. USA:ssa kankailla n\u00e4hd\u00e4\u00e4n my\u00f6s my\u00f6s vuoden 2002 Kaksi tornia ja vuoden 2003 Kuninkaan paluu.<\/p>\n<p>Fathom Entertainment ja Warner Bros. tuovat leffat aluksi 16.-19. tammikuuta DBOX-erikoissaleihin ja normiteattereihin 23.-25. tammikuuta. Suomen valkokangasesityksest\u00e4 ei ole viel\u00e4 tietoa, mutta meill\u00e4 Finnkino esitti ohjaajanversiot viimeksi t\u00e4m\u00e4n vuoden toukokuussa.<\/p>\n<p>Fathom ja Warner Bros. ovat lyk\u00e4nneet juhlajulkaisun kunniaksi pihalle my\u00f6s uuden trailerin.<\/p>\n<p>Alun perin New Line Cineman tuottama ja Peter Jacksonin ohjaama trilogia kuvattiin yhdell\u00e4 ryk\u00e4isyll\u00e4 Uudessa-Seelannissa. Tolkien-sovitusten k\u00e4sikirjoituksista vastasivat Jackson, Fran Walsh ja Philippa Boyens. Trilogia tuotti lippuluukuilla yhteens\u00e4 liki kolme miljardia dollaria. Elokuvat voittivat yhteens\u00e4 17 Oscar-palkintoa. <\/p>\n<p>Taru sormusten herrasta -trilogia l\u00f6ytyy kuukausimaksua vastaan HBO Maxista, jossa on tosin tarjolla lyhyemm\u00e4t teatteriversiot. <\/p>\n<p>Seuraava Sormusten herra -leffa on The Lord of the Rings: The Hunt for Gollum, jonka ensimm\u00e4isen osa saa\u00a0n\u00e4ill\u00e4 n\u00e4kymin ensi-iltansa 17.12.2027.<\/p>\n<p>The Hunt for Gollumin kahden ensimm\u00e4isen osan ohjaajana toimii Andy Serkis, joka n\u00e4yttelee my\u00f6s p\u00e4\u00e4\u00e4osan.<\/p>\n<p>Alkuper\u00e4isist\u00e4\u00a0Taru sormusten herrasta\u00a0-elokuvista tutut Walsh, Boyens ja Jackson ovat mukana The Hunt for Gollumin tekij\u00e4tiimiss\u00e4 tuottajina.<\/p>\n<p>Klonkun omien elokuvien k\u00e4sikirjoituksista vastaavat Walsh, Boyens, Phoebe Gittins ja Arty Papageorgiou.<\/p>\n","protected":false},"excerpt":{"rendered":"Kuva: \u00a9 2001 New Line Home Entertainment, Inc. Peter Jacksonin ensimm\u00e4inen Taru sormusten herrasta sai ensi-iltansa nelj\u00e4nnesvuosisata sitten.&hellip;\n","protected":false},"author":2,"featured_media":111521,"comment_status":"","ping_status":"","sticky":false,"template":"","format":"standard","meta":{"footnotes":""},"categories":[131],"tags":[155,137,33,173,31,30,172,16962,32,3163,109],"class_list":{"0":"post-111520","1":"post","2":"type-post","3":"status-publish","4":"format-standard","5":"has-post-thumbnail","7":"category-elokuvat","8":"tag-elokuvat","9":"tag-entertainment","10":"tag-fi","11":"tag-film","12":"tag-finland","13":"tag-finnish","14":"tag-movies","15":"tag-peter-jackson","16":"tag-suomi","17":"tag-taru-sormusten-herrasta","18":"tag-viihde"},"share_on_mastodon":{"url":"https:\/\/pubeurope.com\/@fi\/115688181848026158","error":""},"_links":{"self":[{"href":"https:\/\/www.europesays.com\/fi\/wp-json\/wp\/v2\/posts\/111520","targetHints":{"allow":["GET"]}}],"collection":[{"href":"https:\/\/www.europesays.com\/fi\/wp-json\/wp\/v2\/posts"}],"about":[{"href":"https:\/\/www.europesays.com\/fi\/wp-json\/wp\/v2\/types\/post"}],"author":[{"embeddable":true,"href":"https:\/\/www.europesays.com\/fi\/wp-json\/wp\/v2\/users\/2"}],"replies":[{"embeddable":true,"href":"https:\/\/www.europesays.com\/fi\/wp-json\/wp\/v2\/comments?post=111520"}],"version-history":[{"count":0,"href":"https:\/\/www.europesays.com\/fi\/wp-json\/wp\/v2\/posts\/111520\/revisions"}],"wp:featuredmedia":[{"embeddable":true,"href":"https:\/\/www.europesays.com\/fi\/wp-json\/wp\/v2\/media\/111521"}],"wp:attachment":[{"href":"https:\/\/www.europesays.com\/fi\/wp-json\/wp\/v2\/media?parent=111520"}],"wp:term":[{"taxonomy":"category","embeddable":true,"href":"https:\/\/www.europesays.com\/fi\/wp-json\/wp\/v2\/categories?post=111520"},{"taxonomy":"post_tag","embeddable":true,"href":"https:\/\/www.europesays.com\/fi\/wp-json\/wp\/v2\/tags?post=111520"}],"curies":[{"name":"wp","href":"https:\/\/api.w.org\/{rel}","templated":true}]}}