{"id":111522,"date":"2025-12-09T06:25:08","date_gmt":"2025-12-09T06:25:08","guid":{"rendered":"https:\/\/www.europesays.com\/fi\/111522\/"},"modified":"2025-12-09T06:25:08","modified_gmt":"2025-12-09T06:25:08","slug":"influenssa-leviaa-nyt-voimakkaasti-suuressa-osassa-maata-kotimaa","status":"publish","type":"post","link":"https:\/\/www.europesays.com\/fi\/111522\/","title":{"rendered":"Influenssa levi\u00e4\u00e4 nyt voimakkaasti suuressa osassa maata | Kotimaa"},"content":{"rendered":"<p class=\"aw-1gybjub aw-5vja16 kEtdKx kmuxyA yle__article__paragraph\">T\u00e4n\u00e4 vuonna influenssaepidemia alkoi normaalia aiemmin.<\/p>\n<p><img decoding=\"async\" alt=\"Rokotuksen j\u00e4lkeist\u00e4 laastaria laitetaan olkavarteen.\" src=\"https:\/\/www.europesays.com\/fi\/wp-content\/uploads\/2025\/12\/39-87655761867a6434fed.jpeg\" class=\"aw-1l9m598 hKVVvP\"\/><\/p>\n<p>Avaa kuvien katselu<\/p>\n<p>Rokote on paras suoja influenssaa vastaan. Kuva: Tiina Jutila \/ Yle<\/p>\n<p class=\"aw-1gybjub aw-1p7kakr kEtdKx cEmitX yle__article__paragraph\">Influenssaepidemia k\u00e4ynnistyi Suomessa t\u00e4n\u00e4 vuonna 3\u20134 viikkoa normaalia aiemmin. Influenssaa on esiintynyt nyt parin viikon ajan, ja terveyskeskusk\u00e4yntien perusteella virus levi\u00e4\u00e4 voimakkaasti, kertoo infektiol\u00e4\u00e4k\u00e4ri, HUS:in apulaisylil\u00e4\u00e4k\u00e4ri <strong class=\"aw-ak79eh KyCXm yle__article__strong\">Eeva Ruotsalainen<\/strong> <a class=\"aw-iao6s4 iHOxEa yle__article__link\" href=\"https:\/\/areena.yle.fi\/1-72625068\" role=\"link\" rel=\"nofollow noopener\" target=\"_blank\">Ylen aamussa<\/a>.<\/p>\n<p class=\"aw-1gybjub aw-1p7kakr kEtdKx cEmitX yle__article__paragraph\">\u2013 Suuressa osassa maata influenssa-aktiviteetti on t\u00e4ll\u00e4 hetkell\u00e4 hyvinkin korkea, Ruotsalainen sanoo.<\/p>\n<p class=\"aw-1gybjub aw-1p7kakr kEtdKx cEmitX yle__article__paragraph\">Viime vuonna influenssakausi oli toisenlainen. Se alkoi hitaasti ja kesti varsin pitk\u00e4\u00e4n, puolen vuoden ajan.<\/p>\n<p class=\"aw-1gybjub aw-1p7kakr kEtdKx cEmitX yle__article__paragraph\">Ihmiset liikkuvat talviaikaan julkisilla liikennev\u00e4lineill\u00e4, tapaavat toisiaan sis\u00e4tiloissa ja ty\u00f6paikoilla. T\u00e4m\u00e4 on otollista aikaa mink\u00e4 tahansa hengitystieviruksen levi\u00e4miseen.<\/p>\n<p class=\"aw-1gybjub aw-1p7kakr kEtdKx cEmitX yle__article__paragraph\">Influenssaa vastaan on rokote ja sit\u00e4 jaetaan ilmaiseksi riskiryhmiin kuuluville, kuten yli 65-vuotiaille, alle 7-vuotiaille lapsille ja sairauden vuoksi riskiryhmiss\u00e4 oleville.<\/p>\n<p class=\"aw-1gybjub aw-1p7kakr kEtdKx cEmitX yle__article__paragraph\">\u2013 Rokote on ehdottomasti paras suoja influenssaa vastaan, ja se kannattaa viel\u00e4 ottaa, sill\u00e4 rokotesuoja alkaa kahdessa viikossa, Ruotsalainen kertoo.<\/p>\n<p class=\"aw-1gybjub aw-1p7kakr kEtdKx cEmitX yle__article__paragraph\">Kes\u00e4n aikana A-tyypin virukset ovat l\u00e4hteneet muuntumaan. My\u00f6s Suomessa on havaittu muuntuneita A(H3N2)-viruksia. Ruotsalaisen mukaan Iso-Britannia on kertonut muuntuneesta viruksesta ja siit\u00e4, ett\u00e4 rokotteen teho on kohtalaisen hyv\u00e4.<\/p>\n<p class=\"aw-1gybjub aw-1p7kakr kEtdKx cEmitX yle__article__paragraph\">\u2013 Eli rokote kannattaa ottaa, vaikka yksi kiert\u00e4vist\u00e4 influenssaviruksista onkin muuttunut, Ruotsalainen toteaa.<\/p>\n","protected":false},"excerpt":{"rendered":"T\u00e4n\u00e4 vuonna influenssaepidemia alkoi normaalia aiemmin. Avaa kuvien katselu Rokote on paras suoja influenssaa vastaan. Kuva: Tiina Jutila&hellip;\n","protected":false},"author":2,"featured_media":111523,"comment_status":"","ping_status":"","sticky":false,"template":"","format":"standard","meta":{"footnotes":""},"categories":[165],"tags":[33,31,30,166,954,6313,14546,71,768,32,767,167,8167],"class_list":{"0":"post-111522","1":"post","2":"type-post","3":"status-publish","4":"format-standard","5":"has-post-thumbnail","7":"category-terveys","8":"tag-fi","9":"tag-finland","10":"tag-finnish","11":"tag-health","12":"tag-hengitystieinfektiot","13":"tag-influenssa","14":"tag-influenssarokotteet","15":"tag-kotimaa","16":"tag-rokotteet","17":"tag-suomi","18":"tag-tartuntataudit","19":"tag-terveys","20":"tag-virustaudit"},"share_on_mastodon":{"url":"https:\/\/pubeurope.com\/@fi\/115688185951054402","error":""},"_links":{"self":[{"href":"https:\/\/www.europesays.com\/fi\/wp-json\/wp\/v2\/posts\/111522","targetHints":{"allow":["GET"]}}],"collection":[{"href":"https:\/\/www.europesays.com\/fi\/wp-json\/wp\/v2\/posts"}],"about":[{"href":"https:\/\/www.europesays.com\/fi\/wp-json\/wp\/v2\/types\/post"}],"author":[{"embeddable":true,"href":"https:\/\/www.europesays.com\/fi\/wp-json\/wp\/v2\/users\/2"}],"replies":[{"embeddable":true,"href":"https:\/\/www.europesays.com\/fi\/wp-json\/wp\/v2\/comments?post=111522"}],"version-history":[{"count":0,"href":"https:\/\/www.europesays.com\/fi\/wp-json\/wp\/v2\/posts\/111522\/revisions"}],"wp:featuredmedia":[{"embeddable":true,"href":"https:\/\/www.europesays.com\/fi\/wp-json\/wp\/v2\/media\/111523"}],"wp:attachment":[{"href":"https:\/\/www.europesays.com\/fi\/wp-json\/wp\/v2\/media?parent=111522"}],"wp:term":[{"taxonomy":"category","embeddable":true,"href":"https:\/\/www.europesays.com\/fi\/wp-json\/wp\/v2\/categories?post=111522"},{"taxonomy":"post_tag","embeddable":true,"href":"https:\/\/www.europesays.com\/fi\/wp-json\/wp\/v2\/tags?post=111522"}],"curies":[{"name":"wp","href":"https:\/\/api.w.org\/{rel}","templated":true}]}}