{"id":111526,"date":"2025-12-09T06:27:06","date_gmt":"2025-12-09T06:27:06","guid":{"rendered":"https:\/\/www.europesays.com\/fi\/111526\/"},"modified":"2025-12-09T06:27:06","modified_gmt":"2025-12-09T06:27:06","slug":"disneyn-yllattavan-hyva-scifi-sarja-jatkuu-jo-helmikuussa-toinen-kausi-sai-trailerin","status":"publish","type":"post","link":"https:\/\/www.europesays.com\/fi\/111526\/","title":{"rendered":"Disney+:n yll\u00e4tt\u00e4v\u00e4n hyv\u00e4 scifi-sarja jatkuu jo helmikuussa &#8211; toinen kausi sai trailerin"},"content":{"rendered":"<p>Maailmanloppua, scifi\u00e4, draamaa ja j\u00e4nn\u00e4ri\u00e4 sekoittava Paradise-sarja saa kakkoskauden.<\/p>\n<p><a href=\"https:\/\/muropaketti.com\/avainsana\/disney-plus\/\" rel=\"nofollow noopener\" target=\"_blank\">Disney+<\/a> on julkaissut ensimm\u00e4isen teaser-trailerin ja julisteen trilleri\u00e4, scifi\u00e4, draamaa ja hitusen saippuaoopperaa sekoittavasta, aikatasosta toiseen loikkivasta Paradise-sarjan toisesta tuotantokaudesta. <\/p>\n<p>Sarjan jopa yll\u00e4tt\u00e4v\u00e4n hyv\u00e4 ensimm\u00e4inen kausi n\u00e4htiin Yhdysvalloissa Hulussa ja meill\u00e4 Disney+:ssa t\u00e4m\u00e4n vuoden tammi-helmikuussa.  <\/p>\n<p>Ensimm\u00e4isen tavoin kahdeksasta jaksosta koostuva kakkoskausi alkaa ilahduttavasti jo maanantaina 23. helmikuuta, jolloin tarjolle tulee kolme jaksoa. Uudet jaksot julkaistaan t\u00e4m\u00e4n j\u00e4lkeen viikoittain.<\/p>\n<p>Ensimm\u00e4inen kausi sai p\u00e4\u00e4osin positiivisen vastaanoton. Paradisen <a href=\"https:\/\/www.rottentomatoes.com\/tv\/paradise_2025\" target=\"_blank\" rel=\"noreferrer noopener nofollow\">Rotten Tomatoes<\/a> -prosentti on 86. <a href=\"https:\/\/www.metacritic.com\/tv\/paradise-2025\" target=\"_blank\" rel=\"noreferrer noopener nofollow\">Metacritic<\/a> puolestaan laskee kriitikkoarvostelujen keskiarvoksi 69 \/ 100.<\/p>\n<p>Paradisen on luonut muun muassa This Is Us -sarjasta tuttu Dan Fogelman. H\u00e4n on kertonut suunnitelleensa Paradisesta alusta asti kolmen kauden mittaisen kokonaisuuden. <\/p>\n<p>Paradisen kakkoskaudella n\u00e4hd\u00e4\u00e4n muun muassa Sterling K. Brown, Julianne Nicholson, Sarah Shahi, Nicole Brydon Bloom, Krys Marshall, Enuka Okuma, Aliyah Mastin, Percy Daggs IV ja Charlie Evans. Mukana ovat my\u00f6s James Marsden, Shailene Woodley, Thomas Doherty, and Jon Beavers.<\/p>\n","protected":false},"excerpt":{"rendered":"Maailmanloppua, scifi\u00e4, draamaa ja j\u00e4nn\u00e4ri\u00e4 sekoittava Paradise-sarja saa kakkoskauden. Disney+ on julkaissut ensimm\u00e4isen teaser-trailerin ja julisteen trilleri\u00e4, scifi\u00e4,&hellip;\n","protected":false},"author":2,"featured_media":111527,"comment_status":"","ping_status":"","sticky":false,"template":"","format":"standard","meta":{"footnotes":""},"categories":[130],"tags":[298,2873,137,33,31,30,13484,810,20671,16399,32,109],"class_list":{"0":"post-111526","1":"post","2":"type-post","3":"status-publish","4":"format-standard","5":"has-post-thumbnail","7":"category-viihde","8":"tag-disney","9":"tag-elokuvatrailerit","10":"tag-entertainment","11":"tag-fi","12":"tag-finland","13":"tag-finnish","14":"tag-hulu","15":"tag-james-marsden","16":"tag-paradise","17":"tag-shailene-woodley","18":"tag-suomi","19":"tag-viihde"},"share_on_mastodon":{"url":"https:\/\/pubeurope.com\/@fi\/115688193696731737","error":""},"_links":{"self":[{"href":"https:\/\/www.europesays.com\/fi\/wp-json\/wp\/v2\/posts\/111526","targetHints":{"allow":["GET"]}}],"collection":[{"href":"https:\/\/www.europesays.com\/fi\/wp-json\/wp\/v2\/posts"}],"about":[{"href":"https:\/\/www.europesays.com\/fi\/wp-json\/wp\/v2\/types\/post"}],"author":[{"embeddable":true,"href":"https:\/\/www.europesays.com\/fi\/wp-json\/wp\/v2\/users\/2"}],"replies":[{"embeddable":true,"href":"https:\/\/www.europesays.com\/fi\/wp-json\/wp\/v2\/comments?post=111526"}],"version-history":[{"count":0,"href":"https:\/\/www.europesays.com\/fi\/wp-json\/wp\/v2\/posts\/111526\/revisions"}],"wp:featuredmedia":[{"embeddable":true,"href":"https:\/\/www.europesays.com\/fi\/wp-json\/wp\/v2\/media\/111527"}],"wp:attachment":[{"href":"https:\/\/www.europesays.com\/fi\/wp-json\/wp\/v2\/media?parent=111526"}],"wp:term":[{"taxonomy":"category","embeddable":true,"href":"https:\/\/www.europesays.com\/fi\/wp-json\/wp\/v2\/categories?post=111526"},{"taxonomy":"post_tag","embeddable":true,"href":"https:\/\/www.europesays.com\/fi\/wp-json\/wp\/v2\/tags?post=111526"}],"curies":[{"name":"wp","href":"https:\/\/api.w.org\/{rel}","templated":true}]}}