{"id":111532,"date":"2025-12-09T06:31:12","date_gmt":"2025-12-09T06:31:12","guid":{"rendered":"https:\/\/www.europesays.com\/fi\/111532\/"},"modified":"2025-12-09T06:31:12","modified_gmt":"2025-12-09T06:31:12","slug":"raportti-tappava-vuosi-toimittajille-venajan-tilanne-nayttaa-synkalta-uutisia-lyhyesti","status":"publish","type":"post","link":"https:\/\/www.europesays.com\/fi\/111532\/","title":{"rendered":"Raportti: Tappava vuosi toimittajille, Ven\u00e4j\u00e4n tilanne n\u00e4ytt\u00e4\u00e4 synk\u00e4lt\u00e4 | Uutisia lyhyesti"},"content":{"rendered":"<p class=\"aw-1gybjub aw-5vja16 kEtdKx kmuxyA yle__article__paragraph\">2025 on ollut synkin vuosi lehdist\u00f6n\u00advapaudelle vuosikymmeneen.<\/p>\n<p><img decoding=\"async\" alt=\"Mielenosoittaja nostaa kyltti\u00e4, jossa press-tekstin p\u00e4\u00e4ll\u00e4 on punaista symboloimassa verta.\" src=\"https:\/\/www.europesays.com\/fi\/wp-content\/uploads\/2025\/12\/39-15663216936d4ce7dd24.jpeg\" class=\"aw-1l9m598 hKVVvP\"\/><\/p>\n<p>Avaa kuvien katselu<\/p>\n<p>Toimittajat ilman rajoja julkaisi kuluvan vuoden Round-up-raportin, joka tarjoaa katsauksen toimittajien turvallisuustilanteeseen maailmanlaajuisesti. Kuva: AOP<\/p>\n<p class=\"aw-1gybjub aw-1p7kakr kEtdKx cEmitX yle__article__paragraph\">Suomen ja Ven\u00e4j\u00e4n v\u00e4linen kuilu lehdist\u00f6nvapaudessa on t\u00e4ll\u00e4 hetkell\u00e4 suurempi kuin Pohjois- ja Etel\u00e4-Korean, selvi\u00e4\u00e4 Toimittajat ilman rajoja -j\u00e4rjest\u00f6n (RSF) tuoreesta raportista.<\/p>\n<p class=\"aw-1gybjub aw-1p7kakr kEtdKx cEmitX yle__article__paragraph\">\u2013 Se kertoo paljon tilanteen vakavuudesta, toteaa j\u00e4rjest\u00f6n Suomen osaston puheenjohtaja <strong class=\"aw-ak79eh KyCXm yle__article__strong\">Kaius Niemi<\/strong>.<\/p>\n<p class=\"aw-1gybjub aw-1p7kakr kEtdKx cEmitX yle__article__paragraph\">\u2013 Naapurimaamme Ven\u00e4j\u00e4n lehdist\u00f6nvapaustilanne heikkenee vuosi vuodelta, mik\u00e4 on yh\u00e4 huolestuttavampaa.<\/p>\n<p class=\"aw-1gybjub aw-1p7kakr kEtdKx cEmitX yle__article__paragraph\">T\u00e4ll\u00e4 hetkell\u00e4 korostuvat erityisesti Gazan poikkeuksellisen synkk\u00e4 tilanne, Ven\u00e4j\u00e4n rooli ulkomaisten toimittajien vangitsijana sek\u00e4 panttivankeja ottanut Jemen.<\/p>\n<p class=\"aw-1gybjub aw-1p7kakr kEtdKx cEmitX yle__article__paragraph\">Raportin mukaan Ven\u00e4j\u00e4ll\u00e4 oli joulukuussa vangittuna 48 toimittajaa. Ven\u00e4j\u00e4 on maailman ykk\u00f6nen erityisesti ulkomaisten toimittajien vangitsemisessa. Ven\u00e4j\u00e4n vangitsemat toimittajat ovat p\u00e4\u00e4osin ukrainalaisia.<\/p>\n<p class=\"aw-1gybjub aw-1p7kakr kEtdKx cEmitX yle__article__paragraph\">Eniten vangittuja toimittajia on Kiinassa, jossa on 113 vankia.<\/p>\n<p class=\"aw-1gybjub aw-1p7kakr kEtdKx cEmitX yle__article__paragraph\">Kaikkiaan 503 toimittajaa on vangittuna eri puolilla maailmaa.<\/p>\n<p><img decoding=\"async\" alt=\"Lehdist\u00f6n luotiliivi paikalla, jossa Ven\u00e4j\u00e4n isku tappoi toimittaja Olena Gubanovan ja kuvaaja Jevhen Karmazin.\" src=\"https:\/\/www.europesays.com\/fi\/wp-content\/uploads\/2025\/12\/39-15663226936d4d01a6ce.jpeg\" loading=\"lazy\" class=\"aw-1l9m598 hKVVvP\"\/><\/p>\n<p>Avaa kuvien katselu<\/p>\n<p>Lehdist\u00f6n luotiliivi paikalla, jossa Ven\u00e4j\u00e4n isku tappoi toimittaja Olena Gubanovan ja kuvaaja Jevhen Karmazin  23. lokakuuta 2025. Kuva: Jose Colon \/ AOPSynkk\u00e4 vuosi turvallisuudelle<\/p>\n<p class=\"aw-1gybjub aw-1p7kakr kEtdKx cEmitX yle__article__paragraph\">Raportin mukaan kulunut vuosi oli synkin vuosikymmeneen toimittajien turvallisuudelle.<\/p>\n<p class=\"aw-1gybjub aw-1p7kakr kEtdKx cEmitX yle__article__paragraph\">Ty\u00f6ns\u00e4 vuoksi tapettiin vuoden aikana 67 journalistia \u2013 l\u00e4hes puolet L\u00e4hi-id\u00e4ss\u00e4, erityisesti Gazassa. Israelin armeijan on raportoitu olevan vastuussa yli 43 prosentista surmista.<\/p>\n<p class=\"aw-1gybjub aw-1p7kakr kEtdKx cEmitX yle__article__paragraph\">V\u00e4kivalta ei rajoitu vain konfliktialueille. Meksiko s\u00e4ilytti paikkansa maailman toiseksi vaarallisimpana maana toimittajille, vaikka maassa ei k\u00e4yd\u00e4 sotaa.<\/p>\n<p class=\"aw-1gybjub aw-1p7kakr kEtdKx cEmitX yle__article__paragraph\">Latinalaisessa Amerikassa tapahtui noin nelj\u00e4nnes kaikista toimittajamurhista.<\/p>\n<p class=\"aw-1gybjub aw-1p7kakr kEtdKx cEmitX yle__article__paragraph\">Raportin mukaan 135 toimittajaa on edelleen kateissa ja 20 panttivankina, erityisesti Jemeniss\u00e4 ja Syyriassa. Jemeniss\u00e4 kapinalliset ovat ottaneet panttivangeiksi seitsem\u00e4n median edustajaa kuluneen vuoden aikana.<\/p>\n<p class=\"aw-1gybjub aw-1p7kakr kEtdKx cEmitX yle__article__paragraph\">RSF:n p\u00e4\u00e4sihteeri <strong class=\"aw-ak79eh KyCXm yle__article__strong\">Thibaut Bruttin<\/strong> sanoo raportissa, ett\u00e4 rankaisemattomuus ja kansainv\u00e4lisen yhteis\u00f6n ep\u00e4onnistuminen mahdollistavat jatkuvan v\u00e4kivallan.<\/p>\n<p class=\"aw-1gybjub aw-1p7kakr kEtdKx cEmitX yle__article__paragraph\">\u2013 Kukaan ei anna henke\u00e4\u00e4n journalismin vuoksi \u2013 se riistet\u00e4\u00e4n heilt\u00e4.<\/p>\n","protected":false},"excerpt":{"rendered":"2025 on ollut synkin vuosi lehdist\u00f6n\u00advapaudelle vuosikymmeneen. Avaa kuvien katselu Toimittajat ilman rajoja julkaisi kuluvan vuoden Round-up-raportin, joka&hellip;\n","protected":false},"author":2,"featured_media":111533,"comment_status":"","ping_status":"","sticky":false,"template":"","format":"standard","meta":{"footnotes":""},"categories":[14],"tags":[22,23,26,27,33,31,30,17,3128,71,24,25,20672,28,29,15,18,21,32,20673,19,20,56,16,40,59,60,61],"class_list":{"0":"post-111532","1":"post","2":"type-post","3":"status-publish","4":"format-standard","5":"has-post-thumbnail","7":"category-ulkomaat","8":"tag-breaking-news","9":"tag-breakingnews","10":"tag-featured-news","11":"tag-featurednews","12":"tag-fi","13":"tag-finland","14":"tag-finnish","15":"tag-headlines","16":"tag-journalismi","17":"tag-kotimaa","18":"tag-latest-news","19":"tag-latestnews","20":"tag-lehdistonvapaus","21":"tag-main-news","22":"tag-mainnews","23":"tag-news","24":"tag-otsikot","25":"tag-paauutiset","26":"tag-suomi","27":"tag-toimittajat-ilman-rajoja","28":"tag-top-stories","29":"tag-topstories","30":"tag-ulkomaat","31":"tag-uutiset","32":"tag-vakivalta","33":"tag-world","34":"tag-world-news","35":"tag-worldnews"},"share_on_mastodon":{"url":"https:\/\/pubeurope.com\/@fi\/115688209524425580","error":""},"_links":{"self":[{"href":"https:\/\/www.europesays.com\/fi\/wp-json\/wp\/v2\/posts\/111532","targetHints":{"allow":["GET"]}}],"collection":[{"href":"https:\/\/www.europesays.com\/fi\/wp-json\/wp\/v2\/posts"}],"about":[{"href":"https:\/\/www.europesays.com\/fi\/wp-json\/wp\/v2\/types\/post"}],"author":[{"embeddable":true,"href":"https:\/\/www.europesays.com\/fi\/wp-json\/wp\/v2\/users\/2"}],"replies":[{"embeddable":true,"href":"https:\/\/www.europesays.com\/fi\/wp-json\/wp\/v2\/comments?post=111532"}],"version-history":[{"count":0,"href":"https:\/\/www.europesays.com\/fi\/wp-json\/wp\/v2\/posts\/111532\/revisions"}],"wp:featuredmedia":[{"embeddable":true,"href":"https:\/\/www.europesays.com\/fi\/wp-json\/wp\/v2\/media\/111533"}],"wp:attachment":[{"href":"https:\/\/www.europesays.com\/fi\/wp-json\/wp\/v2\/media?parent=111532"}],"wp:term":[{"taxonomy":"category","embeddable":true,"href":"https:\/\/www.europesays.com\/fi\/wp-json\/wp\/v2\/categories?post=111532"},{"taxonomy":"post_tag","embeddable":true,"href":"https:\/\/www.europesays.com\/fi\/wp-json\/wp\/v2\/tags?post=111532"}],"curies":[{"name":"wp","href":"https:\/\/api.w.org\/{rel}","templated":true}]}}