{"id":111538,"date":"2025-12-09T06:45:16","date_gmt":"2025-12-09T06:45:16","guid":{"rendered":"https:\/\/www.europesays.com\/fi\/111538\/"},"modified":"2025-12-09T06:45:16","modified_gmt":"2025-12-09T06:45:16","slug":"kirsi-alm-siira-muistelee-ainoaksi-jaanytta-elokuvarooliaan","status":"publish","type":"post","link":"https:\/\/www.europesays.com\/fi\/111538\/","title":{"rendered":"Kirsi Alm-Siira muistelee ainoaksi j\u00e4\u00e4nytt\u00e4 elokuvarooliaan"},"content":{"rendered":"<p>            Matti Matikainen, Adobe Stock\n        <\/p>\n<p class=\"subtitle \">Kirsi Alm-Siira intoutuu muistelemaan &#8221;ensimm\u00e4ist\u00e4 ja viimeist\u00e4&#8221; elokuvarooliaan.<\/p>\n<p class=\"article-content article-content-width !bg-background\"> on tuonut p\u00e4iv\u00e4n polttavimmat uutiset kansalaisten olohuoneisiin jo vuosien ajan.<\/p>\n<p class=\"font-weight-bold m-font-weight-bold article-content article-content-width !bg-background\">Video: Kurkkaa MTV:n uutisstudion kulisseihin.<\/p>\n<p class=\"article-content article-content-width !bg-background\">Uutisankkuri on ihastuttanut katsojat rempse\u00e4ll\u00e4 ja rehellisell\u00e4 meiningill\u00e4\u00e4n, josta ei pieni\u00e4 koomisuuksiakaan ole puuttunut.<\/p>\n<p class=\"article-content article-content-width !bg-background\">V\u00e4lill\u00e4 suorissa l\u00e4hetyksiss\u00e4 on revetty nauramaan, v\u00e4lill\u00e4 pudottu tuolilta, ja ainakin kertaalleen jopa aivastus on yll\u00e4tt\u00e4nyt.<\/p>\n<p>        <a itemprop=\"url\" href=\"https:\/\/www.seiska.fi\/kotimaa\/kirsi-alm-siira-poyristyi-ylelle\/1839593\" rel=\"nofollow noopener\" target=\"_blank\"><\/p>\n<p>\nP\u00f6yristyi Ylelle\n<\/p>\n<p class=\"section-date\">\n        <strong class=\"article-section\" data-section=\"kotimaa\"><br \/>\n            kotimaa<br \/>\n        <\/strong><br \/>\n        17.6. 10:32\n    <\/p>\n<p>Kirsi Alm-Siira p\u00f6yristyi Ylelle!\n    <\/p>\n<p itemprop=\"description\" class=\"subtitle \">\n    Seiskan tietojen mukaan my\u00f6s muun muassa Auri Kanasta l\u00e4hestyttiin t\u00e4ysin samanlaisella s\u00e4hk\u00f6postilla.\n<\/p>\n<p>        <\/a><\/p>\n<p class=\"article-content article-content-width !bg-background\">Moni ei ehk\u00e4 tied\u00e4, ett\u00e4 satakuntalainen Kirsi on n\u00e4ytellyt er\u00e4\u00e4ss\u00e4 hyvinkin suositussa elokuvassa.<\/p>\n<p>                <img decoding=\"async\" src=\"https:\/\/www.europesays.com\/fi\/wp-content\/uploads\/2025\/12\/2012734.webp\" width=\"576\" height=\"322\" alt=\"Kirsi Alm-Siira on kaikkien tuntema uutisankkuri, mutta vuonna 2001 h\u00e4n oli viel\u00e4 melko tuntematon nimi.\" loading=\"lazy\" \/>            <\/p>\n<p>\n            Kirsi Alm-Siira on kaikkien tuntema uutisankkuri, mutta vuonna 2001 h\u00e4n oli viel\u00e4 melko tuntematon nimi.<br \/>\n            Matti Matikainen\n        <\/p>\n<p>Rentun Ruusu<\/p>\n<p class=\"article-content article-content-width !bg-background\">Nykyinen Suomen tunnetuin noormarkkulainen oli viel\u00e4 melko tuntematon nimi aivan 2000-luvun alussa.<\/p>\n<p class=\"article-content article-content-width !bg-background\">Vuonna 2001 ensi-iltansa sai  ohjaama Rentun ruusu, joka kertoo protestilaulaja  tarinan.<\/p>\n<p>\n            Minullahan oli siin\u00e4 ihan vallan joku puherooli!\n            <\/p>\n<p class=\"article-content article-content-width !bg-background\">Elokuva oli ilmestymisvuotenaan vuoden katsotuin kotimainen elokuva yli 350 000 katsojallaan.<\/p>\n<p class=\"article-content article-content-width !bg-background\">Irwini\u00e4 n\u00e4ytteli , ja h\u00e4nen erottamatonta yst\u00e4v\u00e4\u00e4ns\u00e4, sanoittajamestari .<\/p>\n<p>                <img decoding=\"async\" src=\"https:\/\/www.europesays.com\/fi\/wp-content\/uploads\/2025\/12\/2012930.webp\" width=\"576\" height=\"322\" alt=\"Rentun Ruusu kertoo Irwin Goodmanin (Martti Suosalo) ja Vexi Salmen (Ilkka Koivula) yst\u00e4vyydest\u00e4 ja urasta.\" loading=\"lazy\" \/>            <\/p>\n<p>\n            Rentun Ruusu kertoo Irwin Goodmanin (Martti Suosalo) ja Vexi Salmen (Ilkka Koivula) yst\u00e4vyydest\u00e4 ja urasta.<br \/>\n            Artista Filmi\n        <\/p>\n<p>Viina kuskille<\/p>\n<p class=\"article-content article-content-width !bg-background\">Elokuvassa vilahtaa my\u00f6s yhdess\u00e4 kohtauksessa Kirsi, jonka sukunimi oli tuolloin vain Alm.<\/p>\n<p class=\"article-content article-content-width !bg-background\">Alm-Siiraksi nimi vaihtui  kanssa solmitun avioliiton my\u00f6t\u00e4, joka p\u00e4\u00e4ttyi vuonna 2021.<\/p>\n<p class=\"article-content article-content-width !bg-background\">Ja sitten itse Kirsin kohtauksiin.<\/p>\n<p>        <a itemprop=\"url\" href=\"https:\/\/www.seiska.fi\/kotimaa\/uutuuskirja-nain-paljon-irwin-ryyppasi-paivassa-juuri-ennen-kuolemaa-radikaali-teko\/1137200\" rel=\"nofollow noopener\" target=\"_blank\"><\/p>\n<p class=\"section-date\">\n        <strong class=\"article-section\" data-section=\"kotimaa\"><br \/>\n            kotimaa<br \/>\n        <\/strong><br \/>\n        14.9.2023 09:00\n    <\/p>\n<p>Uutuuskirja: N\u00e4in paljon Irwin ryypp\u00e4si p\u00e4iv\u00e4ss\u00e4 \u2013 juuri ennen kuolemaa radikaali teko\n    <\/p>\n<p itemprop=\"description\" class=\"subtitle \">\n    Kansan syvien rivien tulkki ei sylkenyt lasiin, mutta viina ei ollut syyn\u00e4 miehen kuolemaan.\n<\/p>\n<p>        <\/a><\/p>\n<p class=\"article-content article-content-width !bg-background\">Ensimm\u00e4isess\u00e4 Kirsin hahmo on Irwinin kyydiss\u00e4 autossa.<\/p>\n<p class=\"article-content article-content-width !bg-background\">Taustalla soi St. Pauli ja Reeperbahn, ja Kirsi avaa viinapullon, josta ratin takana oleva Irwin ottaa miehekk\u00e4\u00e4n kulauksen.<\/p>\n<p class=\"article-content article-content-width !bg-background\">Sitten tulevatkin poliisit.<\/p>\n<p>                <img decoding=\"async\" src=\"https:\/\/www.europesays.com\/fi\/wp-content\/uploads\/2025\/12\/2012936.webp\" width=\"576\" height=\"274\" alt=\"Martti Suosalo sai paljon kiitosta Irwinin roolistaan, josta h\u00e4n sai my\u00f6s Jussi-patsaan.\" loading=\"lazy\" \/>            <\/p>\n<p>\n            Martti Suosalo sai paljon kiitosta Irwinin roolistaan, josta h\u00e4n sai my\u00f6s Jussi-patsaan.<br \/>\n            Artista Filmi\n        <\/p>\n<p>Kirsin repliikki<\/p>\n<p class=\"article-content article-content-width !bg-background\">Toinen Kirsin kohtaus sijoittuu huoltoasemalle, jossa Irwin pelaa flipperi\u00e4 yhdess\u00e4 Kirsin hahmon kanssa.<\/p>\n<p class=\"article-content article-content-width !bg-background\">Irwinin kaverit istuvat p\u00f6yd\u00e4ss\u00e4 juotavat seuranaan.<\/p>\n<p class=\"article-content article-content-width !bg-background\">\u2013 M\u00e4 satuin kuulemaan, kun se soitti huoltoasemalta poliisille. M\u00e4 ajattelin ehti\u00e4 h\u00e4tiin. Toivottavasti se ei n\u00e4yt\u00e4 naamaansa t\u00e4\u00e4ll\u00e4, V\u00e4iski toteaa kohtauksen alussa.<\/p>\n<p class=\"article-content article-content-width !bg-background\">Kohtausta ennen  esitt\u00e4m\u00e4 V\u00e4iski oli tullut juuri edellisess\u00e4 kohtauksessa Irwinin h\u00e4tiin h\u00e4iritsem\u00e4\u00e4n poliiseja, ettei t\u00e4m\u00e4 k\u00e4ryisi ratista.<\/p>\n<p>                <img decoding=\"async\" src=\"https:\/\/www.europesays.com\/fi\/wp-content\/uploads\/2025\/12\/2012991.webp\" width=\"576\" height=\"644\" alt=\"47-vuotiaana kuollut Irwin Goodman oli todellinen lurjus, jonka musiikki el\u00e4\u00e4 ja voi hyvin. Kuva Ylen Iskelm\u00e4-Suomi-ohjelman Sininen ja valkoinen - jaksosta.\" loading=\"lazy\" \/>            <\/p>\n<p>\n            47-vuotiaana kuollut Irwin Goodman oli todellinen lurjus, jonka musiikki el\u00e4\u00e4 ja voi hyvin. Kuva Ylen Iskelm\u00e4-Suomi-ohjelman Sininen ja valkoinen &#8211; jaksosta.<br \/>\n            Yle\n        <\/p>\n<p class=\"article-content article-content-width !bg-background\">\u2013 Sunko poikayst\u00e4v\u00e4 se oli? kysyy Vexi\u00e4 n\u00e4yttelev\u00e4 Ilkka Kirsin hahmolta huoltsikalla.<\/p>\n<p class=\"article-content article-content-width !bg-background\">\u2013 Oikeastaan Irwin pelasti mut sen kynsist\u00e4, Kirsi kertoo flipperin ja Irwinin v\u00e4list\u00e4.<\/p>\n<p>\n            Se on minun ensimm\u00e4inen ja viimeinen elokuvaroolini.\n            <\/p>\n<p class=\"article-content article-content-width !bg-background\">Seuraavaksi baarin asiakkaana oleva, kypsyneemp\u00e4\u00e4n ik\u00e4\u00e4n ehtinyt em\u00e4nt\u00e4 saapuu Irwinin luo, ottaa t\u00e4lt\u00e4 sikarin ja kyselee, onko t\u00e4ll\u00e4 y\u00f6sijaa.<\/p>\n<p class=\"article-content article-content-width !bg-background\">T\u00e4m\u00e4n j\u00e4lkeen kohtaus loppuu siihen, kun Eskon V\u00e4iski-hahmo kertoo susikrapulasta viitaten toiseen naiseen.<\/p>\n<p>                <img decoding=\"async\" src=\"https:\/\/www.europesays.com\/fi\/wp-content\/uploads\/2025\/12\/2012935.webp\" width=\"576\" height=\"293\" alt=\"Kohtaus elokuvasta, jossa Irwin ja Kirsin esitt\u00e4m\u00e4 nainen pelaavat flipperi\u00e4, kun toinen nainen tulee h\u00e4iritsem\u00e4\u00e4n.\" loading=\"lazy\" \/>            <\/p>\n<p>\n            Kohtaus elokuvasta, jossa Irwin ja Kirsin esitt\u00e4m\u00e4 nainen pelaavat flipperi\u00e4, kun toinen nainen tulee h\u00e4iritsem\u00e4\u00e4n.<br \/>\n            Kuvakaappaus elokuvasta\n        <\/p>\n<p> Kirsi intoutuu <\/p>\n<p class=\"article-content article-content-width !bg-background\">Katso tapasi Kirsin JouluMielelle-hyv\u00e4ntekev\u00e4isyyskonsertin pressitilaisuudessa.<\/p>\n<p class=\"article-content article-content-width !bg-background\">H\u00e4n innostuikin silminn\u00e4hden toden teolla, kun puheeksi tuli h\u00e4nen elokuvaroolinsa.<\/p>\n<p>        <a itemprop=\"url\" href=\"https:\/\/www.seiska.fi\/kotimaa\/pari-sydamenlyontia-jai-valista-leo-freeman-friman-muistelee-kohtaamistaan-irwin-goodmanin-kanssa-kuumottava-hetki-musiikkiliikkeessa-ei-unohdu\/1800910\" rel=\"nofollow noopener\" target=\"_blank\"><\/p>\n<p class=\"section-date\">\n        <strong class=\"article-section\" data-section=\"kotimaa\"><br \/>\n            kotimaa<br \/>\n        <\/strong><br \/>\n        6.7.2021 07:32\n    <\/p>\n<p>Pari syd\u00e4menly\u00f6nti\u00e4 j\u00e4i v\u00e4list\u00e4! Leo \u201dFreeman\u201d Friman muistelee kohtaamistaan Irwin Goodmanin kanssa: Kuumottava hetki musiikkiliikkeess\u00e4 ei unohdu\n    <\/p>\n<p>        <\/a><\/p>\n<p class=\"article-content article-content-width !bg-background\">\u2013 Minullahan oli siin\u00e4 ihan vallan joku puherooli, Kirsi intoutuu muistelemaan 25 vuoden takaista roolisuoritustaan.<\/p>\n<p class=\"article-content article-content-width !bg-background\">\u2013 Se on minun ensimm\u00e4inen ja viimeinen elokuvaroolini.<\/p>\n<p>                <img decoding=\"async\" src=\"https:\/\/www.europesays.com\/fi\/wp-content\/uploads\/2025\/12\/2012927.webp\" width=\"576\" height=\"322\" alt=\"Ernest Lawson ei ollut tietoinen Kirsin elokuvaurasta.\" loading=\"lazy\" \/>            <\/p>\n<p>\n            Ernest Lawson ei ollut tietoinen Kirsin elokuvaurasta.<br \/>\n            Matti Matikainen\n        <\/p>\n<p>&#8221;Nainen Irwinin kyydiss\u00e4\u201d <\/p>\n<p class=\"article-content article-content-width !bg-background\">Vieress\u00e4 ollut  ihmettelee, miksi Kirsi sanoi roolin olevan h\u00e4nen viimeinen.<\/p>\n<p class=\"article-content article-content-width !bg-background\">\u2013 Niin siis t\u00e4h\u00e4n menness\u00e4 viimeinen, molemmat hupailevat yhteen \u00e4\u00e4neen.<\/p>\n<p class=\"article-content article-content-width !bg-background\">\u2013 No ei ole tullut soittoa.<\/p>\n<p class=\"article-content article-content-width !bg-background\">Lopuksi Kirsi ihmettelee ja kiittelee Katson toimittajaa siit\u00e4, ett\u00e4 t\u00e4m\u00e4 on tunnistanut h\u00e4net elokuvasta.<\/p>\n<p class=\"article-content article-content-width !bg-background\">Lopputeksteiss\u00e4 komeilee Kirsi Alm ja roolinimen\u00e4 \u201dnainen Irwinin kyydiss\u00e4\u201d.<\/p>\n","protected":false},"excerpt":{"rendered":"Matti Matikainen, Adobe Stock Kirsi Alm-Siira intoutuu muistelemaan &#8221;ensimm\u00e4ist\u00e4 ja viimeist\u00e4&#8221; elokuvarooliaan. on tuonut p\u00e4iv\u00e4n polttavimmat uutiset kansalaisten&hellip;\n","protected":false},"author":2,"featured_media":111539,"comment_status":"","ping_status":"","sticky":false,"template":"","format":"standard","meta":{"footnotes":""},"categories":[136],"tags":[407,20674,137,33,31,30,12693,408,7842,12692,32,4344,109],"class_list":{"0":"post-111538","1":"post","2":"type-post","3":"status-publish","4":"format-standard","5":"has-post-thumbnail","7":"category-julkkikset","8":"tag-celebrities","9":"tag-elokuvarooli","10":"tag-entertainment","11":"tag-fi","12":"tag-finland","13":"tag-finnish","14":"tag-irwin-goodman","15":"tag-julkkikset","16":"tag-kirsi-alm-siira","17":"tag-rentun-ruusu","18":"tag-suomi","19":"tag-timo-koivusalo","20":"tag-viihde"},"share_on_mastodon":{"url":"https:\/\/pubeurope.com\/@fi\/115688264690686413","error":""},"_links":{"self":[{"href":"https:\/\/www.europesays.com\/fi\/wp-json\/wp\/v2\/posts\/111538","targetHints":{"allow":["GET"]}}],"collection":[{"href":"https:\/\/www.europesays.com\/fi\/wp-json\/wp\/v2\/posts"}],"about":[{"href":"https:\/\/www.europesays.com\/fi\/wp-json\/wp\/v2\/types\/post"}],"author":[{"embeddable":true,"href":"https:\/\/www.europesays.com\/fi\/wp-json\/wp\/v2\/users\/2"}],"replies":[{"embeddable":true,"href":"https:\/\/www.europesays.com\/fi\/wp-json\/wp\/v2\/comments?post=111538"}],"version-history":[{"count":0,"href":"https:\/\/www.europesays.com\/fi\/wp-json\/wp\/v2\/posts\/111538\/revisions"}],"wp:featuredmedia":[{"embeddable":true,"href":"https:\/\/www.europesays.com\/fi\/wp-json\/wp\/v2\/media\/111539"}],"wp:attachment":[{"href":"https:\/\/www.europesays.com\/fi\/wp-json\/wp\/v2\/media?parent=111538"}],"wp:term":[{"taxonomy":"category","embeddable":true,"href":"https:\/\/www.europesays.com\/fi\/wp-json\/wp\/v2\/categories?post=111538"},{"taxonomy":"post_tag","embeddable":true,"href":"https:\/\/www.europesays.com\/fi\/wp-json\/wp\/v2\/tags?post=111538"}],"curies":[{"name":"wp","href":"https:\/\/api.w.org\/{rel}","templated":true}]}}