{"id":111544,"date":"2025-12-09T06:52:07","date_gmt":"2025-12-09T06:52:07","guid":{"rendered":"https:\/\/www.europesays.com\/fi\/111544\/"},"modified":"2025-12-09T06:52:07","modified_gmt":"2025-12-09T06:52:07","slug":"alexander-stubb-pyyteli-anteeksi-sami-valimaen-vaimolta","status":"publish","type":"post","link":"https:\/\/www.europesays.com\/fi\/111544\/","title":{"rendered":"Alexander Stubb pyyteli anteeksi Sami V\u00e4lim\u00e4en vaimolta"},"content":{"rendered":"<p>Golfaaja Sami V\u00e4lim\u00e4ki edusti ensimm\u00e4ist\u00e4 kertaa Linnan juhlissa itsen\u00e4isyysp\u00e4iv\u00e4n\u00e4.<\/p>\n<p class=\"article-body mb-nof-24 px-nof-16\">Aamulehti<\/p>\n<p class=\"article-body mb-nof-24 px-nof-16\">Golft\u00e4hti <a class=\"article-personlink\" href=\"https:\/\/www.aamulehti.fi\/haku\/?query=Sami%20V%C3%A4lim%C3%A4en\" rel=\"nofollow noopener\" target=\"_blank\">Sami V\u00e4lim\u00e4en<\/a> viime viikot ovat olleet juhlan t\u00e4yteisi\u00e4. Nokialaisl\u00e4ht\u00f6inen V\u00e4lim\u00e4ki nappasi pari viikkoa sitten ensimm\u00e4isen\u00e4 suomalaisena voiton golfin PGA-kiertueella, kun h\u00e4n oli ykk\u00f6nen kiertueen kauden p\u00e4\u00e4t\u00f6skilpailussa Pohjois-Carolinassa. Lauantain itsen\u00e4isyysp\u00e4iv\u00e4n\u00e4 V\u00e4lim\u00e4ki edusti ensimm\u00e4ist\u00e4 kertaa Linnan juhlissa tasavallan presidentin <a class=\"article-personlink\" href=\"https:\/\/www.aamulehti.fi\/haku\/?query=Alexander%20Stubbin\" rel=\"nofollow noopener\" target=\"_blank\">Alexander Stubbin<\/a> kutsumana.<\/p>\n<p class=\"article-body mb-nof-24 px-nof-16\">Lue lis\u00e4\u00e4: <a class=\"article-genericlink\" href=\"https:\/\/www.aamulehti.fi\/urheilu\/art-2000011646096.html\" rel=\"nofollow noopener\" target=\"_blank\">Sami V\u00e4lim\u00e4ki herkistyi suurvoiton j\u00e4lkeen \u2013 \u201dSiksi tunteet tulivat pintaan\u201d<\/a><\/p>\n<p class=\"article-body mb-nof-24 px-nof-16\">V\u00e4lim\u00e4ki k\u00e4veli k\u00e4ttelyyn puolisonsa <a class=\"article-personlink\" href=\"https:\/\/www.aamulehti.fi\/haku\/?query=Emilia%20V%C3%A4lim%C3%A4en\" rel=\"nofollow noopener\" target=\"_blank\">Emilia V\u00e4lim\u00e4en<\/a> kanssa ja vaihtoi muutaman sanan Stubbin kanssa. V\u00e4lim\u00e4ki paljasti juttutuokion sis\u00e4ll\u00f6n <a class=\"article-genericlink\" href=\"https:\/\/yle.fi\/a\/74-20198356\" rel=\"nofollow noopener\" target=\"_blank\">Ylen<\/a> haastattelussa Rukalla, jonne kiiruhti lomailemaan sunnuntaina.<\/p>\n<p class=\"article-body mb-nof-24 px-nof-16\">\u201dStubb pahoitteli, ett\u00e4 kutsu juhliin tuli v\u00e4h\u00e4n kiireell\u00e4. H\u00e4n pyysi anteeksi vaimoltani, ett\u00e4 joutui n\u00e4in nopeasti hommaamaan puvun. Ei mit\u00e4\u00e4n. Oli oikein mukavaa\u201d, V\u00e4lim\u00e4ki sanoi Ylelle.<\/p>\n<p class=\"article-body mb-nof-24 px-nof-16\">V\u00e4lim\u00e4ki kertoi aiemmin <a class=\"article-genericlink\" href=\"https:\/\/golfpiste.com\/ajankohtaista\/kun-sami-valimaki-nosti-kannua-pga-tourilla-kohta-soi-puhelin-se-oli-kutsu-linnan-juhliin\/\" rel=\"nofollow noopener\" target=\"_blank\">Golfpisteelle<\/a> saaneensa kutsun Linnan juhliin puhelimitse voittoisan kilpailun j\u00e4lkeen.<\/p>\n<p class=\"article-body mb-nof-24 px-nof-16\">V\u00e4lim\u00e4ki kuvaili Ylell\u00e4 juhlia mahtaviksi bileiksi. Tasavallan presidentin k\u00e4tteleminen oli golfarin mielest\u00e4 hienoa. Suurvoittoaan V\u00e4lim\u00e4ki oli p\u00e4\u00e4ssyt jo juhlimaan Suomessa kavereidensa kanssa.<\/p>\n<p class=\"article-body mb-nof-24 px-nof-16\">\u201dOn se makeaa, ett\u00e4 nyt se voitto on hoidettu. Toivottavasti saadaan niit\u00e4 ensi kaudella lis\u00e4\u00e4.\u201d<\/p>\n","protected":false},"excerpt":{"rendered":"Golfaaja Sami V\u00e4lim\u00e4ki edusti ensimm\u00e4ist\u00e4 kertaa Linnan juhlissa itsen\u00e4isyysp\u00e4iv\u00e4n\u00e4. Aamulehti Golft\u00e4hti Sami V\u00e4lim\u00e4en viime viikot ovat olleet juhlan&hellip;\n","protected":false},"author":2,"featured_media":111545,"comment_status":"","ping_status":"","sticky":false,"template":"","format":"standard","meta":{"footnotes":""},"categories":[158],"tags":[157,33,31,30,159,32,160],"class_list":{"0":"post-111544","1":"post","2":"type-post","3":"status-publish","4":"format-standard","5":"has-post-thumbnail","7":"category-urheilu","8":"tag-aamulehti","9":"tag-fi","10":"tag-finland","11":"tag-finnish","12":"tag-sports","13":"tag-suomi","14":"tag-urheilu"},"share_on_mastodon":{"url":"https:\/\/pubeurope.com\/@fi\/115688292033023079","error":""},"_links":{"self":[{"href":"https:\/\/www.europesays.com\/fi\/wp-json\/wp\/v2\/posts\/111544","targetHints":{"allow":["GET"]}}],"collection":[{"href":"https:\/\/www.europesays.com\/fi\/wp-json\/wp\/v2\/posts"}],"about":[{"href":"https:\/\/www.europesays.com\/fi\/wp-json\/wp\/v2\/types\/post"}],"author":[{"embeddable":true,"href":"https:\/\/www.europesays.com\/fi\/wp-json\/wp\/v2\/users\/2"}],"replies":[{"embeddable":true,"href":"https:\/\/www.europesays.com\/fi\/wp-json\/wp\/v2\/comments?post=111544"}],"version-history":[{"count":0,"href":"https:\/\/www.europesays.com\/fi\/wp-json\/wp\/v2\/posts\/111544\/revisions"}],"wp:featuredmedia":[{"embeddable":true,"href":"https:\/\/www.europesays.com\/fi\/wp-json\/wp\/v2\/media\/111545"}],"wp:attachment":[{"href":"https:\/\/www.europesays.com\/fi\/wp-json\/wp\/v2\/media?parent=111544"}],"wp:term":[{"taxonomy":"category","embeddable":true,"href":"https:\/\/www.europesays.com\/fi\/wp-json\/wp\/v2\/categories?post=111544"},{"taxonomy":"post_tag","embeddable":true,"href":"https:\/\/www.europesays.com\/fi\/wp-json\/wp\/v2\/tags?post=111544"}],"curies":[{"name":"wp","href":"https:\/\/api.w.org\/{rel}","templated":true}]}}