{"id":111546,"date":"2025-12-09T06:53:10","date_gmt":"2025-12-09T06:53:10","guid":{"rendered":"https:\/\/www.europesays.com\/fi\/111546\/"},"modified":"2025-12-09T06:53:10","modified_gmt":"2025-12-09T06:53:10","slug":"miss-suomi-2025-sarah-dzafcen-rasismikohu-sunneva-sjogren-kommentoi-tilannetta","status":"publish","type":"post","link":"https:\/\/www.europesays.com\/fi\/111546\/","title":{"rendered":"Miss Suomi 2025 Sarah Dzafcen rasismikohu: Sunneva Sj\u00f6gren kommentoi tilannetta"},"content":{"rendered":"<p>            ATTE KAJOVA\n        <\/p>\n<p class=\"subtitle \">Sarah Dzafcen tilanne kuohuttaa edelleen.<\/p>\n<p class=\"article-content article-content-width !bg-background\">Miss Suomi 2025\u00a0on ajautunut myrskyisiin vesiin viime p\u00e4ivien liikkeidens\u00e4 takia.<\/p>\n<p class=\"font-weight-bold m-font-weight-bold article-content article-content-width !bg-background\">Arkistovideo: Noora Hautakankaalta raju tilitys missikiertueesta kirjassa<\/p>\n<p class=\"article-content article-content-width !bg-background\">Rasistisiksi leimattujen kuvien julki vuotamisesta alkunsa saanut kohu on johtanut pisteeseen, jossa missiorganisaation keulakuva, Finnartist Oy:n toimitusjohtaja\u00a0on kommentoinut tilannetta julkisesti.<\/p>\n<p class=\"article-content article-content-width !bg-background\">Missiemon kirjoittama tiedote julkaistiin virallisella Miss Finland -Instagram-tilill\u00e4 my\u00f6h\u00e4\u00e4n maanantai-iltana (8.12.). Julkaisun alussa kirjoituksessa muistutetaan siit\u00e4, kuinka &#8221;rakkaus, vastuu ja kasvu kulkevat aina yhdess\u00e4&#8221;.<\/p>\n<p class=\"article-content article-content-width !bg-background\">\u2013\u00a0N\u00e4kyvyys tuo mukanaan vastuun. Samalla muistutamme lempe\u00e4sti: me kaikki olemme keskener\u00e4isi\u00e4. Me kaikki teemme virheit\u00e4 ja silti me kaikki ansaitsemme mahdollisuuden kasvaa,\u00a0Sunneva muistuttaa.<\/p>\n<p class=\"article-content article-content-width !bg-background\">Miss Suomelle tuen antavan tunnustuksen per\u00e4\u00e4n kirjoituksessa tuodaan silti esille missiorganisaation n\u00e4kemys tilanteesta.<\/p>\n<p class=\"article-content article-content-width !bg-background\">\u2013\u00a0Olemme vilpitt\u00f6m\u00e4sti pahoillamme Miss Suomen aiheuttamasta mielipahasta ja ep\u00e4asiallisesta k\u00e4yt\u00f6ksest\u00e4. Se ei ole arvojemme mukaista eik\u00e4 koskaan tarkoituksemme.<\/p>\n<p>        <a itemprop=\"url\" href=\"https:\/\/www.seiska.fi\/kotimaa\/miss-suomi-sarah-dzafcesta-kohukuva-julki\/2008484\" rel=\"nofollow noopener\" target=\"_blank\"><\/p>\n<p>\nMiss Suomi Sarah Dzafce:\n<\/p>\n<p class=\"section-date\">\n        <strong class=\"article-section\" data-section=\"kotimaa\"><br \/>\n            kotimaa<br \/>\n        <\/strong><br \/>\n        1.12. 19:30\n    <\/p>\n<p>Miss Suomi Sarah Dzafcesta kohukuva julki\n    <\/p>\n<p itemprop=\"description\" class=\"subtitle \">\n    Sarah Dzafcen toiminta sai sosiaalisen median reagoimaan. H\u00e4n kertoo, mist\u00e4 on kyse.\n<\/p>\n<p>        <\/a><\/p>\n<p>Rasismikohu uusilla kierroksilla<\/p>\n<p class=\"article-content article-content-width !bg-background\">Sunneva kertoo, ett\u00e4 asia on k\u00e4sitelty vakavasti, ja ett\u00e4 k\u00e4sittelyyn sis\u00e4ltyy Sarahin maanantaina julkaisema anteeksipyynt\u00f6. Anteeksipyynt\u00f6\u00e4 ja anteeksi antamista missiorganisaatiot pit\u00e4v\u00e4t Sunnevan mukaan t\u00e4rke\u00e4n\u00e4, vaikka ne eiv\u00e4t poistakaan tapahtunutta.<\/p>\n<p class=\"article-content article-content-width !bg-background\">\u2013\u00a0Ymm\u00e4rr\u00e4mme loukkaantumisen sek\u00e4 pettymyksen, ja kannamme vastun. Samalla uskomme vahvasti siihen, ett\u00e4 maailma ei muutu kivitt\u00e4m\u00e4ll\u00e4, vaan rakentamalla, rakkaudella ja teoilla.<\/p>\n<p class=\"article-content article-content-width !bg-background\">Kuten Sarahin maanantaisessa julkaisussa, Sunnevankaan kirjoituksessa ei tarkemmin m\u00e4\u00e4ritell\u00e4, mit\u00e4 anteeksipyynt\u00f6 koskee.<\/p>\n<p class=\"article-content article-content-width !bg-background\">Asiaa kommentoidaan runsaasti julkaisun kommenttikent\u00e4ss\u00e4. Moni kiitt\u00e4\u00e4 Sunnevaa ulostulosta esimerkiksi syd\u00e4nemojilla, kun toiset taas pyyt\u00e4v\u00e4t tarkennuksia meneill\u00e4\u00e4n olevaan tilanteeseen.<\/p>\n<p class=\"article-content article-content-width !bg-background\">Sarahin ymp\u00e4rill\u00e4 on kuohunut siit\u00e4 l\u00e4htien, kun <a href=\"https:\/\/www.seiska.fi\/kotimaa\/nyt-puhuu-kohun-aiheuttanut-miss-suomi-sarah-dzafce\/2015036\" target=\"_blank\" rel=\"nofollow noopener\">h\u00e4nen yst\u00e4v\u00e4ns\u00e4 yksityisesti jakamat kuvat<\/a> levisiv\u00e4t someen. Kuvista toisessa Sarah venytt\u00e4\u00e4 kasvojaan ja silmi\u00e4\u00e4n, ja eritoten niiden oheen lis\u00e4tyn tekstin my\u00f6t\u00e4 kuvista v\u00e4littyy rasistinen vaikutelma.<\/p>\n<p class=\"article-content article-content-width !bg-background\">Sunnevan julkaisun kommenteissa vahvistetaan, ett\u00e4 kyseess\u00e4 todella oli Sarahin kaverin jakama kuva.<\/p>\n<p>        <a itemprop=\"url\" href=\"https:\/\/www.seiska.fi\/kotimaa\/nyt-puhuu-kohun-aiheuttanut-miss-suomi-sarah-dzafce\/2015036\" rel=\"nofollow noopener\" target=\"_blank\"><\/p>\n<p>\nJoutui kohun keskelle\n<\/p>\n<p class=\"section-date\">\n        <strong class=\"article-section\" data-section=\"kotimaa\"><br \/>\n            kotimaa<br \/>\n        <\/strong><br \/>\n        8.12. 13:29\n    <\/p>\n<p>Nyt puhuu kohun aiheuttanut Miss Suomi Sarah Dzafce\n    <\/p>\n<p itemprop=\"description\" class=\"subtitle \">\n    Sarah julkaisi katuvaisen anteeksipyynn\u00f6n.\n<\/p>\n<p>        <\/a><\/p>\n<p>                <img decoding=\"async\" src=\"https:\/\/www.europesays.com\/fi\/wp-content\/uploads\/2025\/12\/2015789.webp\" width=\"576\" height=\"720\" alt=\"Miss Suomen kohu ei ota laantuakseen anteeksipyynn\u00f6st\u00e4 huolimatta.\" loading=\"lazy\" \/>            <\/p>\n<p>\n            Miss Suomen kohu ei ota laantuakseen anteeksipyynn\u00f6st\u00e4 huolimatta.<br \/>\n            Sarah Dzafce\n        <\/p>\n<p>Kansa tuohtui<\/p>\n<p class=\"article-content article-content-width !bg-background\">Viikonloppuna Sarah matkusti Dubaihin. My\u00f6s reissun ajankohta Suomen itsen\u00e4isyysp\u00e4iv\u00e4n\u00e4 aiheutti keskustelua, ja lopulta Sarah julkaisi my\u00f6s matkaltaan materiaalia, joka oli omiaan aiheuttamaan n\u00e4rk\u00e4styst\u00e4.<\/p>\n<p class=\"article-content article-content-width !bg-background\">\u2013\u00a0T\u00e4m\u00e4 on mielest\u00e4ni heikohko yritys pelastaa viimeisetkin maineen rippeet, jos niit\u00e4 en\u00e4\u00e4 on. Viel\u00e4 viime y\u00f6n\u00e4 lennettiin businessluokassa leuhkien, ja rasistisuudesta huomauttavat ihmiset olivat &#8221;vihaajia&#8221;,\u00a0tilitet\u00e4\u00e4n er\u00e4\u00e4ss\u00e4 kommentissa Instagramissa.<\/p>\n<p class=\"article-content article-content-width !bg-background\">Missiorganisaatio on vastannut moniin kommentteihin todeten, ett\u00e4 tilanne on k\u00e4sitelty Miss Suomen kanssa, ja ett\u00e4 h\u00e4nen toimintaansa tarkkaillaan yh\u00e4.<\/p>\n<p class=\"article-content article-content-width !bg-background\">Kommenteissa kysell\u00e4\u00e4n jopa perusteita sille, ett\u00e4 kruunu siirtyisi perint\u00f6prinsessalle. Missiorganisaatio ei vastaa kysymykseen suoraan.<\/p>\n<p class=\"article-content article-content-width !bg-background\">\u2013\u00a0Olemme p\u00e4\u00e4tt\u00e4neet antaa mahdollisuuden ja seuraamme tilannetta tarkasti. T\u00e4ss\u00e4 vaiheessa emme kommentoi yksityiskohtia enemp\u00e4\u00e4, vastauksessa todetaan.<\/p>\n<p>        <a itemprop=\"url\" href=\"https:\/\/www.seiska.fi\/kotimaa\/nyt-riitti-missipomolta-tiukka-ulostulo-mika-meita-aikuisia-ihmisia-vaivaa\/1990721\" rel=\"nofollow noopener\" target=\"_blank\"><\/p>\n<p>\nMissipomo jyr\u00e4ht\u00e4\u00e4\n<\/p>\n<p class=\"section-date\">\n        <strong class=\"article-section\" data-section=\"kotimaa\"><br \/>\n            kotimaa<br \/>\n        <\/strong><br \/>\n        12.11. 14:58\n    <\/p>\n<p>Nyt riitti! Missipomolta tiukka ulostulo: \u201dMik\u00e4 meit\u00e4 aikuisia ihmisi\u00e4 vaivaa?\u201d\n    <\/p>\n<p itemprop=\"description\" class=\"subtitle \">\n    Missikilpailuja ei sovi Sunneva Sj\u00f6grenin mielest\u00e4 v\u00e4h\u00e4tell\u00e4, sill\u00e4 kyse on paljon muustakin kuin kauniista hymyst\u00e4.\n<\/p>\n<p>        <\/a><\/p>\n","protected":false},"excerpt":{"rendered":"ATTE KAJOVA Sarah Dzafcen tilanne kuohuttaa edelleen. Miss Suomi 2025\u00a0on ajautunut myrskyisiin vesiin viime p\u00e4ivien liikkeidens\u00e4 takia. Arkistovideo:&hellip;\n","protected":false},"author":2,"featured_media":111547,"comment_status":"","ping_status":"","sticky":false,"template":"","format":"standard","meta":{"footnotes":""},"categories":[130],"tags":[137,33,31,30,3458,4839,11698,17847,32,109],"class_list":{"0":"post-111546","1":"post","2":"type-post","3":"status-publish","4":"format-standard","5":"has-post-thumbnail","7":"category-viihde","8":"tag-entertainment","9":"tag-fi","10":"tag-finland","11":"tag-finnish","12":"tag-miss-suomi","13":"tag-rasismi","14":"tag-sarah-dzafce","15":"tag-sunneva-sjogren","16":"tag-suomi","17":"tag-viihde"},"share_on_mastodon":{"url":"https:\/\/pubeurope.com\/@fi\/115688296131293301","error":""},"_links":{"self":[{"href":"https:\/\/www.europesays.com\/fi\/wp-json\/wp\/v2\/posts\/111546","targetHints":{"allow":["GET"]}}],"collection":[{"href":"https:\/\/www.europesays.com\/fi\/wp-json\/wp\/v2\/posts"}],"about":[{"href":"https:\/\/www.europesays.com\/fi\/wp-json\/wp\/v2\/types\/post"}],"author":[{"embeddable":true,"href":"https:\/\/www.europesays.com\/fi\/wp-json\/wp\/v2\/users\/2"}],"replies":[{"embeddable":true,"href":"https:\/\/www.europesays.com\/fi\/wp-json\/wp\/v2\/comments?post=111546"}],"version-history":[{"count":0,"href":"https:\/\/www.europesays.com\/fi\/wp-json\/wp\/v2\/posts\/111546\/revisions"}],"wp:featuredmedia":[{"embeddable":true,"href":"https:\/\/www.europesays.com\/fi\/wp-json\/wp\/v2\/media\/111547"}],"wp:attachment":[{"href":"https:\/\/www.europesays.com\/fi\/wp-json\/wp\/v2\/media?parent=111546"}],"wp:term":[{"taxonomy":"category","embeddable":true,"href":"https:\/\/www.europesays.com\/fi\/wp-json\/wp\/v2\/categories?post=111546"},{"taxonomy":"post_tag","embeddable":true,"href":"https:\/\/www.europesays.com\/fi\/wp-json\/wp\/v2\/tags?post=111546"}],"curies":[{"name":"wp","href":"https:\/\/api.w.org\/{rel}","templated":true}]}}