{"id":111556,"date":"2025-12-09T07:16:08","date_gmt":"2025-12-09T07:16:08","guid":{"rendered":"https:\/\/www.europesays.com\/fi\/111556\/"},"modified":"2025-12-09T07:16:08","modified_gmt":"2025-12-09T07:16:08","slug":"ethan-hawke-huomasi-kuolleiden-runoilijoiden-seuraa-tehdessa-ettei-robin-williamsilla-ollut-kaikki-hyvin-pinnan-alla-ollut-synkkyys-nakyi","status":"publish","type":"post","link":"https:\/\/www.europesays.com\/fi\/111556\/","title":{"rendered":"Ethan Hawke huomasi Kuolleiden runoilijoiden seuraa tehdess\u00e4, ettei Robin Williamsilla ollut kaikki hyvin: &#8221;Pinnan alla ollut synkkyys n\u00e4kyi&#8221;"},"content":{"rendered":"<p>Robin Williams elokuvassa Kuolleiden runoilijoiden seura  \/ Kuva: \u00a9 Touchstone Pictures \/ Yle<\/p>\n<p>Ethan Hawkelle veikataan Oscar-ehdokkuutta p\u00e4\u00e4osasta Richard Linklaterin Blue Moon -elokuvassa.<\/p>\n<p><a href=\"https:\/\/muropaketti.com\/avainsana\/ethan-hawke\/\" rel=\"nofollow noopener\" target=\"_blank\">Ethan Hawke<\/a> kertoo CBS-kanavan Sunday Morning -ohjelman haastattelussa huomanneensa jo vuoden 1989 Kuolleiden runoilijoiden seura -l\u00e4pimurtoelokuvansa kuvauksissa, ettei Robin Williamsilla ollut kaikki hyvin. <\/p>\n<p>Hawkelle veikataan Oscar-ehdokkuutta Blue Moon -elokuvan p\u00e4\u00e4osasta, joka on h\u00e4nen yhdeks\u00e4s elokuvansa ohjaaja Richard Linklaterin kanssa. Hawke on n\u00e4hty t\u00e4n\u00e4 vuonna my\u00f6s muun muassa mainiossa The Lowdown -sarjassa, joka saapuu meill\u00e4 pian Disney+:aan. Lis\u00e4ksi h\u00e4n palasi The Grabber -pahiksen rooliin The Black Phone 2 \u2013 kauhuelokuvassa.<\/p>\n<p>Hawke sanoo, ettei Williamsin kuolema vuonna 2014 ole muuttanut h\u00e4nen suhdettaan Kuolleiden runoilijen seuraan.<\/p>\n<p>\u201dOlin jo silloin tietoinen, ett\u00e4 Robin oli paljon muutakin kuin se loputtomalla energialla varustettu hauskuuttaja, jonka useimmat ihmiset n\u00e4kiv\u00e4t. Omassa suvussani on paljon masennuksesta k\u00e4rsivi\u00e4, ja Robinista huomasi pinnan alla olevan synkkyyden. H\u00e4n oli eritt\u00e4in tunteellinen ihminen. Yhten\u00e4 hetken\u00e4 h\u00e4n nauratti koko kuvausryhm\u00e4\u00e4 loputtomalla h\u00f6pin\u00e4ll\u00e4 ja improvisaatiolla, mutta hetken kuluttua l\u00f6ysin h\u00e4net hipihiljaisena pimeimm\u00e4st\u00e4 nurkasta, mahdollisimman piilossa kaikelta ymp\u00e4rill\u00e4 tapahtuvalta.\u201d<\/p>\n<p>Hawken Blue Moon -elokuvan saapumisesta Suomeen ei ole valitettavasti viel\u00e4k\u00e4\u00e4n tietoa.<\/p>\n","protected":false},"excerpt":{"rendered":"Robin Williams elokuvassa Kuolleiden runoilijoiden seura \/ Kuva: \u00a9 Touchstone Pictures \/ Yle Ethan Hawkelle veikataan Oscar-ehdokkuutta p\u00e4\u00e4osasta&hellip;\n","protected":false},"author":2,"featured_media":56731,"comment_status":"","ping_status":"","sticky":false,"template":"","format":"standard","meta":{"footnotes":""},"categories":[131],"tags":[20675,155,137,8381,33,173,31,30,172,13437,32,109],"class_list":{"0":"post-111556","1":"post","2":"type-post","3":"status-publish","4":"format-standard","5":"has-post-thumbnail","7":"category-elokuvat","8":"tag-blue-moon","9":"tag-elokuvat","10":"tag-entertainment","11":"tag-ethan-hawke","12":"tag-fi","13":"tag-film","14":"tag-finland","15":"tag-finnish","16":"tag-movies","17":"tag-robin-williams","18":"tag-suomi","19":"tag-viihde"},"share_on_mastodon":{"url":"https:\/\/pubeurope.com\/@fi\/115688386272660630","error":""},"_links":{"self":[{"href":"https:\/\/www.europesays.com\/fi\/wp-json\/wp\/v2\/posts\/111556","targetHints":{"allow":["GET"]}}],"collection":[{"href":"https:\/\/www.europesays.com\/fi\/wp-json\/wp\/v2\/posts"}],"about":[{"href":"https:\/\/www.europesays.com\/fi\/wp-json\/wp\/v2\/types\/post"}],"author":[{"embeddable":true,"href":"https:\/\/www.europesays.com\/fi\/wp-json\/wp\/v2\/users\/2"}],"replies":[{"embeddable":true,"href":"https:\/\/www.europesays.com\/fi\/wp-json\/wp\/v2\/comments?post=111556"}],"version-history":[{"count":0,"href":"https:\/\/www.europesays.com\/fi\/wp-json\/wp\/v2\/posts\/111556\/revisions"}],"wp:featuredmedia":[{"embeddable":true,"href":"https:\/\/www.europesays.com\/fi\/wp-json\/wp\/v2\/media\/56731"}],"wp:attachment":[{"href":"https:\/\/www.europesays.com\/fi\/wp-json\/wp\/v2\/media?parent=111556"}],"wp:term":[{"taxonomy":"category","embeddable":true,"href":"https:\/\/www.europesays.com\/fi\/wp-json\/wp\/v2\/categories?post=111556"},{"taxonomy":"post_tag","embeddable":true,"href":"https:\/\/www.europesays.com\/fi\/wp-json\/wp\/v2\/tags?post=111556"}],"curies":[{"name":"wp","href":"https:\/\/api.w.org\/{rel}","templated":true}]}}