{"id":111557,"date":"2025-12-09T07:18:07","date_gmt":"2025-12-09T07:18:07","guid":{"rendered":"https:\/\/www.europesays.com\/fi\/111557\/"},"modified":"2025-12-09T07:18:07","modified_gmt":"2025-12-09T07:18:07","slug":"leijonien-potentiaalinen-olympiapelaaja-istuu-koirankopissa-iltalehti","status":"publish","type":"post","link":"https:\/\/www.europesays.com\/fi\/111557\/","title":{"rendered":"Leijonien potentiaalinen olympiapelaaja istuu koirankopissa &#8211; Iltalehti"},"content":{"rendered":"<ol>\n<li><a href=\"https:\/\/news.google.com\/rss\/articles\/CBMidkFVX3lxTFAteFZCbTdUREJVLVNwQ1ZWTHQ1UXd3S0ZieXc0UUVOb1Q1UmtoRHJ0NXpVaEw0UFNteGx3WFpPczBxMndoM3NQY0U5WXhxYnZrNWc3YWxzTFpIaTByU2E5blFJVFFSRktlMXZFdl85Y2JzQTVZcHc?oc=5\" target=\"_blank\" rel=\"nofollow noopener\">Leijonien potentiaalinen olympiapelaaja istuu koirankopissa<\/a>&nbsp;&nbsp;Iltalehti<\/li>\n<li><a href=\"https:\/\/news.google.com\/rss\/articles\/CBMivgFBVV95cUxQdmhEN1pSQ1VMaXJSVlVFSDV2VmxhTGtJVVF6TmFRN1llcHVMdzNzYUdEczVZaHF1ZC1IdGRxWk8xMERyZ2J1cWkzS2g4Qm1oZlVLd2d3blR4bVdncDJPbkhRLWFZdTZCT0NLQ2daRk1aZXpHMVpNUHByLWVlaS1VUG5GVFp2Z3FpVUhSMy02VFZacTU4WnduREZObGVRbmc0NTRudFVtbll0N1RlMzE4LUNIdW9YWDRfMElLZkR3?oc=5\" target=\"_blank\" rel=\"nofollow noopener\">NHL:n suomalaistaituri taas tukalassa umpikujassa \u2013 jo viides ottelu katsomossa putkeen<\/a>&nbsp;&nbsp;mtvuutiset.fi<\/li>\n<li><a href=\"https:\/\/news.google.com\/rss\/articles\/CBMilwFBVV95cUxPNEtCSE84SWkyNnltRFhSNlRJWHJrMFZUTkZnWTdyT2tFeWl6bTIyZ2lZZ2JVQXA3Mmd0ZzR6WFg0YXBtODJxMmFvTzVLQ2Z3RGlxclA5Umo0ZUNMdmkxVEJsNU9DMWhHbFJnNVBXaTc5YzR4R3J6RGk0WVJGOERTWUM4VFpmckNsbGUyLTlsdXRSVU4zTFVF?oc=5\" target=\"_blank\" rel=\"nofollow noopener\">L\u00e4hde: Matias Maccellista on treidi valmiina \u2013 sinet\u00f6inti vaatii luovuutta<\/a>&nbsp;&nbsp;Atleetti.fi<\/li>\n<li><a href=\"https:\/\/news.google.com\/rss\/articles\/CBMiV0FVX3lxTFBfQ2txcmFBeGZFM1FhUzBKbW9lZFVlSEtWbmVSSkpuUHZkS2ZBd0tUaVg2NlBrbC1Jb0FRcWQ2Rm1FS2treDU0Vklha1dkQ2FmQTh1d3dTMA?oc=5\" target=\"_blank\" rel=\"nofollow noopener\">Valmentajalta tyly\u00e4 teksti\u00e4 Suomen NHL-t\u00e4hdest\u00e4<\/a>&nbsp;&nbsp;Ilta-Sanomat<\/li>\n<li><a href=\"https:\/\/news.google.com\/rss\/articles\/CBMilAFBVV95cUxNTzZVelNHOTVQV0o1emFQbVc4TUlQOUYweUNWUUNKRnYzR0hjWkxYX2tadU96LVdnbzdrMm53VDN2cHJaVmdoLTB0TU9fcUtKdmlKV2c3RWFJXzFlbnRxODl2VHlmMW9MRC1oQTZ3UG9mV1d0OGRyclN3TE5hcF9rcm1mUkstZHgyekV3S09RLUV6RXBI?oc=5\" target=\"_blank\" rel=\"nofollow noopener\">Matias Maccellin tilanne on surkea \u2013 \u201dPuljuj\u00e4rvi-syndrooma\u201d<\/a>&nbsp;&nbsp;Sportti.com<\/li>\n<\/ol>\n","protected":false},"excerpt":{"rendered":"Leijonien potentiaalinen olympiapelaaja istuu koirankopissa&nbsp;&nbsp;Iltalehti NHL:n suomalaistaituri taas tukalassa umpikujassa \u2013 jo viides ottelu katsomossa putkeen&nbsp;&nbsp;mtvuutiset.fi L\u00e4hde: Matias&hellip;\n","protected":false},"author":2,"featured_media":111558,"comment_status":"","ping_status":"","sticky":false,"template":"","format":"standard","meta":{"footnotes":""},"categories":[158],"tags":[35,1274,33,31,30,1143,41,1146,159,32,1145,160],"class_list":{"0":"post-111557","1":"post","2":"type-post","3":"status-publish","4":"format-standard","5":"has-post-thumbnail","7":"category-urheilu","8":"tag-24h","9":"tag-ammattiurheilu","10":"tag-fi","11":"tag-finland","12":"tag-finnish","13":"tag-jaakiekko","14":"tag-liikunta-ja-urheilu","15":"tag-miesten-jaakiekko","16":"tag-sports","17":"tag-suomi","18":"tag-talviurheilu","19":"tag-urheilu"},"share_on_mastodon":{"url":"https:\/\/pubeurope.com\/@fi\/115688394184283175","error":""},"_links":{"self":[{"href":"https:\/\/www.europesays.com\/fi\/wp-json\/wp\/v2\/posts\/111557","targetHints":{"allow":["GET"]}}],"collection":[{"href":"https:\/\/www.europesays.com\/fi\/wp-json\/wp\/v2\/posts"}],"about":[{"href":"https:\/\/www.europesays.com\/fi\/wp-json\/wp\/v2\/types\/post"}],"author":[{"embeddable":true,"href":"https:\/\/www.europesays.com\/fi\/wp-json\/wp\/v2\/users\/2"}],"replies":[{"embeddable":true,"href":"https:\/\/www.europesays.com\/fi\/wp-json\/wp\/v2\/comments?post=111557"}],"version-history":[{"count":0,"href":"https:\/\/www.europesays.com\/fi\/wp-json\/wp\/v2\/posts\/111557\/revisions"}],"wp:featuredmedia":[{"embeddable":true,"href":"https:\/\/www.europesays.com\/fi\/wp-json\/wp\/v2\/media\/111558"}],"wp:attachment":[{"href":"https:\/\/www.europesays.com\/fi\/wp-json\/wp\/v2\/media?parent=111557"}],"wp:term":[{"taxonomy":"category","embeddable":true,"href":"https:\/\/www.europesays.com\/fi\/wp-json\/wp\/v2\/categories?post=111557"},{"taxonomy":"post_tag","embeddable":true,"href":"https:\/\/www.europesays.com\/fi\/wp-json\/wp\/v2\/tags?post=111557"}],"curies":[{"name":"wp","href":"https:\/\/api.w.org\/{rel}","templated":true}]}}