{"id":111559,"date":"2025-12-09T07:19:18","date_gmt":"2025-12-09T07:19:18","guid":{"rendered":"https:\/\/www.europesays.com\/fi\/111559\/"},"modified":"2025-12-09T07:19:18","modified_gmt":"2025-12-09T07:19:18","slug":"nayttelija-eila-roine-1931-2025-peloista-selviaa-vain-menemalla-niiden-lapi","status":"publish","type":"post","link":"https:\/\/www.europesays.com\/fi\/111559\/","title":{"rendered":"N\u00e4yttelij\u00e4 Eila Roine (1931\u20132025) \u2013 Peloista selvi\u00e4\u00e4 vain menem\u00e4ll\u00e4 niiden l\u00e4pi"},"content":{"rendered":"<p class=\"p1\">N\u00e4yttelij\u00e4 el\u00e4\u00e4 monta el\u00e4m\u00e4\u00e4.<\/p>\n<p class=\"p1\">Roolit ovat valtava mielenmaisema, jossa persoonat, aikakaudet ja paikat vaihtuvat.<\/p>\n<p class=\"p1\"><b>Eila Roine<\/b> (1931\u20132025) sai toteutua ammatissaan kahdeksalla vuosikymmenell\u00e4. Se on melkein koko el\u00e4m\u00e4.<\/p>\n<p class=\"p1\">Nelivuotias Eila istui jakkaralla Turun Raunistulassa mummolassa ja kuunteli kun Manti-mamman vanhat vieraat juttelivat.<\/p>\n<p class=\"p1\">H\u00e4n imi tarinoita ja tajusi, miten vanhat luovat nuoruutensa uudestaan. T\u00e4t\u00e4 on draama, repliikkej\u00e4 ja el\u00e4ytymist\u00e4.<\/p>\n<p class=\"p1\">Kouluik\u00e4isen\u00e4 h\u00e4n jo osasi itsekin huvittaa muita matkimalla opettajia ja pyydyst\u00e4m\u00e4ll\u00e4 kuvitteellisia kirppuja.<\/p>\n<p class=\"p1\">Kun Tampereen Tytt\u00f6lyseon todistus oli v\u00e4ltt\u00e4vien ja tyydytt\u00e4vien t\u00e4ytt\u00e4m\u00e4 paperi, niin is\u00e4 <b>Eero<\/b> kuin tyt\u00e4r tiesiv\u00e4t, ett\u00e4 teatterissa voi ylt\u00e4\u00e4 parempaan.<\/p>\n<p class=\"p1\"><b>Eino Salmelaine<\/b>n otti 18-vuotiaan Eilan kouluunsa Tampereen Ty\u00f6v\u00e4en Teatterissa.<\/p>\n<p class=\"p1\">Eilaa pelotti niin, ett\u00e4 vapisi. Mutta oppilaasta kouliutui niin hyv\u00e4, ettei maestro halunnut p\u00e4\u00e4st\u00e4\u00e4 h\u00e4nt\u00e4 en\u00e4\u00e4 pois.<\/p>\n<p class=\"p1\">TTT:ss\u00e4 Eila Roine n\u00e4yttelikin seuraavat 45 vuotta.<\/p>\n<p class=\"p1\" style=\"text-align: center;\">* *<\/p>\n<p class=\"p1\">Koska Eila ei ollut n\u00e4yttelij\u00e4n\u00e4 sapluunaan menev\u00e4\u00e4 sorttia, lopputulos oli parhaimmillaan pelkistetty, aito ja el\u00e4v\u00e4\u00e4 el\u00e4m\u00e4\u00e4. Eilan t\u00f6iss\u00e4 kohtasivat karhea ja hell\u00e4.<\/p>\n<p class=\"p1\">Kun Eila oli jo el\u00e4kkeell\u00e4, tuli <b>Jouko Turkka<\/b> ja halusi h\u00e4net uuden Rakkaita pettymyksi\u00e4 rakkaudessa -n\u00e4ytelm\u00e4ns\u00e4 Madamen rooliin vuonna 1995. Parin kuukauden harjoitusjaksolla n\u00e4yttelij\u00e4 laihtui kymmenen kiloa, sen verran ty\u00f6 stressasi. K\u00e4sikirjoitusta muovattiin, lyhennettiin ja veivattiin ensi-iltaan saakka, ohjaaja piinasi ja jynss\u00e4si pois n\u00e4yttelij\u00f6iden maneereja.<\/p>\n<p class=\"p1\">Koko Tampere tuntui kuohuvan, kun Turkka haki revanssia hassuina ep\u00e4onnistumisina pidetyille tv-ohjauksilleen Kiimaiset poliisit ja Seitsem\u00e4n veljest\u00e4.<\/p>\n<p class=\"p1\">Rakkaista pettymyksist\u00e4 tulikin kolme vuotta t\u00e4ysille katsomoille vuodatettu menestys.<\/p>\n<p class=\"p1\">Teatterikes\u00e4n esitykseen valmistautuessa Turkka jatkoi piinaamistaan, mutta kun lopputulos oli kymppiplus ja nosti ulkomaiset kriitikotkin hurmioon, ohjaaja asettui teatterin k\u00e4yt\u00e4v\u00e4lle pitk\u00e4kseen ja pyysi Eilaa k\u00e4velem\u00e4\u00e4n ylitseen.<\/p>\n<p class=\"p1\">\u201dKiitollinenhan m\u00e4 olen Turkalle. Se teki mahdottoman hyv\u00e4\u00e4 mulle\u201d, mietti Eila haastattelussa j\u00e4lkeenp\u00e4in.<\/p>\n<p class=\"p1\">\u00c4mm\u00e4- ja muorirooleja h\u00e4n oli tehnyt tarpeeksi. Suomalainen karnevalismi n\u00e4ytt\u00e4m\u00f6ll\u00e4 oli uusi haaste ja rooli, nuoreen filosofiin rakastuva ik\u00e4nainen outo ja ihmeellinen.<\/p>\n<p class=\"p1\" style=\"text-align: center;\">* *<\/p>\n<p class=\"p1\">Peloista selvi\u00e4\u00e4 vain menem\u00e4ll\u00e4 asioiden l\u00e4pi, t\u00e4m\u00e4 oli Eila Roineen yksi el\u00e4m\u00e4nviisauksista.<\/p>\n<p class=\"p1\">Ei kannattanut pel\u00e4t\u00e4 ohjaajia, ei el\u00e4m\u00e4\u00e4, ei kuolemaa.<\/p>\n<p class=\"p1\">Kun perheen esikoinen <b>Tommi Petteri <\/b>joutui Lastenklinikalle vuonna 1956, el\u00e4m\u00e4n odotus vaihtui kuoleman odotukseen. Nuori \u00e4iti askelsi kes\u00e4p\u00e4ivien tuskaa kuumalla asvaltilla. Ilman sappitiehyeit\u00e4 syntynyt pienokainen menehtyi vain puolen vuoden ik\u00e4isen\u00e4.<\/p>\n<p class=\"p1\">Puoliso, ohjaaja <b>Vili Auvinen<\/b> joutui sairaalaan kes\u00e4ll\u00e4 1996 pudottuaan Ihamaniemen m\u00f6kin katolta.<\/p>\n<p class=\"p1\">Viikkojen tajuttomuuden j\u00e4lkeen h\u00e4n menehtyi, hetke\u00e4 ennen Teatterikes\u00e4\u00e4. Kun Eilalta kysyttiin, perutaanko esitykset, vastaus oli: ei tietenk\u00e4\u00e4n.<\/p>\n<p class=\"p1\">Vili oli pit\u00e4nyt Turkan n\u00e4ytelm\u00e4st\u00e4 ja olisi heitt\u00e4nyt kuuman kiven Eilan p\u00e4\u00e4h\u00e4n, jos esitykset olisi peruttu, oli Eilan vankka mielipide.<\/p>\n<p class=\"p1\">N\u00e4ytt\u00e4m\u00f6 oli turvapaikka siviiliel\u00e4m\u00e4n koettelemuksissa.<\/p>\n<p><img fetchpriority=\"high\" decoding=\"async\" aria-describedby=\"caption-attachment-110734\" class=\"wp-image-110734 size-full\" src=\"https:\/\/www.europesays.com\/fi\/wp-content\/uploads\/2025\/12\/Eila_Roine_1961_599_61_252_2.jpeg\" alt=\"Eila Roine 1961 599 61 252 2\" width=\"960\" height=\"1378\"  \/><\/p>\n<p id=\"caption-attachment-110734\" class=\"wp-caption-text\">Eila Roine vuonna 1961. Kuva: Finna<\/p>\n<p class=\"p1\" style=\"text-align: center;\">* *<\/p>\n<p class=\"p1\">Aikansa reality Heikki ja Kaija piti suomalaiset televisionkatsojat valppaina 1961\u20131971. Se oli draamaa, mutta moni sekoitti H\u00e4rm\u00e4l\u00e4n omakotitalossa asuvan Heikin ja Kaijan Vili Auviseen ja Eila Roineeseen.<\/p>\n<p class=\"p1\">Lomamatkalla perhett\u00e4 saattoi yht\u00e4kki\u00e4 ymp\u00e4r\u00f6id\u00e4 bussista purkautuva ihmislauma. Ymm\u00e4rt\u00e4\u00e4h\u00e4n tuon, kun kolmannen pojan <b>Jannen<\/b> risti\u00e4iset oli televisioitu suorana vuonna 1965 osana sarjaa.<\/p>\n<p class=\"p1\">Eilasta tuli koko Suomen mummi Pikku Kakkosessa vuonna 1996.<\/p>\n<p class=\"p1\">Vara-isovanhemmuutta kesti kaikkiaan kuusitoista vuotta.<\/p>\n<p class=\"p1\">Eila kertoi kerran viikossa satuja ja tarinoi my\u00f6s omasta el\u00e4m\u00e4st\u00e4\u00e4n. Ruudun l\u00e4pi paistoi tosi ja tavallinen, luotettava ja l\u00e4mmin ihminen. Lapset ottivat Eila-mummin ojennukset paremmin vastaan kuin vanhempien.<\/p>\n<p class=\"p1\">Ja h\u00e4n rakasti lapsia aidosti verrattuna Markus-set\u00e4\u00e4n, jonka mairean ulosannin takana oli kyll\u00e4stynyt radiopersoona.<\/p>\n<p class=\"p1\" style=\"text-align: center;\">* *<\/p>\n<p class=\"p1\">Eila Roine oli Tampereen \u00e4\u00e4ni ja kasvot. El\u00e4m\u00e4ntaivaltaan h\u00e4n ehti purkaa kymmeniin haastatteluihin ja useihin kirjoihin, viimeisimp\u00e4n\u00e4 <b>Antti Heikkisen<\/b> teos Eila Roine (Otava, 2023).<\/p>\n<p class=\"p1\">Kun tarvittiin napakkaa vastausta milloin mihinkin suureen kysymykseen, soitettiin Eilalle.<\/p>\n<p class=\"p1\">Eila oli tervetullut puhuja monen lajin p\u00e4iv\u00e4piireiss\u00e4, gerberapalkalla, kuten h\u00e4n itse nauroi.<\/p>\n<p class=\"p1\">Ojakadun teatterihistoriaa tihkuvassa kodissa Eila eli itsen\u00e4ist\u00e4 el\u00e4m\u00e4\u00e4 l\u00e4hes 90-vuotiaaksi. Aivoinfarkti ja siit\u00e4 toipuminen veiv\u00e4t h\u00e4net asumaan Viola-kotiin.<\/p>\n<p class=\"p1\">Ter\u00e4v\u00e4 Eila ei oikein l\u00f6yt\u00e4nyt seuraa muista ryhm\u00e4kodin asukkaista.<\/p>\n<p class=\"p1\" style=\"text-align: center;\">* *<\/p>\n<p class=\"p1\">Kun haastattelin Eila Roinetta tietokirjaani Mik\u00e4 rooli? N\u00e4yttelij\u00e4 Tampereelta (Tampere-Seura, 2013), kohtasin poikkeuksellisen mutkattoman ja avuliaan ihmisen.<\/p>\n<p class=\"p1\">H\u00e4n todella halusi vastata monesti esitettyihin kysymyksiin v\u00e4h\u00e4n uuden n\u00e4k\u00f6kulman vastauksiin k\u00e4\u00e4nt\u00e4en, eloisalla sutkauksella kuorruttaen.<\/p>\n<p class=\"p1\">Puhuttiin my\u00f6s kuolemasta.<\/p>\n<p class=\"p1\">\u201dEn m\u00e4 ajattele, kuinka paljon t\u00e4t\u00e4 el\u00e4m\u00e4\u00e4 on viel\u00e4 j\u00e4ljell\u00e4. En ole sill\u00e4 tavalla ennakkosurija\u201d, h\u00e4n sanoi.<\/p>\n<p class=\"p1\">Lavalla h\u00e4n oli n\u00e4ytellyt juuri Grace ja Glorie -n\u00e4ytelm\u00e4n kuolemaa tekev\u00e4n Gracen roolin. Grace suhtautui maanl\u00e4heisesti l\u00e4ht\u00f6\u00f6ns\u00e4, kun h\u00e4nt\u00e4 hoitava Glorie koetti p\u00e4\u00e4st\u00e4 samaan aikaan yli oman lapsensa menetyksest\u00e4.<\/p>\n<p class=\"p1\">N\u00e4ytelm\u00e4 oli koko perheen projekti: <b>Tommi Auvinen<\/b> ohjasi, Janne Auvinen, TTT:n nykyinen toimitusjohtaja, suunnitteli valaistuksen ja Tommin puoliso <b>Teija Auvinen<\/b> n\u00e4ytteli Glorien roolin.<\/p>\n<p class=\"p1\">Tampereen Teatterin Frenckellin lavalla toteutettu n\u00e4ytelm\u00e4 kosketti ja puhutti. Moni kuoleman kanssa silm\u00e4kk\u00e4in joutunut katsoja pys\u00e4ytti Eilan kadulla ja halusi kiitt\u00e4\u00e4 roolista.<\/p>\n<p class=\"p1\">Grace ja Glorie auttoi puhumaan kuolemasta ja kevensi l\u00e4hd\u00f6n ajatuksen mykist\u00e4v\u00e4\u00e4 painoa.<\/p>\n<p class=\"p1\">Eila Roine sanoi kehutusta roolistaan itse n\u00e4in: lue teksti, ajattele ja sitten \u2013 lakkaa n\u00e4yttelem\u00e4st\u00e4.<\/p>\n<p class=\"p1\" style=\"text-align: center;\">* *<\/p>\n<p class=\"p1\">Eila Roine l\u00e4hti tuonilmaisiin 8. joulukuuta, joka on my\u00f6s <b>Jean Sibeliuksen<\/b> syntym\u00e4p\u00e4iv\u00e4 ja suomalaisen musiikin p\u00e4iv\u00e4.<\/p>\n<p class=\"p1\">Suurissa saleissa tai miksei kotoisasti kamarin sivustavedett\u00e4v\u00e4n p\u00e4\u00e4ll\u00e4 kohtaa nyt kaksi legendaa.<\/p>\n<p class=\"p1\">Eilalla on uteliaana ihmisen\u00e4 kysytt\u00e4v\u00e4\u00e4 yksinlauluista ja Puusarjasta ja tietysti Finlandiasta n\u00e4in itsen\u00e4isyysp\u00e4iv\u00e4n j\u00e4lkeen.<\/p>\n<p class=\"p1\">Jean ei oikein keksi mit\u00e4\u00e4n uutta sanottavaa, mutta nostaa sen sijaan polvellaan lepuuttamansa viulun leualleen ja soittaa konserttonsa.<\/p>\n<p class=\"p1\">\u201dSeh\u00e4n meni oikein hyvin, vaikkei susta viulistia tullutkaan\u201d, sanoo Eila ja katsoo maestroa l\u00e4mpim\u00e4sti silmiin.<\/p>\n<p class=\"p1\" style=\"text-align: right;\">Anne V\u00e4linoro <\/p>\n<p class=\"p1\" style=\"text-align: center;\">* *<\/p>\n","protected":false},"excerpt":{"rendered":"N\u00e4yttelij\u00e4 el\u00e4\u00e4 monta el\u00e4m\u00e4\u00e4. Roolit ovat valtava mielenmaisema, jossa persoonat, aikakaudet ja paikat vaihtuvat. Eila Roine (1931\u20132025) sai&hellip;\n","protected":false},"author":2,"featured_media":111560,"comment_status":"","ping_status":"","sticky":false,"template":"","format":"standard","meta":{"footnotes":""},"categories":[130],"tags":[20676,137,33,31,30,4021,1342,32,3336,109],"class_list":{"0":"post-111559","1":"post","2":"type-post","3":"status-publish","4":"format-standard","5":"has-post-thumbnail","7":"category-viihde","8":"tag-eila-roine","9":"tag-entertainment","10":"tag-fi","11":"tag-finland","12":"tag-finnish","13":"tag-muistokirjoitus","14":"tag-nayttelija","15":"tag-suomi","16":"tag-teatteri","17":"tag-viihde"},"share_on_mastodon":{"url":"https:\/\/pubeurope.com\/@fi\/115688398204961763","error":""},"_links":{"self":[{"href":"https:\/\/www.europesays.com\/fi\/wp-json\/wp\/v2\/posts\/111559","targetHints":{"allow":["GET"]}}],"collection":[{"href":"https:\/\/www.europesays.com\/fi\/wp-json\/wp\/v2\/posts"}],"about":[{"href":"https:\/\/www.europesays.com\/fi\/wp-json\/wp\/v2\/types\/post"}],"author":[{"embeddable":true,"href":"https:\/\/www.europesays.com\/fi\/wp-json\/wp\/v2\/users\/2"}],"replies":[{"embeddable":true,"href":"https:\/\/www.europesays.com\/fi\/wp-json\/wp\/v2\/comments?post=111559"}],"version-history":[{"count":0,"href":"https:\/\/www.europesays.com\/fi\/wp-json\/wp\/v2\/posts\/111559\/revisions"}],"wp:featuredmedia":[{"embeddable":true,"href":"https:\/\/www.europesays.com\/fi\/wp-json\/wp\/v2\/media\/111560"}],"wp:attachment":[{"href":"https:\/\/www.europesays.com\/fi\/wp-json\/wp\/v2\/media?parent=111559"}],"wp:term":[{"taxonomy":"category","embeddable":true,"href":"https:\/\/www.europesays.com\/fi\/wp-json\/wp\/v2\/categories?post=111559"},{"taxonomy":"post_tag","embeddable":true,"href":"https:\/\/www.europesays.com\/fi\/wp-json\/wp\/v2\/tags?post=111559"}],"curies":[{"name":"wp","href":"https:\/\/api.w.org\/{rel}","templated":true}]}}