{"id":111563,"date":"2025-12-09T07:23:08","date_gmt":"2025-12-09T07:23:08","guid":{"rendered":"https:\/\/www.europesays.com\/fi\/111563\/"},"modified":"2025-12-09T07:23:08","modified_gmt":"2025-12-09T07:23:08","slug":"ft-tony-blair-putosi-pois-trumpin-gazan-rauhanneuvostosta-uutisia-lyhyesti","status":"publish","type":"post","link":"https:\/\/www.europesays.com\/fi\/111563\/","title":{"rendered":"FT: Tony Blair putosi pois Trumpin Gazan rauhan\u00adneuvostosta | Uutisia lyhyesti"},"content":{"rendered":"<p class=\"aw-1gybjub aw-5vja16 kEtdKx kmuxyA yle__article__paragraph\">Blairin on aiemmin uutisoitu tavoittelevan n\u00e4kyv\u00e4\u00e4 roolia rauhan\u00adneuvostossa, jonka teht\u00e4v\u00e4 on toimia v\u00e4liaikais\u00adhallintona sodan\u00adj\u00e4lkeisess\u00e4 Gazassa.<\/p>\n<p><img decoding=\"async\" alt=\"Tony Blair hymyilee l\u00e4hikuvassa. \" src=\"https:\/\/www.europesays.com\/fi\/wp-content\/uploads\/2025\/12\/39-15665676937c39ba94e4.jpeg\" class=\"aw-1l9m598 hKVVvP\"\/><\/p>\n<p>Avaa kuvien katselu<\/p>\n<p>Britannian entinen p\u00e4\u00e4ministeri Tony Blair kuvattuna Montevideossa 22.10. Kuva: Federico Gutierrez \/ EPA<\/p>\n<p class=\"aw-1gybjub aw-1p7kakr kEtdKx cEmitX yle__article__paragraph\">Britannian entist\u00e4 p\u00e4\u00e4ministeri\u00e4 <strong class=\"aw-ak79eh KyCXm yle__article__strong\">Tony Blairia<\/strong> ei en\u00e4\u00e4 harkita j\u00e4seneksi Yhdysvaltain presidentin <strong class=\"aw-ak79eh KyCXm yle__article__strong\">Donald Trumpin<\/strong> kaavailemaan Gazan \u201drauhanneuvostoon\u201d, kertoo brittil\u00e4inen <a class=\"aw-iao6s4 iHOxEa yle__article__link\" href=\"https:\/\/www.ft.com\/content\/3f6cdc81-f286-4424-b80d-2355c8316b29?accessToken=zwAGRXVZ78lokc8_bNyB8oZEJNO4DSNVyDFrKQ.MEUCICenRROh6aox5evpQbbdQCjdVqbNHDyJyYPxvuF-qT0HAiEA8Ty2fvA2sxWeHFieixEN-Hh-y1SI3z4cG3XYOpjMBw8&amp;sharetype=gift&amp;token=13dfcc23-90e1-4338-adb8-fd837917a527\" role=\"link\" rel=\"nofollow noopener\" target=\"_blank\">Financial Times<\/a> l\u00e4hteisiins\u00e4 vedoten.<\/p>\n<p class=\"aw-1gybjub aw-1p7kakr kEtdKx cEmitX yle__article__paragraph\">Blairin on <a class=\"aw-iao6s4 iHOxEa yle__article__link\" href=\"https:\/\/yle.fi\/a\/74-20185085\" role=\"link\" rel=\"nofollow noopener\" target=\"_blank\">aiemmin uutisoitu<\/a> tavoittelevan n\u00e4kyv\u00e4\u00e4 roolia neuvostossa, jonka on tarkoitus toimia v\u00e4liaikaishallintona sodanj\u00e4lkeisess\u00e4 Gazassa. Neuvosto on osa Trumpin <a class=\"aw-iao6s4 iHOxEa yle__article__link\" href=\"https:\/\/yle.fi\/a\/74-20185716\" role=\"link\" rel=\"nofollow noopener\" target=\"_blank\">rauhansuunnitelmaa<\/a>, ja h\u00e4n on ilmoittanut ryhtyv\u00e4ns\u00e4 neuvoston puheenjohtajaksi.<\/p>\n<p class=\"aw-1gybjub aw-1p7kakr kEtdKx cEmitX yle__article__paragraph\">Useat arabimaat ovat vastustaneet Blairin mahdollista nimityst\u00e4. H\u00e4nell\u00e4 on L\u00e4hi-id\u00e4ss\u00e4 huono maine osittain siksi, ett\u00e4 h\u00e4n osoitti vahvaa tukea Yhdysvaltain johtamalle Irakin sodalle vuonna 2003.<\/p>\n<p class=\"aw-1gybjub aw-1p7kakr kEtdKx cEmitX yle__article__paragraph\">Trump on jo aiemmin my\u00f6nt\u00e4nyt, ett\u00e4 Blairin nimitykseen saattaa liitty\u00e4 vastustusta.<\/p>\n<p class=\"aw-1gybjub aw-1p7kakr kEtdKx cEmitX yle__article__paragraph\">\u2013 Olen aina pit\u00e4nyt Tonysta, mutta haluan varmistaa, ett\u00e4 h\u00e4n on kaikille hyv\u00e4ksytt\u00e4v\u00e4 valinta, <a class=\"aw-iao6s4 iHOxEa yle__article__link\" href=\"https:\/\/www.reuters.com\/world\/europe\/trump-unsure-whether-tony-blair-would-be-accepted-gaza-peace-board-2025-10-13\/\" role=\"link\" rel=\"nofollow noopener\" target=\"_blank\">Trump kommentoi lokakuussa<\/a>.<\/p>\n<p class=\"aw-1gybjub aw-1p7kakr kEtdKx cEmitX yle__article__paragraph\">Blairin toimisto ei ole kommentoinut asiaa FT:lle. Yksi l\u00e4hde kuitenkin kiisti, ett\u00e4 Blair olisi j\u00e4\u00e4nyt pois nimenomaan alueen maiden vastustuksen vuoksi.<\/p>\n","protected":false},"excerpt":{"rendered":"Blairin on aiemmin uutisoitu tavoittelevan n\u00e4kyv\u00e4\u00e4 roolia rauhan\u00adneuvostossa, jonka teht\u00e4v\u00e4 on toimia v\u00e4liaikais\u00adhallintona sodan\u00adj\u00e4lkeisess\u00e4 Gazassa. Avaa kuvien katselu&hellip;\n","protected":false},"author":2,"featured_media":111564,"comment_status":"","ping_status":"","sticky":false,"template":"","format":"standard","meta":{"footnotes":""},"categories":[14],"tags":[22,23,26,27,33,31,30,17,992,24,25,28,29,15,18,21,32,19,20,56,16,59,60,61],"class_list":{"0":"post-111563","1":"post","2":"type-post","3":"status-publish","4":"format-standard","5":"has-post-thumbnail","7":"category-ulkomaat","8":"tag-breaking-news","9":"tag-breakingnews","10":"tag-featured-news","11":"tag-featurednews","12":"tag-fi","13":"tag-finland","14":"tag-finnish","15":"tag-headlines","16":"tag-lahi-ita","17":"tag-latest-news","18":"tag-latestnews","19":"tag-main-news","20":"tag-mainnews","21":"tag-news","22":"tag-otsikot","23":"tag-paauutiset","24":"tag-suomi","25":"tag-top-stories","26":"tag-topstories","27":"tag-ulkomaat","28":"tag-uutiset","29":"tag-world","30":"tag-world-news","31":"tag-worldnews"},"share_on_mastodon":{"url":"https:\/\/pubeurope.com\/@fi\/115688414022584463","error":""},"_links":{"self":[{"href":"https:\/\/www.europesays.com\/fi\/wp-json\/wp\/v2\/posts\/111563","targetHints":{"allow":["GET"]}}],"collection":[{"href":"https:\/\/www.europesays.com\/fi\/wp-json\/wp\/v2\/posts"}],"about":[{"href":"https:\/\/www.europesays.com\/fi\/wp-json\/wp\/v2\/types\/post"}],"author":[{"embeddable":true,"href":"https:\/\/www.europesays.com\/fi\/wp-json\/wp\/v2\/users\/2"}],"replies":[{"embeddable":true,"href":"https:\/\/www.europesays.com\/fi\/wp-json\/wp\/v2\/comments?post=111563"}],"version-history":[{"count":0,"href":"https:\/\/www.europesays.com\/fi\/wp-json\/wp\/v2\/posts\/111563\/revisions"}],"wp:featuredmedia":[{"embeddable":true,"href":"https:\/\/www.europesays.com\/fi\/wp-json\/wp\/v2\/media\/111564"}],"wp:attachment":[{"href":"https:\/\/www.europesays.com\/fi\/wp-json\/wp\/v2\/media?parent=111563"}],"wp:term":[{"taxonomy":"category","embeddable":true,"href":"https:\/\/www.europesays.com\/fi\/wp-json\/wp\/v2\/categories?post=111563"},{"taxonomy":"post_tag","embeddable":true,"href":"https:\/\/www.europesays.com\/fi\/wp-json\/wp\/v2\/tags?post=111563"}],"curies":[{"name":"wp","href":"https:\/\/api.w.org\/{rel}","templated":true}]}}