{"id":111565,"date":"2025-12-09T07:24:06","date_gmt":"2025-12-09T07:24:06","guid":{"rendered":"https:\/\/www.europesays.com\/fi\/111565\/"},"modified":"2025-12-09T07:24:06","modified_gmt":"2025-12-09T07:24:06","slug":"tutkimus-kun-kaikkein-suurituloisimpien-veroja-kiristettiin-heidan-tulonsa-laskivat-uutisia-lyhyesti","status":"publish","type":"post","link":"https:\/\/www.europesays.com\/fi\/111565\/","title":{"rendered":"Tutkimus: Kun kaikkein suurituloisimpien veroja kiristettiin, heid\u00e4n tulonsa laskivat | Uutisia lyhyesti"},"content":{"rendered":"<p class=\"aw-1gybjub aw-5vja16 kEtdKx kmuxyA yle__article__paragraph\">Hallitus on p\u00e4\u00e4tt\u00e4nyt kevent\u00e4\u00e4 suurituloisimpien verotusta ensi vuoden alussa. Tuoreen v\u00e4it\u00f6stutkimuksen mukaan veronkevennys voi kasvattaa suurituloisten tuloja.<\/p>\n<p class=\"aw-1gybjub aw-1p7kakr kEtdKx cEmitX yle__article__paragraph\">Veronkiristys alensi kaikkein suurituloisimpien suomalaisten tuloja, kertoo tuore v\u00e4it\u00f6stutkimus.<\/p>\n<p class=\"aw-1gybjub aw-1p7kakr kEtdKx cEmitX yle__article__paragraph\">Tutkimuksessa selvitettiin, miten vuonna 2013 k\u00e4ytt\u00f6\u00f6n otettu solidaarisuusvero vaikutti tuloihin. Solidaarisuusvero nosti kaikkein parhaiten tienaavan prosentin eli yli 100\u00a0000 euroa vuodessa ansaitsevien ylint\u00e4 marginaaliveroprosenttia kahdella prosenttiyksik\u00f6ll\u00e4.<\/p>\n<p class=\"aw-1gybjub aw-1p7kakr kEtdKx cEmitX yle__article__paragraph\">Huipputuloisten verotettavat tulot laskivat sen j\u00e4lkeen, kun solidaarisuusvero tuli k\u00e4ytt\u00f6\u00f6n.<\/p>\n<p class=\"aw-1gybjub aw-1p7kakr kEtdKx cEmitX yle__article__paragraph\">Vuonna 2016 solidaarisuusveron tulorajaa alennettiin niin, ett\u00e4 se koski yli 79\u00a0000 euroa vuodessa tienanneita. T\u00e4ll\u00e4 kertaa vero ei kuitenkaan alentanut tuloja.<\/p>\n<p class=\"aw-1gybjub aw-1p7kakr kEtdKx cEmitX yle__article__paragraph\">Tutkimuksen perusteella tuloveron kiristys vaikutti siis vain kaikkein huipputuloisimpien tuloihin.<\/p>\n<p class=\"aw-1gybjub aw-1p7kakr kEtdKx cEmitX yle__article__paragraph\">Tutkimuksesta kertoo Valtion taloudellinen tutkimuskeskus (VATT), jossa v\u00e4it\u00f6stutkija <strong class=\"aw-ak79eh KyCXm yle__article__strong\">Reetta Varjonen-Ollus<\/strong> on tehnyt tutkimusty\u00f6t\u00e4.<\/p>\n<p class=\"aw-1gybjub aw-1p7kakr kEtdKx cEmitX yle__article__paragraph\">Hallitus on p\u00e4\u00e4tt\u00e4nyt <a class=\"aw-iao6s4 iHOxEa yle__article__link\" href=\"https:\/\/yle.fi\/a\/74-20157832\" role=\"link\" rel=\"nofollow noopener\" target=\"_blank\">kevent\u00e4\u00e4 suurituloisimpien verotusta<\/a> ensi vuoden alussa. V\u00e4it\u00f6stutkimuksen perusteella veronkevennys voi kasvattaa suurituloisten verotettavia tuloja, jolloin uudistus voi isolta osin rahoittaa itse itsens\u00e4, VATT:n tiedotteessa todetaan.<\/p>\n<p class=\"aw-1gybjub aw-1p7kakr kEtdKx cEmitX yle__article__paragraph\">Asiantuntijat ovat toisaalta my\u00f6s esitt\u00e4neet huolen siit\u00e4, ett\u00e4 <a class=\"aw-iao6s4 iHOxEa yle__article__link\" href=\"https:\/\/yle.fi\/a\/74-20157635\" role=\"link\" rel=\"nofollow noopener\" target=\"_blank\">veronkevennykset kasvattavat Suomen velkaantumista<\/a>.<\/p>\n","protected":false},"excerpt":{"rendered":"Hallitus on p\u00e4\u00e4tt\u00e4nyt kevent\u00e4\u00e4 suurituloisimpien verotusta ensi vuoden alussa. Tuoreen v\u00e4it\u00f6stutkimuksen mukaan veronkevennys voi kasvattaa suurituloisten tuloja. Veronkiristys&hellip;\n","protected":false},"author":2,"featured_media":74,"comment_status":"","ping_status":"","sticky":false,"template":"","format":"standard","meta":{"footnotes":""},"categories":[12],"tags":[22,23,26,27,33,31,30,17,24,25,28,29,15,18,21,32,20677,78,19,20,16,2186],"class_list":{"0":"post-111565","1":"post","2":"type-post","3":"status-publish","4":"format-standard","5":"has-post-thumbnail","7":"category-suomi","8":"tag-breaking-news","9":"tag-breakingnews","10":"tag-featured-news","11":"tag-featurednews","12":"tag-fi","13":"tag-finland","14":"tag-finnish","15":"tag-headlines","16":"tag-latest-news","17":"tag-latestnews","18":"tag-main-news","19":"tag-mainnews","20":"tag-news","21":"tag-otsikot","22":"tag-paauutiset","23":"tag-suomi","24":"tag-suurituloiset","25":"tag-talous","26":"tag-top-stories","27":"tag-topstories","28":"tag-uutiset","29":"tag-verotus"},"share_on_mastodon":{"url":"https:\/\/pubeurope.com\/@fi\/115688417914349235","error":""},"_links":{"self":[{"href":"https:\/\/www.europesays.com\/fi\/wp-json\/wp\/v2\/posts\/111565","targetHints":{"allow":["GET"]}}],"collection":[{"href":"https:\/\/www.europesays.com\/fi\/wp-json\/wp\/v2\/posts"}],"about":[{"href":"https:\/\/www.europesays.com\/fi\/wp-json\/wp\/v2\/types\/post"}],"author":[{"embeddable":true,"href":"https:\/\/www.europesays.com\/fi\/wp-json\/wp\/v2\/users\/2"}],"replies":[{"embeddable":true,"href":"https:\/\/www.europesays.com\/fi\/wp-json\/wp\/v2\/comments?post=111565"}],"version-history":[{"count":0,"href":"https:\/\/www.europesays.com\/fi\/wp-json\/wp\/v2\/posts\/111565\/revisions"}],"wp:featuredmedia":[{"embeddable":true,"href":"https:\/\/www.europesays.com\/fi\/wp-json\/wp\/v2\/media\/74"}],"wp:attachment":[{"href":"https:\/\/www.europesays.com\/fi\/wp-json\/wp\/v2\/media?parent=111565"}],"wp:term":[{"taxonomy":"category","embeddable":true,"href":"https:\/\/www.europesays.com\/fi\/wp-json\/wp\/v2\/categories?post=111565"},{"taxonomy":"post_tag","embeddable":true,"href":"https:\/\/www.europesays.com\/fi\/wp-json\/wp\/v2\/tags?post=111565"}],"curies":[{"name":"wp","href":"https:\/\/api.w.org\/{rel}","templated":true}]}}