{"id":111566,"date":"2025-12-09T07:25:09","date_gmt":"2025-12-09T07:25:09","guid":{"rendered":"https:\/\/www.europesays.com\/fi\/111566\/"},"modified":"2025-12-09T07:25:09","modified_gmt":"2025-12-09T07:25:09","slug":"scott-finn-on-kuollut","status":"publish","type":"post","link":"https:\/\/www.europesays.com\/fi\/111566\/","title":{"rendered":"Scott Finn on kuollut"},"content":{"rendered":"<p>Aikuisviihdet\u00e4hti kuoli marraskuussa.<\/p>\n<p><img decoding=\"async\" class=\"image image-show image-preview\" src=\"https:\/\/www.europesays.com\/fi\/wp-content\/uploads\/2025\/12\/88d095148a6da670061ce95e9f006c4293dc7f1cf0fbd8a20804b22bfee1a3db.jpg\" alt=\"\"\/><img decoding=\"async\" class=\"image image-show\" src=\"https:\/\/www.europesays.com\/fi\/wp-content\/uploads\/2025\/12\/1765265109_910_88d095148a6da670061ce95e9f006c4293dc7f1cf0fbd8a20804b22bfee1a3db.jpg\" alt=\"\"\/><\/p>\n<p>Pornon\u00e4yttelij\u00e4 Scott Finn on poissa. AOP<\/p>\n<p class=\"paragraph\">Pornon\u00e4yttelij\u00e4 <strong>Scott Finn<\/strong> eli oikealta nimelt\u00e4\u00e4n <strong>Rhett Douglas Messerly<\/strong> on kuollut 27-vuotiaana. Kuolinilmoituksesta k\u00e4y ilmi, ett\u00e4 Messerly kuoli 23. marraskuuta.<\/p>\n<p class=\"paragraph\">Perhe kuvailee muistokirjoituksessa, ett\u00e4 Messerly oli suosittu koulussa, koska h\u00e4n hyv\u00e4ksyi ihmiset sellaisenaan kuin he ovat. Aikuisviihdet\u00e4hti rakasti liikkua luonnossa ja h\u00e4n oli perheen mukaan aina avulias naisille.<\/p>\n<p class=\"paragraph\">Kirjoituksessa muistellaan, ett\u00e4 h\u00e4n oli ahkera ty\u00f6ntekij\u00e4 ja loistava kokki.<\/p>\n<p class=\"paragraph\">\u2013 Rhetti\u00e4 kaivataan syv\u00e4sti h\u00e4nen perheens\u00e4 ja kaikkien h\u00e4net tunteneiden keskuudessa, kuolinilmoituksessa lukee.<\/p>\n<p class=\"paragraph\">\u2013 L\u00f6yd\u00e4mme lohtua siit\u00e4, ett\u00e4 h\u00e4nen kipunsa t\u00e4\u00e4ll\u00e4 on ohi ja h\u00e4n lep\u00e4\u00e4 j\u00e4lleen Jumalan luona.<\/p>\n<p class=\"paragraph\">T\u00e4hden kuolinsyyt\u00e4 ei ole kerrottu julkisuuteen. <a href=\"https:\/\/people.com\/adult-film-star-scott-finn-dies-at-age-27-11863172\" target=\"_blank\" rel=\"noopener nofollow\">People-lehden<\/a> mukaan Messerly oli kertonut X-tilill\u00e4\u00e4n t\u00e4n\u00e4 kes\u00e4n\u00e4, ett\u00e4 h\u00e4nen el\u00e4m\u00e4ss\u00e4\u00e4n on ollut vaikeita aikoja viimeisen puolentoista vuoden aikana.<\/p>\n<p class=\"paragraph\">Messerlyn hautajaiset j\u00e4rjestettiin 4. joulukuuta.<\/p>\n<p class=\"paragraph\">L\u00e4hde: <a href=\"https:\/\/www.thepinknews.com\/2025\/12\/03\/adult-film-star-scott-finn-dies-rhett-douglas-messerly\/\" target=\"_blank\" rel=\"noopener nofollow\">PinkNews<\/a><\/p>\n","protected":false},"excerpt":{"rendered":"Aikuisviihdet\u00e4hti kuoli marraskuussa. Pornon\u00e4yttelij\u00e4 Scott Finn on poissa. AOP Pornon\u00e4yttelij\u00e4 Scott Finn eli oikealta nimelt\u00e4\u00e4n Rhett Douglas Messerly&hellip;\n","protected":false},"author":2,"featured_media":111567,"comment_status":"","ping_status":"","sticky":false,"template":"","format":"standard","meta":{"footnotes":""},"categories":[5],"tags":[35,153,22,23,152,155,26,27,33,31,30,17,24,25,28,29,718,154,15,18,21,32,19,20,140,156,16],"class_list":{"0":"post-111566","1":"post","2":"type-post","3":"status-publish","4":"format-standard","5":"has-post-thumbnail","7":"category-otsikot","8":"tag-24h","9":"tag-audiovisuaalinen-media","10":"tag-breaking-news","11":"tag-breakingnews","12":"tag-elokuva-ja-tv-nayttelijat","13":"tag-elokuvat","14":"tag-featured-news","15":"tag-featurednews","16":"tag-fi","17":"tag-finland","18":"tag-finnish","19":"tag-headlines","20":"tag-latest-news","21":"tag-latestnews","22":"tag-main-news","23":"tag-mainnews","24":"tag-nayttamotaide","25":"tag-nayttelijat-teatteri","26":"tag-news","27":"tag-otsikot","28":"tag-paauutiset","29":"tag-suomi","30":"tag-top-stories","31":"tag-topstories","32":"tag-tv-ja-elokuvat","33":"tag-tv","34":"tag-uutiset"},"share_on_mastodon":{"url":"https:\/\/pubeurope.com\/@fi\/115688421929296028","error":""},"_links":{"self":[{"href":"https:\/\/www.europesays.com\/fi\/wp-json\/wp\/v2\/posts\/111566","targetHints":{"allow":["GET"]}}],"collection":[{"href":"https:\/\/www.europesays.com\/fi\/wp-json\/wp\/v2\/posts"}],"about":[{"href":"https:\/\/www.europesays.com\/fi\/wp-json\/wp\/v2\/types\/post"}],"author":[{"embeddable":true,"href":"https:\/\/www.europesays.com\/fi\/wp-json\/wp\/v2\/users\/2"}],"replies":[{"embeddable":true,"href":"https:\/\/www.europesays.com\/fi\/wp-json\/wp\/v2\/comments?post=111566"}],"version-history":[{"count":0,"href":"https:\/\/www.europesays.com\/fi\/wp-json\/wp\/v2\/posts\/111566\/revisions"}],"wp:featuredmedia":[{"embeddable":true,"href":"https:\/\/www.europesays.com\/fi\/wp-json\/wp\/v2\/media\/111567"}],"wp:attachment":[{"href":"https:\/\/www.europesays.com\/fi\/wp-json\/wp\/v2\/media?parent=111566"}],"wp:term":[{"taxonomy":"category","embeddable":true,"href":"https:\/\/www.europesays.com\/fi\/wp-json\/wp\/v2\/categories?post=111566"},{"taxonomy":"post_tag","embeddable":true,"href":"https:\/\/www.europesays.com\/fi\/wp-json\/wp\/v2\/tags?post=111566"}],"curies":[{"name":"wp","href":"https:\/\/api.w.org\/{rel}","templated":true}]}}