{"id":111568,"date":"2025-12-09T07:30:07","date_gmt":"2025-12-09T07:30:07","guid":{"rendered":"https:\/\/www.europesays.com\/fi\/111568\/"},"modified":"2025-12-09T07:30:07","modified_gmt":"2025-12-09T07:30:07","slug":"terrafame-oyn-kolmisopen-malmion-hyodyntamista-koskeva-ymparistolupahakemus-hylattiin","status":"publish","type":"post","link":"https:\/\/www.europesays.com\/fi\/111568\/","title":{"rendered":"Terrafame Oy:n Kolmisopen malmion hy\u00f6dynt\u00e4mist\u00e4 koskeva ymp\u00e4rist\u00f6lupahakemus hyl\u00e4ttiin"},"content":{"rendered":"<p><strong><\/p>\n<p>Pohjois-Suomen aluehallintovirasto on hyl\u00e4nnyt Terrafame Oy:n ymp\u00e4rist\u00f6- ja vesitalouslupahakemuksen, joka koski Kolmisopen maa-alueelle sijoittuvan malmion hy\u00f6dynt\u00e4mist\u00e4. Kolmisopen alue sijaitsee Sotkamon ja Kajaanin alueella.<\/p>\n<p><\/strong><\/p>\n<p>Pohjois-Suomen aluehallintovirasto my\u00f6nsi yhti\u00f6lle kes\u00e4kuussa 2022 m\u00e4\u00e4r\u00e4aikaisen ymp\u00e4rist\u00f6- ja vesitalousluvan, jota koskevat valitukset ovat k\u00e4sittelyss\u00e4 korkeimmassa hallinto-oikeudessa. Yhti\u00f6 ei tuolloin hakenut lupaa Kolmisopen malmion hy\u00f6dynt\u00e4miselle. Terrafame Oy haki hein\u00e4kuussa 2023 Kolmisopen louhinnan ymp\u00e4rist\u00f6lupaa itsen\u00e4isen\u00e4 kokonaisuutena irrallaan nykyist\u00e4 toimintaa koskevasta ymp\u00e4rist\u00f6- ja vesitalousluvasta.<\/p>\n<p>Kolmisopen avolouhoksesta louhittavan malmin ja sivukiven m\u00e4\u00e4r\u00e4 olisi ollut noin 125\u2013155 miljoonaa tonnia 4\u20136 vuoden aikana. Aluehallintoviraston mukaan kyseess\u00e4 olisi toiminnaltaan huomattavan suuri avolouhos, joka sijoittuisi rakentamattomalle alueelle kaivospiirin sis\u00e4ll\u00e4.<\/p>\n<p>Aluehallintovirasto toteaa, ett\u00e4 hakemuksen k\u00e4sittely edellytt\u00e4isi monilta osin koko toimintaa koskevan ymp\u00e4rist\u00f6- ja vesitalousluvan (nro 87\/2022) p\u00e4\u00e4t\u00f6ksen muuttamista. Terrafamen nykyisen toiminnan ja Kolmisopen louhoksen suunnitellun toiminnan ymp\u00e4rist\u00f6lupa-asiat on k\u00e4sitelt\u00e4v\u00e4 yhdess\u00e4, jotta toiminnan vaikutukset voitaisiin arvioida ja ottaa huomioon kokonaisuutena. N\u00e4in ollen aluehallintovirasto hylk\u00e4si hakemuksen 9.12.2025. Terrafame Oy:n on haettava ymp\u00e4rist\u00f6lupaa Kolmisopen louhoksen toiminnalle yhdess\u00e4 nykyisen ymp\u00e4rist\u00f6- ja vesitalousluvan jatkamisen kanssa.<\/p>\n<p><strong>Lis\u00e4tietoja:<\/strong><\/p>\n<p>Ymp\u00e4rist\u00f6ylitarkastaja P\u00e4ivi M\u00e4\u00e4tt\u00e4, Pohjois-Suomen aluehallintovirasto, 0295 016 929<br \/>Ymp\u00e4rist\u00f6lupavastuualueen johtaja Sami Koivula, Pohjois-Suomen aluehallintovirasto, 0295 017 651<br \/><a href=\"https:\/\/www.sttinfo.fi\/tiedote\/71667652\/mailto:etunimi.sukunimi@avi.fi\" rel=\"nofollow noopener\" target=\"_blank\">etunimi.sukunimi@avi.fi<\/a>\u00a0<\/p>\n","protected":false},"excerpt":{"rendered":"Pohjois-Suomen aluehallintovirasto on hyl\u00e4nnyt Terrafame Oy:n ymp\u00e4rist\u00f6- ja vesitalouslupahakemuksen, joka koski Kolmisopen maa-alueelle sijoittuvan malmion hy\u00f6dynt\u00e4mist\u00e4. Kolmisopen alue&hellip;\n","protected":false},"author":2,"featured_media":111569,"comment_status":"","ping_status":"","sticky":false,"template":"","format":"standard","meta":{"footnotes":""},"categories":[113],"tags":[446,33,31,30,118,32,119,447],"class_list":{"0":"post-111568","1":"post","2":"type-post","3":"status-publish","4":"format-standard","5":"has-post-thumbnail","7":"category-ymparisto","8":"tag-environment","9":"tag-fi","10":"tag-finland","11":"tag-finnish","12":"tag-science","13":"tag-suomi","14":"tag-tiede","15":"tag-ymparisto"},"share_on_mastodon":{"url":"https:\/\/pubeurope.com\/@fi\/115688441345273992","error":""},"_links":{"self":[{"href":"https:\/\/www.europesays.com\/fi\/wp-json\/wp\/v2\/posts\/111568","targetHints":{"allow":["GET"]}}],"collection":[{"href":"https:\/\/www.europesays.com\/fi\/wp-json\/wp\/v2\/posts"}],"about":[{"href":"https:\/\/www.europesays.com\/fi\/wp-json\/wp\/v2\/types\/post"}],"author":[{"embeddable":true,"href":"https:\/\/www.europesays.com\/fi\/wp-json\/wp\/v2\/users\/2"}],"replies":[{"embeddable":true,"href":"https:\/\/www.europesays.com\/fi\/wp-json\/wp\/v2\/comments?post=111568"}],"version-history":[{"count":0,"href":"https:\/\/www.europesays.com\/fi\/wp-json\/wp\/v2\/posts\/111568\/revisions"}],"wp:featuredmedia":[{"embeddable":true,"href":"https:\/\/www.europesays.com\/fi\/wp-json\/wp\/v2\/media\/111569"}],"wp:attachment":[{"href":"https:\/\/www.europesays.com\/fi\/wp-json\/wp\/v2\/media?parent=111568"}],"wp:term":[{"taxonomy":"category","embeddable":true,"href":"https:\/\/www.europesays.com\/fi\/wp-json\/wp\/v2\/categories?post=111568"},{"taxonomy":"post_tag","embeddable":true,"href":"https:\/\/www.europesays.com\/fi\/wp-json\/wp\/v2\/tags?post=111568"}],"curies":[{"name":"wp","href":"https:\/\/api.w.org\/{rel}","templated":true}]}}