{"id":111570,"date":"2025-12-09T07:37:07","date_gmt":"2025-12-09T07:37:07","guid":{"rendered":"https:\/\/www.europesays.com\/fi\/111570\/"},"modified":"2025-12-09T07:37:07","modified_gmt":"2025-12-09T07:37:07","slug":"melkein-20-vuotta-vanha-alastonkohtaus-painaa-jessica-albaa-edelleen-se-oli-noyryyttavaa","status":"publish","type":"post","link":"https:\/\/www.europesays.com\/fi\/111570\/","title":{"rendered":"Melkein 20 vuotta vanha alastonkohtaus painaa Jessica Albaa edelleen: &#8221;Se oli n\u00f6yryytt\u00e4v\u00e4\u00e4&#8221;"},"content":{"rendered":"<p>Jessica Alba esitti Susan Stormia eli N\u00e4kym\u00e4t\u00f6nt\u00e4 naista vuoden 2005 Fantastic Four -elokuvassa.<\/p>\n<p>Tim Storyn ohjaama Fantastic Four (2005) ja Fantastic Four: Hopeasurffari (2007) olivat kepe\u00e4n komediallisia supersankarielokuvia, jotka repiv\u00e4t huumoria esimerkiksi Marvelin ikonisten hahmojen voimista.<\/p>\n<p><a href=\"https:\/\/muropaketti.com\/avainsana\/jessica-alba\/\" rel=\"nofollow noopener\" target=\"_blank\">Jessica Alban<\/a> kohdalla t\u00e4m\u00e4 tarkoitti n\u00e4yttelij\u00e4n riisumista ilkosilleen vitsin varjolla.<\/p>\n<p>Mit\u00e4\u00e4n j\u00e4rin paljastavaa ei valkokankaalla tietenk\u00e4\u00e4n esitelty, mutta Hopeasurffarissa n\u00e4hty kohtaus oli sen verran esineellist\u00e4v\u00e4, ettei sellaisia en\u00e4\u00e4 ison budjetin supersankarielokuvissa n\u00e4hd\u00e4.<\/p>\n<p>L\u00e4hes 20 vuoden j\u00e4lkeenkin alastonkohtaus tuntuu Albasta ik\u00e4v\u00e4lt\u00e4.<\/p>\n<p>\u201dMielest\u00e4ni se kohtaus oli kamala\u201d, Jessica Alba kertoi viime viikon loppupuolella Red Sean elokuvajuhlilla, <a href=\"https:\/\/variety.com\/2025\/film\/festivals\/jessica-alba-humiliating-naked-fantastic-four-scene-1236600883\/\" target=\"_blank\" rel=\"noreferrer noopener nofollow\">Variety<\/a> uutisoi. <\/p>\n<p>\u201dSe oli todella n\u00f6yryytt\u00e4v\u00e4\u00e4. Kasvoin aika konservatiivisessa perheess\u00e4 ja olen aika s\u00e4\u00e4dyllinen ihminen. Kammosin sit\u00e4 kohtausta viikkojen ajan. Noista ajoista on j\u00e4\u00e4nyt paljon k\u00e4sitelt\u00e4v\u00e4\u00e4\u201d.<\/p>\n<p>Alastonkohtauksesta huolimatta Jessica Alba suhtautuu roolihahmoonsa suopeasti.<\/p>\n<p>\u201dH\u00e4n oli nainen, jota ihailin. H\u00e4n oli hyvin \u00e4idillinen ja yst\u00e4v\u00e4llinen, mutta ei mik\u00e4\u00e4n heittopussi. Sue sanoi suoraan, mit\u00e4 ajatteli. H\u00e4nell\u00e4 oli vahva moraalinen kompassi. Kuka tahansa voi ihailla h\u00e4nt\u00e4. Usein n\u00e4iss\u00e4 supersankaritarinoissa naiset tarvitsevat pelastajan. Se oli silloin. Nyt on toisin.\u201d<\/p>\n<p>Jessica Alban j\u00e4lkeen Susan Stormia ovat esitt\u00e4neet Kate Mara ja Vanessa Kirby.<\/p>\n<p>Seuraavan kerran Ihmeneloset n\u00e4hd\u00e4\u00e4n valkokankaalla joulukuussa 2026 Avengers: Doomsdayn merkeiss\u00e4.<\/p>\n<p>Vuoden 2005 Fantastic Four l\u00f6ytyy jatko-osineen Disney+:sta.<\/p>\n","protected":false},"excerpt":{"rendered":"Jessica Alba esitti Susan Stormia eli N\u00e4kym\u00e4t\u00f6nt\u00e4 naista vuoden 2005 Fantastic Four -elokuvassa. Tim Storyn ohjaama Fantastic Four&hellip;\n","protected":false},"author":2,"featured_media":111571,"comment_status":"","ping_status":"","sticky":false,"template":"","format":"standard","meta":{"footnotes":""},"categories":[136],"tags":[407,137,2955,33,31,30,9234,408,32,109],"class_list":{"0":"post-111570","1":"post","2":"type-post","3":"status-publish","4":"format-standard","5":"has-post-thumbnail","7":"category-julkkikset","8":"tag-celebrities","9":"tag-entertainment","10":"tag-fantastic-four","11":"tag-fi","12":"tag-finland","13":"tag-finnish","14":"tag-jessica-alba","15":"tag-julkkikset","16":"tag-suomi","17":"tag-viihde"},"share_on_mastodon":{"url":"https:\/\/pubeurope.com\/@fi\/115688468842107316","error":""},"_links":{"self":[{"href":"https:\/\/www.europesays.com\/fi\/wp-json\/wp\/v2\/posts\/111570","targetHints":{"allow":["GET"]}}],"collection":[{"href":"https:\/\/www.europesays.com\/fi\/wp-json\/wp\/v2\/posts"}],"about":[{"href":"https:\/\/www.europesays.com\/fi\/wp-json\/wp\/v2\/types\/post"}],"author":[{"embeddable":true,"href":"https:\/\/www.europesays.com\/fi\/wp-json\/wp\/v2\/users\/2"}],"replies":[{"embeddable":true,"href":"https:\/\/www.europesays.com\/fi\/wp-json\/wp\/v2\/comments?post=111570"}],"version-history":[{"count":0,"href":"https:\/\/www.europesays.com\/fi\/wp-json\/wp\/v2\/posts\/111570\/revisions"}],"wp:featuredmedia":[{"embeddable":true,"href":"https:\/\/www.europesays.com\/fi\/wp-json\/wp\/v2\/media\/111571"}],"wp:attachment":[{"href":"https:\/\/www.europesays.com\/fi\/wp-json\/wp\/v2\/media?parent=111570"}],"wp:term":[{"taxonomy":"category","embeddable":true,"href":"https:\/\/www.europesays.com\/fi\/wp-json\/wp\/v2\/categories?post=111570"},{"taxonomy":"post_tag","embeddable":true,"href":"https:\/\/www.europesays.com\/fi\/wp-json\/wp\/v2\/tags?post=111570"}],"curies":[{"name":"wp","href":"https:\/\/api.w.org\/{rel}","templated":true}]}}