{"id":111572,"date":"2025-12-09T07:42:07","date_gmt":"2025-12-09T07:42:07","guid":{"rendered":"https:\/\/www.europesays.com\/fi\/111572\/"},"modified":"2025-12-09T07:42:07","modified_gmt":"2025-12-09T07:42:07","slug":"vuoden-kehutuin-sotaelokuva-tuli-suomessa-taysin-yllattaen-suoratoistoon-nousi-nyt-top-10-listan-karkeen","status":"publish","type":"post","link":"https:\/\/www.europesays.com\/fi\/111572\/","title":{"rendered":"Vuoden kehutuin sotaelokuva tuli Suomessa t\u00e4ysin yll\u00e4tt\u00e4en suoratoistoon &#8211; nousi nyt TOP 10 -listan k\u00e4rkeen"},"content":{"rendered":"<p>Kev\u00e4\u00e4ll\u00e4 teattereissa n\u00e4hty Warfare lis\u00e4ttiin Prime Videoon reilu viikko sitten. Elokuva nousi nopeasti TOP 10 -listalle, mutta k\u00e4rkeen kipuaminen vei pidemm\u00e4n ajan.<\/p>\n<p>Ray Mendozan ja Alex Garlandin (Civil War, 28 Days Later) yhdess\u00e4 k\u00e4sikirjoittama ja ohjaama <a href=\"https:\/\/muropaketti.com\/avainsana\/warfare\/\" rel=\"nofollow noopener\" target=\"_blank\">Warfare<\/a> vie katsojan keskelle reaaliajassa kuvattua sodank\u00e4ynti\u00e4, jossa seurataan ep\u00e4onnistunutta valvontateht\u00e4v\u00e4\u00e4 kapinallisalueella.<\/p>\n<p>Warfare lis\u00e4ttiin Prime Videoon ilman mit\u00e4\u00e4n ennakkofanfaareita, joten monelta on saattanut j\u00e4\u00e4d\u00e4 elokuvan julkaisu suoratoistossa kokonaan v\u00e4liin. Nyt sana on kuitenkin kiirinyt niin laajalle, ett\u00e4 Warfare on Prime Videon katsotuin elokuva.<\/p>\n<p>Koko TOP 10 n\u00e4ytt\u00e4\u00e4 t\u00e4lt\u00e4:<\/p>\n<ol class=\"wp-block-list\">\n<li>Warfare<\/li>\n<li>Shadow Force <\/li>\n<li>She Rides Shotgun <\/li>\n<li>H\u00e4jyt 2 <\/li>\n<li>Bride Hard<\/li>\n<li>Playdate <\/li>\n<li>Subservience <\/li>\n<li>Red One <\/li>\n<li>Rambo IV <\/li>\n<li>Guy Ritchie\u2019s The Covenant<\/li>\n<\/ol>\n<p>Warfare on saanut laajalti kehuja, mutta sora\u00e4\u00e4ni\u00e4kin on kuultu. Muropaketin arvio oli yksi sellainen:<\/p>\n<p><a href=\"https:\/\/muropaketti.com\/elokuvat\/elokuva-arvostelut\/arvostelu-warfare-on-ontto-sotaelokuva-josta-ei-jaa-katsojan-kateen-oikein-mitaan\/\" rel=\"nofollow noopener\" target=\"_blank\">Warfare on ontto sotaelokuva, josta ei j\u00e4\u00e4 katsojan k\u00e4teen oikein mit\u00e4\u00e4n<\/a><\/p>\n","protected":false},"excerpt":{"rendered":"Kev\u00e4\u00e4ll\u00e4 teattereissa n\u00e4hty Warfare lis\u00e4ttiin Prime Videoon reilu viikko sitten. Elokuva nousi nopeasti TOP 10 -listalle, mutta k\u00e4rkeen&hellip;\n","protected":false},"author":2,"featured_media":111573,"comment_status":"","ping_status":"","sticky":false,"template":"","format":"standard","meta":{"footnotes":""},"categories":[131],"tags":[155,137,33,173,31,30,172,175,32,109,4469],"class_list":{"0":"post-111572","1":"post","2":"type-post","3":"status-publish","4":"format-standard","5":"has-post-thumbnail","7":"category-elokuvat","8":"tag-elokuvat","9":"tag-entertainment","10":"tag-fi","11":"tag-film","12":"tag-finland","13":"tag-finnish","14":"tag-movies","15":"tag-prime-video","16":"tag-suomi","17":"tag-viihde","18":"tag-warfare"},"share_on_mastodon":{"url":"https:\/\/pubeurope.com\/@fi\/115688488501950094","error":""},"_links":{"self":[{"href":"https:\/\/www.europesays.com\/fi\/wp-json\/wp\/v2\/posts\/111572","targetHints":{"allow":["GET"]}}],"collection":[{"href":"https:\/\/www.europesays.com\/fi\/wp-json\/wp\/v2\/posts"}],"about":[{"href":"https:\/\/www.europesays.com\/fi\/wp-json\/wp\/v2\/types\/post"}],"author":[{"embeddable":true,"href":"https:\/\/www.europesays.com\/fi\/wp-json\/wp\/v2\/users\/2"}],"replies":[{"embeddable":true,"href":"https:\/\/www.europesays.com\/fi\/wp-json\/wp\/v2\/comments?post=111572"}],"version-history":[{"count":0,"href":"https:\/\/www.europesays.com\/fi\/wp-json\/wp\/v2\/posts\/111572\/revisions"}],"wp:featuredmedia":[{"embeddable":true,"href":"https:\/\/www.europesays.com\/fi\/wp-json\/wp\/v2\/media\/111573"}],"wp:attachment":[{"href":"https:\/\/www.europesays.com\/fi\/wp-json\/wp\/v2\/media?parent=111572"}],"wp:term":[{"taxonomy":"category","embeddable":true,"href":"https:\/\/www.europesays.com\/fi\/wp-json\/wp\/v2\/categories?post=111572"},{"taxonomy":"post_tag","embeddable":true,"href":"https:\/\/www.europesays.com\/fi\/wp-json\/wp\/v2\/tags?post=111572"}],"curies":[{"name":"wp","href":"https:\/\/api.w.org\/{rel}","templated":true}]}}