{"id":111587,"date":"2025-12-09T08:03:07","date_gmt":"2025-12-09T08:03:07","guid":{"rendered":"https:\/\/www.europesays.com\/fi\/111587\/"},"modified":"2025-12-09T08:03:07","modified_gmt":"2025-12-09T08:03:07","slug":"auri-kananen-jakaa-vauva-arjen-ilot-ja-haasteet-paula-vesalan-ylistava-kommentti","status":"publish","type":"post","link":"https:\/\/www.europesays.com\/fi\/111587\/","title":{"rendered":"Auri Kananen jakaa vauva-arjen ilot ja haasteet &#8211; Paula Vesalan ylist\u00e4v\u00e4 kommentti"},"content":{"rendered":"<p>\n            20240914 J\u00c4RVENP\u00c4\u00c4. Miss Suomi 2024 -finaali. Auri Kananen. KUVA: ATTE KAJOVA<br \/>\n            ATTE KAJOVA\n        <\/p>\n<p class=\"subtitle \">Aurin vauva-arki on k\u00e4ynnistynyt vauhdikkaasti.<\/p>\n<p class=\"article-content article-content-width !bg-background\">Siivouskuningatar\u00a0k\u00e4\u00e4nsi upouuden sivun el\u00e4m\u00e4ss\u00e4\u00e4n marraskuussa, kun h\u00e4n ja kumppani\u00a0saivat ensimm\u00e4isen lapsensa.<\/p>\n<p class=\"font-weight-bold m-font-weight-bold article-content article-content-width !bg-background\">Arkistovideo: Aurin ty\u00f6kuvioissa tapahtui muutos<\/p>\n<p class=\"article-content article-content-width !bg-background\">Dallaspulla-nimell\u00e4 julkisuudessa tunnettu pienokainen on jo tiiviisti osana Aurin somesis\u00e4lt\u00f6\u00e4, ja Auri on p\u00e4\u00e4ssyt jo sujuvasti omanlaiseensa vauva-arkeen kiinni.<\/p>\n<p class=\"article-content article-content-width !bg-background\">Synnytyksen j\u00e4lkeisten vaikeuksien v\u00e4istytty\u00e4 Auri on omaksunut uudet rutiinit, ja maanantai-iltana (8.12.) h\u00e4n jakoi seuraajiensa n\u00e4ht\u00e4ville\u00a0My day\u00a0-videon, jossa esittelee p\u00e4iv\u00e4rutiiniaan.<\/p>\n<p class=\"article-content article-content-width !bg-background\">Aurin aamut alkavat jo kukonlaulun aikaan; h\u00e4n kertoo her\u00e4nneens\u00e4 jo puoli kuudelta, varhaisesta aamusta huolimatta virke\u00e4n\u00e4.<\/p>\n<p class=\"article-content article-content-width !bg-background\">\u2013 Dalluriini ei ollut ihan samaa mielt\u00e4, joten menin keitti\u00f6\u00f6n ja tein itelleni aamupalaa, Auri selostaa.<\/p>\n<p class=\"article-content article-content-width !bg-background\">Vauva ja Aurin kumppani her\u00e4iliv\u00e4t my\u00f6hemmin, huomattavasti v\u00e4hemm\u00e4n pirtsakkaan tyyliin kuin Auri.<\/p>\n<p class=\"article-content article-content-width !bg-background\">Aamurutiineihin kuuluvat my\u00f6s lukuisat imetykset.<\/p>\n<p class=\"article-content article-content-width !bg-background\">\u2013 Olen rakastanut imetyst\u00e4 niin paljon, t\u00e4m\u00e4 on niin ihanaa. Ajattelin, ett\u00e4 t\u00e4m\u00e4 on tosi kuormittavaa, mutta mulle itselle t\u00e4m\u00e4 on ihan p\u00e4invastoin, Auri tunnustaa.<\/p>\n<p>        <a itemprop=\"url\" href=\"https:\/\/www.seiska.fi\/kotimaa\/auri-kananen-pudotti-uutispommin\/1707267\" rel=\"nofollow noopener\" target=\"_blank\"><\/p>\n<p>\nAuri Kananen\n<\/p>\n<p class=\"section-date\">\n        <strong class=\"article-section\" data-section=\"kotimaa\"><br \/>\n            kotimaa<br \/>\n        <\/strong><br \/>\n        20.5. 09:33\n    <\/p>\n<p>Auri Kananen pudotti uutispommin\n    <\/p>\n<p itemprop=\"description\" class=\"subtitle \">\n    Auri Kanasen uuden ty\u00f6n palkka eroaa melkoisesti h\u00e4nen miljoonabisneksest\u00e4\u00e4n siivouksen parissa.\n<\/p>\n<p>        <\/a><\/p>\n<p>Laulaja ihastui<\/p>\n<p class=\"article-content article-content-width !bg-background\">P\u00e4iv\u00e4n aikana Auri p\u00e4\u00e4see my\u00f6s rakkaiden siivouspuuhiensa pariin, ja my\u00f6nt\u00e4\u00e4 suoraan pesev\u00e4n monta koneellista pyykki\u00e4 p\u00e4iv\u00e4ss\u00e4.<\/p>\n<p class=\"article-content article-content-width !bg-background\">\u2013\u00a0Kun alettiin seurustella niin Samsuel sano et mun riippuvuus ei haittaa sit\u00e4 (&#8211;) ja saan aina pest\u00e4 niin monta koneellista pyykki\u00e4 ja tiski\u00e4 ku haluun,\u00a0Auri hehkuttaa julkaisun saatesanoissakin.<\/p>\n<p class=\"article-content article-content-width !bg-background\">Aamutoimien ja siivouksen j\u00e4lkeen Auri l\u00e4htee oman mummonsa eli Dallaspullan isomummon kanssa ravintolaan, mink\u00e4 j\u00e4lkeen mummo tulee Aurin ja Samin luokse kyl\u00e4\u00e4n.<\/p>\n<p class=\"article-content article-content-width !bg-background\">\u2013 M\u00e4 rakastan, kun on t\u00e4llaista tekemist\u00e4 \u2013 ja lapsen kanssa on, Auri iloitsee kiireisest\u00e4 p\u00e4iv\u00e4st\u00e4\u00e4n.<\/p>\n<p class=\"article-content article-content-width !bg-background\">Aurin p\u00e4iv\u00e4rutiinit ovat her\u00e4tt\u00e4neet paljon keskustelua h\u00e4nen seuraajissaan.\u00a0oli heti ensimm\u00e4isten joukossa ihailemassa p\u00e4iv\u00e4n kulua.<\/p>\n<p class=\"article-content article-content-width !bg-background\">\u2013\u00a0Ihanaa oliko mummi mukana, he nukahti yhdess\u00e4 vauvan kanssa p\u00e4ikyille,\u00a0laulaja hehkuttaa kommentissaan.<\/p>\n<p>        <a itemprop=\"url\" href=\"https:\/\/www.seiska.fi\/kotimaa\/tassa-on-auri-kanasen-rikas-mies-avautuu-seiskalle-jattikaupoistaan\/1546207\" rel=\"nofollow noopener\" target=\"_blank\"><\/p>\n<p class=\"section-date\">\n        <strong class=\"article-section\" data-section=\"kotimaa\"><br \/>\n            kotimaa<br \/>\n        <\/strong><br \/>\n        9.12.2024 18:00\n    <\/p>\n<p>T\u00e4ss\u00e4 on Auri Kanasen rikas mies \u2013 avautuu Seiskalle j\u00e4ttikaupoistaan\n    <\/p>\n<p itemprop=\"description\" class=\"subtitle \">\n    Supersuosittu siivouskuningatar esitteli Seiskalle varakkaan miehens\u00e4 ja kohutun asukokonaisuutensa.\n<\/p>\n<p>        <\/a><\/p>\n<p>Virtaa riitt\u00e4\u00e4<\/p>\n<p class=\"article-content article-content-width !bg-background\">Aurin siivousinto puhuttaa edelleen, ja videon kommenteissakin sit\u00e4 ihmetell\u00e4\u00e4n.<\/p>\n<p class=\"article-content article-content-width !bg-background\">\u2013\u00a0Muistakaahan, ett\u00e4 v\u00e4hempikin siivoaminen riitt\u00e4\u00e4,\u00a0kirjoittaa er\u00e4s kommentoija muistutuksena ilmeisesti muille kuin Aurille.<\/p>\n<p class=\"article-content article-content-width !bg-background\">Kommentoija t\u00e4sment\u00e4\u00e4, ett\u00e4 pit\u00e4\u00e4 ensisijaisena sit\u00e4, ett\u00e4 vanhemmat jaksavat viett\u00e4\u00e4 aikaa vauvansa kanssa. Jos voimat ovat v\u00e4hiss\u00e4, saattaa joillakin siivous j\u00e4\u00e4d\u00e4 v\u00e4hemm\u00e4lle.<\/p>\n<p class=\"article-content article-content-width !bg-background\">Aurin kohdalla n\u00e4in ei kuitenkaan ole, ja h\u00e4n kuittasi tilanteen omalta osaltaan ytimekk\u00e4\u00e4ll\u00e4 kommentilla.<\/p>\n<p class=\"article-content article-content-width !bg-background\">\u2013\u00a0Mulla ei oo voimat v\u00e4hiss\u00e4 ja t\u00e4rke\u00e4\u00e4 on saada tehd\u00e4 my\u00f6s omia juttuja. Hyvinvoiva \u00e4iti on vauvallekin parasta,\u00a0Auri summasi vastauksessaan.<\/p>\n<p class=\"article-content article-content-width !bg-background\">My\u00f6s alkuper\u00e4isen kommentin kirjoittaja painottaa, ettei ajattele Aurin toimivan v\u00e4\u00e4rin \u2013 h\u00e4n halusi vain muistuttaa muille \u00e4ideille, ett\u00e4 pyykk\u00e4ystahtia voi mahdollisesti rajoittaa, jos jaksaminen ei anna periksi.<\/p>\n<p class=\"article-content article-content-width !bg-background\">Auri lis\u00e4si videolle my\u00f6s lukuisat imetyskerrat, joita p\u00e4iv\u00e4n aikana kertyi. Siit\u00e4 h\u00e4n sai osakseen runsaasti kiitosta.<\/p>\n<p class=\"article-content article-content-width !bg-background\">\u2013\u00a0Erityisesti toi imetyksen hyv\u00e4ll\u00e4 tavalla n\u00e4kyv\u00e4ksi tekeminen on huikeet,\u00a0kiitell\u00e4\u00e4n Auria kommenteissa.<\/p>\n<p>        <a itemprop=\"url\" href=\"https:\/\/www.seiska.fi\/vain-seiskassa\/siivouskuningatar-auri-kananen-nayttaytyi-yllattavassa-seurassa-kuva\/1181636\" rel=\"nofollow noopener\" target=\"_blank\"><\/p>\n<p>\nVain Seiskassa!\n<\/p>\n<p class=\"section-date\">\n        <strong class=\"article-section\" data-section=\"vain seiskassa\"><br \/>\n            vain seiskassa<br \/>\n        <\/strong><br \/>\n        5.11.2023 10:00\n    <\/p>\n<p>Siivouskuningatar Auri Kananen n\u00e4ytt\u00e4ytyi yll\u00e4tt\u00e4v\u00e4ss\u00e4 seurassa \u2013 kuva\n    <\/p>\n<p itemprop=\"description\" class=\"subtitle \">\n    Auri n\u00e4ytt\u00e4ytyi kirjamessuilla.\n<\/p>\n<p>        <\/a><\/p>\n","protected":false},"excerpt":{"rendered":"20240914 J\u00c4RVENP\u00c4\u00c4. Miss Suomi 2024 -finaali. Auri Kananen. KUVA: ATTE KAJOVA ATTE KAJOVA Aurin vauva-arki on k\u00e4ynnistynyt vauhdikkaasti.&hellip;\n","protected":false},"author":2,"featured_media":111588,"comment_status":"","ping_status":"","sticky":false,"template":"","format":"standard","meta":{"footnotes":""},"categories":[136],"tags":[2444,407,137,33,31,30,3340,408,4793,98,5739,32,1461,5003,109],"class_list":{"0":"post-111587","1":"post","2":"type-post","3":"status-publish","4":"format-standard","5":"has-post-thumbnail","7":"category-julkkikset","8":"tag-auri-kananen","9":"tag-celebrities","10":"tag-entertainment","11":"tag-fi","12":"tag-finland","13":"tag-finnish","14":"tag-imetys","15":"tag-julkkikset","16":"tag-paula-vesala","17":"tag-perhe","18":"tag-siivous","19":"tag-suomi","20":"tag-vauva","21":"tag-vauva-arki","22":"tag-viihde"},"share_on_mastodon":{"url":"https:\/\/pubeurope.com\/@fi\/115688571061774780","error":""},"_links":{"self":[{"href":"https:\/\/www.europesays.com\/fi\/wp-json\/wp\/v2\/posts\/111587","targetHints":{"allow":["GET"]}}],"collection":[{"href":"https:\/\/www.europesays.com\/fi\/wp-json\/wp\/v2\/posts"}],"about":[{"href":"https:\/\/www.europesays.com\/fi\/wp-json\/wp\/v2\/types\/post"}],"author":[{"embeddable":true,"href":"https:\/\/www.europesays.com\/fi\/wp-json\/wp\/v2\/users\/2"}],"replies":[{"embeddable":true,"href":"https:\/\/www.europesays.com\/fi\/wp-json\/wp\/v2\/comments?post=111587"}],"version-history":[{"count":0,"href":"https:\/\/www.europesays.com\/fi\/wp-json\/wp\/v2\/posts\/111587\/revisions"}],"wp:featuredmedia":[{"embeddable":true,"href":"https:\/\/www.europesays.com\/fi\/wp-json\/wp\/v2\/media\/111588"}],"wp:attachment":[{"href":"https:\/\/www.europesays.com\/fi\/wp-json\/wp\/v2\/media?parent=111587"}],"wp:term":[{"taxonomy":"category","embeddable":true,"href":"https:\/\/www.europesays.com\/fi\/wp-json\/wp\/v2\/categories?post=111587"},{"taxonomy":"post_tag","embeddable":true,"href":"https:\/\/www.europesays.com\/fi\/wp-json\/wp\/v2\/tags?post=111587"}],"curies":[{"name":"wp","href":"https:\/\/api.w.org\/{rel}","templated":true}]}}