{"id":111589,"date":"2025-12-09T08:10:11","date_gmt":"2025-12-09T08:10:11","guid":{"rendered":"https:\/\/www.europesays.com\/fi\/111589\/"},"modified":"2025-12-09T08:10:11","modified_gmt":"2025-12-09T08:10:11","slug":"jaakiekko-nyt-puhuu-entisen-sm-liigakiekkoilijan-teloma-pelaaja","status":"publish","type":"post","link":"https:\/\/www.europesays.com\/fi\/111589\/","title":{"rendered":"J\u00e4\u00e4kiekko: Nyt puhuu entisen SM-liigakiekkoilijan teloma pelaaja"},"content":{"rendered":"<p>Entisen liigakiekkoilijan teosta on tehty rikosilmoitus.<\/p>\n<p class=\"article-body mb-nof-24 px-nof-16\">J\u00e4\u00e4kiekon kakkosdivisioonan eli nelj\u00e4nnen sarjatason lauantainen ottelu TuusKin ja EVUn v\u00e4lill\u00e4 p\u00e4\u00e4ttyi j\u00e4rkytt\u00e4v\u00e4sti.<\/p>\n<p class=\"article-body mb-nof-24 px-nof-16\">TuusKin hy\u00f6kk\u00e4\u00e4j\u00e4 <a class=\"article-personlink\" href=\"https:\/\/www.is.fi\/haku\/?query=Atte%20M%C3%A4kinen\" rel=\"nofollow noopener\" target=\"_blank\">Atte M\u00e4kinen<\/a> pimahti t\u00e4ysin ja sai ajassa 58.13 kaksi 5+20 minuutin rangaistusta keih\u00e4st\u00e4misest\u00e4 sek\u00e4 p\u00e4\u00e4n tai niskan alueelle kohdistuneesta taklauksesta. Yhteens\u00e4 entinen SM-liigahy\u00f6kk\u00e4\u00e4j\u00e4 sai tilanteesta 50 j\u00e4\u00e4hyminuuttia.<\/p>\n<p class=\"article-body mb-nof-24 px-nof-16\">EVUn puolustaja <a class=\"article-personlink\" href=\"https:\/\/www.is.fi\/haku\/?query=Eemeli%20Tykkyl%C3%A4inen\" rel=\"nofollow noopener\" target=\"_blank\">Eemeli Tykkyl\u00e4inen<\/a>, 22, loukkaantui tilanteessa pahasti. H\u00e4nell\u00e4 on kaksi kallonmurtumaa. IS on n\u00e4hnyt pelaajan l\u00e4\u00e4k\u00e4rintodistuksen.<\/p>\n<p class=\"article-body mb-nof-24 px-nof-16\">Tykkyl\u00e4isen mukaan v\u00e4likohtausta edelsi M\u00e4kisen aggressiivinen k\u00e4yt\u00f6s.<\/p>\n<p class=\"article-body mb-nof-24 px-nof-16\">\u2013\u2009H\u00e4n haki ensin koko vaihdon ajan aggressiivisia taklauksia meid\u00e4n pelaajiin, tulin itse vaihdosta kent\u00e4lle. Kopautin h\u00e4nt\u00e4 kevyesti mailalla housunreunaan ja kysyin, ett\u00e4 voisitko lopettaa. He johtivat 8\u20133 ja peli\u00e4 oli pari minuuttia j\u00e4ljell\u00e4. Sitten h\u00e4n k\u00e4\u00e4ntyi minua kohti ja iski mailalla p\u00e4\u00e4h\u00e4n, puolustaja kertoo.<\/p>\n<p class=\"article-body mb-nof-24 px-nof-16\">\u2013\u2009H\u00e4n l\u00f6i minua mailan tupilla kasvoihin ja osui silm\u00e4n alueelle. Tipahdin siit\u00e4 j\u00e4\u00e4h\u00e4n ja olin aivan veress\u00e4. Atte jatkoi rusikoimista, vaikka makasin j\u00e4\u00e4ss\u00e4. Tilanne loppui vasta, kun tuomarit tulivat v\u00e4liin, Tykkyl\u00e4inen sanoo.<\/p>\n<p class=\"article-body mb-nof-24 px-nof-16\">Tykkyl\u00e4inen on tehnyt tilanteesta rikosilmoituksen. IS on n\u00e4hnyt n\u00e4ytt\u00f6kuvan, jossa poliisi vahvistaa rikosilmoituksen vastaanotetuksi.<\/p>\n<p><img decoding=\"async\" src=\"https:\/\/www.europesays.com\/fi\/wp-content\/uploads\/2025\/12\/1765267810_220_468.jpg\" alt=\"Eemeli Tykkyl\u00e4isen oikea silm\u00e4 oli pahassa kunnossa lauantain ottelun j\u00e4lkeen.\" class=\"_Img_1rerz_1\" style=\"aspect-ratio:0.5625\" loading=\"eager\"\/><\/p>\n<p class=\"article-picture-caption\">Eemeli Tykkyl\u00e4isen oikea silm\u00e4 oli pahassa kunnossa lauantain ottelun j\u00e4lkeen. Kuva:\u00a0Eemeli Tykkyl\u00e4isen kotialbumi<\/p>\n<p class=\"article-body mb-nof-24 px-nof-16\">Tykkyl\u00e4isen mukaan SM-liigaa \u00c4ssien ja TPS:n paidassa pelannut M\u00e4kinen l\u00f6i h\u00e4nt\u00e4 t\u00e4ysin pelitilanteen ulkopuolella, EVUn vaihtoaition l\u00e4heisyydess\u00e4.<\/p>\n<p class=\"article-body mb-nof-24 px-nof-16\">Puolustaja arvioi, ett\u00e4 kiekko oli tilanteessa 30\u201340 metrin p\u00e4\u00e4ss\u00e4 kaksikosta. Siksi tilanne ei tallentunut ottelua peliv\u00e4linett\u00e4 seuraavan automaattikameran kuviin.<\/p>\n<p class=\"article-body mb-nof-24 px-nof-16\">\u2013 Huusin heti apua, kun tipuin j\u00e4\u00e4n pintaan. Ja sitten, kun tyyliin kaikki olivat mun p\u00e4\u00e4ll\u00e4, niin huusin \u201dapua, apua, lopettakaa nyt ihan oikeasti\u201d. N\u00e4in vain sivusilm\u00e4ll\u00e4, ett\u00e4 nyt vuotaa verta ja paljon, h\u00e4n kertoo.<\/p>\n<p class=\"article-body mb-nof-24 px-nof-16\">\u2013\u2009En oikein tiennyt mihin oli osunut, olin v\u00e4h\u00e4n sellaisessa shokkitilassa. Kun nousin yl\u00f6s niin tajusin, ett\u00e4 nyt on ly\u00f6ty pahasti. On isot vekit naamassa ja s\u00e4rkee kaikkialle.<\/p>\n<p><img decoding=\"async\" src=\"https:\/\/www.europesays.com\/fi\/wp-content\/uploads\/2025\/12\/1765267810_120_468.jpg\" alt=\"Eemeli Tykkyl\u00e4isen oikea silm\u00e4 on muurautunut umpeen.\" class=\"_Img_1rerz_1\" style=\"aspect-ratio:0.75\" loading=\"eager\"\/><\/p>\n<p class=\"article-picture-caption\">Eemeli Tykkyl\u00e4isen oikea silm\u00e4 on muurautunut umpeen. Kuva:\u00a0Eemeli Tykkyl\u00e4isen kotialbumi<\/p>\n<p class=\"article-body mb-nof-24 px-nof-16\">Tykkyl\u00e4inen kertoo, ett\u00e4 Tuusulan j\u00e4\u00e4hallille soitettiin ambulanssi.<\/p>\n<p class=\"article-body mb-nof-24 px-nof-16\">\u2013\u2009Menin koppiin, minut tutkittiin siell\u00e4 ja l\u00e4hetettiin sairaalaan. Olin p\u00e4ivystyksess\u00e4 yli kuusi tuntia, siell\u00e4 todettiin kallonmurtumat.<\/p>\n<p class=\"article-body mb-nof-24 px-nof-16\">\u2013\u2009Lis\u00e4ksi on kaksi haavaa silm\u00e4kulmassa ja silm\u00e4luomessa. Toinen tikattiin ja toinen liimattiin. T\u00e4ll\u00e4 hetkell\u00e4 odottelen, ett\u00e4 olenko leikkauksen tarpeessa, koska kallossa on kaksi niin isoa murtumaa.<\/p>\n<p class=\"article-body mb-nof-24 px-nof-16\">T\u00e4ll\u00e4 hetkell\u00e4 Tykkyl\u00e4inen ei n\u00e4e toisella silm\u00e4ll\u00e4\u00e4n mit\u00e4\u00e4n, sill\u00e4 se on muurautunut umpeen. Kallonmurtumat aiheuttavat h\u00e4nelle edelleen paljon kipua.<\/p>\n<p class=\"article-body mb-nof-24 px-nof-16\">\u2013\u2009Olen niin kivuissani, etten pysty k\u00e4ym\u00e4\u00e4n esimerkiksi kaupassa yksin, vantaalainen huokaisee.<\/p>\n<p class=\"article-body mb-nof-24 px-nof-16\">\u2013\u2009Mulla on viikon p\u00e4\u00e4st\u00e4 l\u00e4\u00e4k\u00e4ri. Silloin arvioidaan, ett\u00e4 pit\u00e4\u00e4k\u00f6 nuo kaksi murtumaa leikata, ett\u00e4 voisin viel\u00e4 n\u00e4hd\u00e4 kunnolla. Koska ne murtumat voivat vaikeuttaa sit\u00e4, voiko silm\u00e4ni liikkua ollenkaan.<\/p>\n<p><img decoding=\"async\" src=\"https:\/\/www.europesays.com\/fi\/wp-content\/uploads\/2025\/12\/1765267810_784_468.jpg\" alt=\"Eemeli Tykkyl\u00e4inen saattaa joutua viel\u00e4 leikattavaksi.\" class=\"_Img_1rerz_1\" style=\"aspect-ratio:0.75\" loading=\"eager\"\/><\/p>\n<p class=\"article-picture-caption\">Eemeli Tykkyl\u00e4inen saattaa joutua viel\u00e4 leikattavaksi. Kuva:\u00a0Eemeli Tykkyl\u00e4isen kotialbumi<\/p>\n<p class=\"article-body mb-nof-24 px-nof-16\">TuusKin p\u00e4\u00e4valmentaja <a class=\"article-personlink\" href=\"https:\/\/www.is.fi\/haku\/?query=Esa%20Civil\" rel=\"nofollow noopener\" target=\"_blank\">Esa Civil<\/a> kommentoi tapausta aiemmin maanantaina IS:lle.<\/p>\n<p class=\"article-body mb-nof-24 px-nof-16\">\u2013\u2009En tied\u00e4 tarkalleen, mik\u00e4 tuohon johti. Ilmeisesti herrojen v\u00e4lill\u00e4 oli jotain nokkapokkaa ja sanailua aiemmin pelin aikana, Civil sanoi.<\/p>\n<p class=\"article-body mb-nof-24 px-nof-16\">\u2013\u2009Tarpeeton teko meid\u00e4n pelaajaltamme. Peli py\u00f6ri silloin meid\u00e4n p\u00e4\u00e4dyss\u00e4mme, kun peli vihellettiin poikki. Vastustajan sinisell\u00e4 pari \u00e4ij\u00e4\u00e4 olivat p\u00e4\u00e4llekk\u00e4in, mutta sen tarkemmin en n\u00e4hnyt mit\u00e4 tapahtui.<\/p>\n<p class=\"article-body mb-nof-24 px-nof-16\">Civil lis\u00e4si my\u00f6s, ett\u00e4 M\u00e4kinen, 29, oli pyyt\u00e4nyt Tykkyl\u00e4iselt\u00e4 anteeksi ottelun j\u00e4lkeen.<\/p>\n<p class=\"article-body mb-nof-24 px-nof-16\">\u2013\u2009Atte k\u00e4vi pyyt\u00e4m\u00e4ss\u00e4 anteeksi heti ottelun j\u00e4lkeen vastustajalta, ja hoiti tilanteen ryhdikk\u00e4\u00e4sti.<\/p>\n<p class=\"article-body mb-nof-24 px-nof-16\">Tykkyl\u00e4inen ei itse niellyt TuusKin p\u00e4\u00e4valmentajan n\u00e4kemyksi\u00e4 ja uskoi h\u00e4nen tiet\u00e4v\u00e4n, mit\u00e4 tilanteessa tapahtui.<\/p>\n<p class=\"article-body mb-nof-24 px-nof-16\">Erityist\u00e4 n\u00e4rk\u00e4styst\u00e4 EVUn pelaajassa her\u00e4tti se, ett\u00e4 TuusKin valmentaja huusi vaihtopenkilt\u00e4, ett\u00e4 \u201dseh\u00e4n kerj\u00e4s sit\u00e4 vittu koko pelin\u201d. Tykkyl\u00e4inen makasi samalla j\u00e4\u00e4n pinnassa. Huuto kuuluu Leijonat TV:st\u00e4 l\u00f6ytyv\u00e4ll\u00e4 ottelun videotallenteella.<\/p>\n<p class=\"article-body mb-nof-24 px-nof-16\">\u2013\u2009En tied\u00e4, kuinka normaalia tai tervett\u00e4 on huutaa tuollaisia asioita kent\u00e4lle, kun 22-vuotias makaa veriss\u00e4\u00e4n j\u00e4\u00e4ll\u00e4.<\/p>\n<p class=\"article-body mb-nof-24 px-nof-16\">M\u00e4kisen anteeksipyynn\u00f6n Tykkyl\u00e4inen vahvistaa tapahtuneeksi.<\/p>\n<p class=\"article-body mb-nof-24 px-nof-16\">\u2013\u2009H\u00e4n k\u00e4vi nopeasti kopissa ottelun j\u00e4lkeen. Mutta mulla oli siin\u00e4 niin huono olo, kun vuosin verta, ett\u00e4 sanoin vaan joo joo.<\/p>\n<p class=\"article-body mb-nof-24 px-nof-16\">\u2013\u2009K\u00e4vi siis kyll\u00e4 pyyt\u00e4m\u00e4ss\u00e4 anteeksi. Mutta ei se sill\u00e4 korjaannu, kun mukiloi tuolla tavalla. Ei sen tuohon pit\u00e4isi j\u00e4\u00e4d\u00e4, ett\u00e4 voi vain livist\u00e4\u00e4 itse jutusta.<\/p>\n<p><img decoding=\"async\" src=\"https:\/\/www.europesays.com\/fi\/wp-content\/uploads\/2025\/12\/1765267811_946_468.jpg\" alt=\"Atte M\u00e4kinen pelasi SM-liigassa kausilla 2018\u201321. Kuva tammikuulta 2020, kun h\u00e4n edusti Porin \u00c4ssi\u00e4.\" class=\"_Img_1rerz_1\" style=\"aspect-ratio:1.5011727912431587\" loading=\"eager\"\/><\/p>\n<p class=\"article-picture-caption\">Atte M\u00e4kinen pelasi SM-liigassa kausilla 2018\u201321. Kuva tammikuulta 2020, kun h\u00e4n edusti Porin \u00c4ssi\u00e4. Kuva:\u00a0Heikki Westerg\u00e5rd<\/p>\n<p class=\"article-body mb-nof-24 px-nof-16\">IS tavoitti TuusKin joukkueenjohtajan <a class=\"article-personlink\" href=\"https:\/\/www.is.fi\/haku\/?query=Rauno%20Pyk%C3%A4l%C3%A4isen\" rel=\"nofollow noopener\" target=\"_blank\">Rauno Pyk\u00e4l\u00e4isen<\/a> maanantai-iltana.<\/p>\n<p class=\"article-body mb-nof-24 px-nof-16\">H\u00e4n oli lukenut aiemman tapauksessa <a class=\"article-genericlink\" href=\"https:\/\/www.is.fi\/jaakiekko\/art-2000011677064.html\" rel=\"nofollow noopener\" target=\"_blank\">kertovan uutisen<\/a> ja oli vahvasti sit\u00e4 mielt\u00e4, ett\u00e4 EVU pelasi ottelussa tyylitt\u00f6m\u00e4sti.<\/p>\n<p class=\"article-body mb-nof-24 px-nof-16\">\u2013\u2009Siin\u00e4 ei kerrota p\u00e4tk\u00e4\u00e4k\u00e4\u00e4n siit\u00e4, mit\u00e4 siin\u00e4 ottelussa oikeasti tapahtui ja miten EVU pelasi. Seh\u00e4n oli ihan taktiikkaa, ett\u00e4 ne hakkasivat meit\u00e4, ihan t\u00e4ysin, joukkueenjohtaja v\u00e4itt\u00e4\u00e4.<\/p>\n<p class=\"article-body mb-nof-24 px-nof-16\">Atte M\u00e4kinen ei halunnut itse kommentoida tapausta.<\/p>\n<p class=\"article-body mb-nof-24 px-nof-16\">Pyk\u00e4l\u00e4inen v\u00e4h\u00e4tteli M\u00e4kisen osuutta tilanteessa, josta h\u00e4nelle tuomittiin kaksi ottelurangaistusta.<\/p>\n<p class=\"article-body mb-nof-24 px-nof-16\">\u2013\u2009Seh\u00e4n oli puhdas vahinko. Tuomarit v\u00e4itt\u00e4\u00e4, ett\u00e4 se oli keih\u00e4st\u00e4minen. Siin\u00e4 vain oli maila k\u00e4dess\u00e4 kun se kaatui sinne ja siin\u00e4 isku tuli kyseiseen pelaajaan. Tuomariraportti on ihan fuulaa, niiden kertomuksessa ei ole mit\u00e4\u00e4n j\u00e4rke\u00e4, h\u00e4n sanaili.<\/p>\n<p class=\"article-body mb-nof-24 px-nof-16\">\u2013\u2009Siin\u00e4 tuli vahinko ja se kaveri (Tykkyl\u00e4inen) loukkaantui.<\/p>\n<p class=\"article-body mb-nof-24 px-nof-16\">Tykkyl\u00e4inen kertoo puhuneensa tilanteesta puhelimessa M\u00e4kisen kanssa.<\/p>\n<p class=\"article-body mb-nof-24 px-nof-16\">\u2013\u2009H\u00e4n on itse my\u00f6nt\u00e4nyt tilanteen minulle puhelimessa ja sanonut ly\u00f6neens\u00e4 minua tupilla. En ymm\u00e4rr\u00e4, miten joukkueenjohtaja voi sanoa sit\u00e4 vahingoksi, vantaalaisseuran pelaaja sanoo.<\/p>\n<p class=\"article-body mb-nof-24 px-nof-16\">\u2013\u2009Tarkoituksena ei ole t\u00e4ss\u00e4 lynkata ket\u00e4\u00e4n, tai pilata kenenk\u00e4\u00e4n mainetta.<\/p>\n<p class=\"article-body mb-nof-24 px-nof-16\">Tykkyl\u00e4inen huomautti, ettei h\u00e4neen kohdistunut isku kuulu j\u00e4\u00e4kiekkoon mill\u00e4\u00e4n tavalla. H\u00e4n ei my\u00f6sk\u00e4\u00e4n allekirjoita TuusKin johtohenkil\u00f6iden n\u00e4kemyst\u00e4 EVUn pelaajien k\u00e4yt\u00f6ksest\u00e4.<\/p>\n<p class=\"article-body mb-nof-24 px-nof-16\">\u2013 Siell\u00e4 oli ihan normijuttuja s\u00e4\u00e4nt\u00f6jen puitteissa. J\u00e4\u00e4kiekko-ottelussa voi tapahtua mit\u00e4 vaan huitomisia sun muita, Tykkyl\u00e4inen sanoi.<\/p>\n<p class=\"article-body mb-nof-24 px-nof-16\">\u2013\u2009Mutta tuollainen ei kuulu mill\u00e4\u00e4n tavalla j\u00e4\u00e4kiekkokaukaloon, en tied\u00e4 miten h\u00e4n voi verrata ottelussa tapahtuvia asioita tuohon. Se ei ole mill\u00e4\u00e4n tavalla verrattavissa.<\/p>\n","protected":false},"excerpt":{"rendered":"Entisen liigakiekkoilijan teosta on tehty rikosilmoitus. J\u00e4\u00e4kiekon kakkosdivisioonan eli nelj\u00e4nnen sarjatason lauantainen ottelu TuusKin ja EVUn v\u00e4lill\u00e4 p\u00e4\u00e4ttyi&hellip;\n","protected":false},"author":2,"featured_media":111590,"comment_status":"","ping_status":"","sticky":false,"template":"","format":"standard","meta":{"footnotes":""},"categories":[158],"tags":[33,31,30,34,159,32,160],"class_list":{"0":"post-111589","1":"post","2":"type-post","3":"status-publish","4":"format-standard","5":"has-post-thumbnail","7":"category-urheilu","8":"tag-fi","9":"tag-finland","10":"tag-finnish","11":"tag-ilta-sanomat","12":"tag-sports","13":"tag-suomi","14":"tag-urheilu"},"share_on_mastodon":{"url":"https:\/\/pubeurope.com\/@fi\/115688599236814650","error":""},"_links":{"self":[{"href":"https:\/\/www.europesays.com\/fi\/wp-json\/wp\/v2\/posts\/111589","targetHints":{"allow":["GET"]}}],"collection":[{"href":"https:\/\/www.europesays.com\/fi\/wp-json\/wp\/v2\/posts"}],"about":[{"href":"https:\/\/www.europesays.com\/fi\/wp-json\/wp\/v2\/types\/post"}],"author":[{"embeddable":true,"href":"https:\/\/www.europesays.com\/fi\/wp-json\/wp\/v2\/users\/2"}],"replies":[{"embeddable":true,"href":"https:\/\/www.europesays.com\/fi\/wp-json\/wp\/v2\/comments?post=111589"}],"version-history":[{"count":0,"href":"https:\/\/www.europesays.com\/fi\/wp-json\/wp\/v2\/posts\/111589\/revisions"}],"wp:featuredmedia":[{"embeddable":true,"href":"https:\/\/www.europesays.com\/fi\/wp-json\/wp\/v2\/media\/111590"}],"wp:attachment":[{"href":"https:\/\/www.europesays.com\/fi\/wp-json\/wp\/v2\/media?parent=111589"}],"wp:term":[{"taxonomy":"category","embeddable":true,"href":"https:\/\/www.europesays.com\/fi\/wp-json\/wp\/v2\/categories?post=111589"},{"taxonomy":"post_tag","embeddable":true,"href":"https:\/\/www.europesays.com\/fi\/wp-json\/wp\/v2\/tags?post=111589"}],"curies":[{"name":"wp","href":"https:\/\/api.w.org\/{rel}","templated":true}]}}