{"id":111591,"date":"2025-12-09T08:11:10","date_gmt":"2025-12-09T08:11:10","guid":{"rendered":"https:\/\/www.europesays.com\/fi\/111591\/"},"modified":"2025-12-09T08:11:10","modified_gmt":"2025-12-09T08:11:10","slug":"podcast-katja-stahl-saa-uudelta-rakkaaltaan-yllattavia-kuvia-en-ole-pyytanyt","status":"publish","type":"post","link":"https:\/\/www.europesays.com\/fi\/111591\/","title":{"rendered":"Podcast: Katja St\u00e5hl saa uudelta rakkaaltaan yll\u00e4tt\u00e4vi\u00e4 kuvia: \u201dEn ole pyyt\u00e4nyt\u201d"},"content":{"rendered":"<p>Katja St\u00e5hl puhuu uudesta suhteestaan Saatan olla v\u00e4\u00e4r\u00e4ss\u00e4 -podcastissa.<\/p>\n<p><img decoding=\"async\" class=\"image image-show image-preview\" src=\"https:\/\/www.europesays.com\/fi\/wp-content\/uploads\/2025\/12\/8c89ba8a11ac0eba045a0c0cb3124b11fa8ad95880654728f4fadf30115b10c2.png\" alt=\"\"\/><img decoding=\"async\" class=\"image image-show\" src=\"https:\/\/www.europesays.com\/fi\/wp-content\/uploads\/2025\/09\/1758198969_437_8c89ba8a11ac0eba045a0c0cb3124b11fa8ad95880654728f4fadf30115b10c2.png\" alt=\"\"\/><\/p>\n<p>Katja St\u00e5hl julkisti uuden suhteensa joulukuun alussa. Helj\u00e4 Salonen<\/p>\n<p class=\"paragraph\">Juontaja <strong>Katja St\u00e5hl<\/strong>, 56, tekee paljastuksia uudesta suhteestaan <a href=\"https:\/\/open.podimo.com\/podcast\/fa7eb855-60e8-4bfc-ac19-abdd33a1df7d\" target=\"_blank\" rel=\"noopener nofollow\">Saatan olla v\u00e4\u00e4r\u00e4ss\u00e4kin<\/a> -podcastissa. St\u00e5hl kertoi joulukuun alussa samassa podcastissa <a href=\"https:\/\/www.iltalehti.fi\/viihdeuutiset\/ce58100e-1d85-410f-8329-d1f48ee6b90d\" rel=\"nofollow noopener\" target=\"_blank\">seurustelevansa<\/a>.<\/p>\n<p class=\"paragraph\">St\u00e5hl tunnustaa juontoparilleen <strong>Kimmo Vehvil\u00e4iselle<\/strong>, 53, ett\u00e4 h\u00e4n on jo lyhyess\u00e4 ajassa puuttunut kumppaninsa ruokavalioon. St\u00e5hlin mukaan h\u00e4nen kumppanillaan on samankaltainen ruokavalio kuin ex-j\u00e4\u00e4kiekkoilija <strong>Timo Jutilalla<\/strong>, 61.<\/p>\n<p class=\"paragraph\">\u2013 H\u00e4n l\u00f6ysi jostain jonkun lehtijutun, jossa Timo Jutila sanoi, ett\u00e4 h\u00e4n sy\u00f6 vain kerran p\u00e4iv\u00e4ss\u00e4. H\u00e4n sanoi: \u201dKatso, Jutilakin sy\u00f6 vain kerran p\u00e4iv\u00e4ss\u00e4\u201d. Sanoin siihen, ett\u00e4 \u201dJutilahan n\u00e4ytt\u00e4\u00e4 aika kuumalta, h\u00e4h?\u201d St\u00e5hl kertoo jaksossa ja viittaa Jutilan kertomiin asioihin <a href=\"https:\/\/www.iltalehti.fi\/viihdeuutiset\/36d800cd-2359-4cc9-99e0-760b37c894d5\" rel=\"nofollow noopener\" target=\"_blank\">ruokavaliostaan<\/a> Olet mit\u00e4 sy\u00f6t -ohjelmassa.<\/p>\n<p class=\"paragraph\">\u2013 Surrautin h\u00e4nelle aamulla smoothien. Ihan vain, ett\u00e4 h\u00e4n tiet\u00e4\u00e4, milt\u00e4 tuntuu, kun on sy\u00f6nyt jotain aamupalatyyppist\u00e4. H\u00e4n sanoi: \u201dT\u00e4m\u00e4 ei voi olla terveellist\u00e4, kun t\u00e4m\u00e4 on hyv\u00e4n makuista\u201d. Sanoin: \u201dNiinp\u00e4 niin. Katsos, ruokakin voi olla hyv\u00e4\u00e4 ja terveellist\u00e4 samaan aikaan\u201d, h\u00e4n paljastaa.<\/p>\n<p>Katja St\u00e5hl kuvailee uuden kumppaninsa ruokavalion olevan samankaltainen kuin Timo Jutilalla. Roosa Br\u00f6ijer<\/p>\n<p class=\"paragraph\">St\u00e5hl kertoo kumppaninsa l\u00e4hett\u00e4v\u00e4n h\u00e4nelle kuvia, joissa h\u00e4nell\u00e4 on todistetusti \u201dvihre\u00e4\u00e4 lautasella\u201d.<\/p>\n<p class=\"paragraph\">\u2013 En ole pyyt\u00e4nyt, juontaja tekee selv\u00e4ksi.<\/p>\n<p class=\"paragraph\">St\u00e5hl toteaa pit\u00e4v\u00e4ns\u00e4 vain huolta kumppaninsa hyvinvoinnista ja jaksamisesta.<\/p>\n<p class=\"paragraph\">\u2013 Olen sanonut, ettei minulla ole aikomuksena alkaa omaishoitajaksi l\u00e4hiaikoina.<\/p>\n<p class=\"paragraph\">St\u00e5hl tunnustaa, ettei ole itse ollut koskaan kovin \u201dviisas\u201d oman sy\u00f6misens\u00e4 suhteen.<\/p>\n<p class=\"paragraph\">\u2013 En ole esimerkiksi tajunnut, ett\u00e4 se vaikuttaa mielialaan. Vasta viidenkympin j\u00e4lkeen on valjennut, ett\u00e4 jos olen sy\u00f6nyt ja nesteytynyt, olen paremmalla tuulella. Tai ett\u00e4 jaksan paremmin, juontaja avaa.<\/p>\n<p class=\"paragraph\">St\u00e5hl kertoi joulukuun alussa podcastissa, ett\u00e4 tapasi uuden kumppanin ensimm\u00e4ist\u00e4 kertaa kaksi kuukautta sitten. Juontaja paljasti my\u00f6s tavan, jolla oli ilmoittanut uudesta kumppanistaan.<\/p>\n<p class=\"paragraph\">\u2013 Laitoin kuvan tytt\u00e4relleni ja kysyin, olisiko t\u00e4ss\u00e4 hyv\u00e4 is\u00e4puoli, St\u00e5hl kertoi.<\/p>\n<p class=\"paragraph\">\u2013 H\u00e4n oli vaan, ett\u00e4 \u201dJoo joo, n\u00e4ytt\u00e4\u00e4 ihan lempe\u00e4lt\u00e4\u201d. Vastasin, ett\u00e4 eik\u00f6 vain, h\u00e4n lis\u00e4si.<\/p>\n","protected":false},"excerpt":{"rendered":"Katja St\u00e5hl puhuu uudesta suhteestaan Saatan olla v\u00e4\u00e4r\u00e4ss\u00e4 -podcastissa. Katja St\u00e5hl julkisti uuden suhteensa joulukuun alussa. Helj\u00e4 Salonen&hellip;\n","protected":false},"author":2,"featured_media":38598,"comment_status":"","ping_status":"","sticky":false,"template":"","format":"standard","meta":{"footnotes":""},"categories":[130],"tags":[35,137,33,31,30,101,99,100,98,900,32,109],"class_list":{"0":"post-111591","1":"post","2":"type-post","3":"status-publish","4":"format-standard","5":"has-post-thumbnail","7":"category-viihde","8":"tag-24h","9":"tag-entertainment","10":"tag-fi","11":"tag-finland","12":"tag-finnish","13":"tag-ihmissuhteet","14":"tag-lapset","15":"tag-lapset-ja-nuoret","16":"tag-perhe","17":"tag-ruoka","18":"tag-suomi","19":"tag-viihde"},"share_on_mastodon":{"url":"https:\/\/pubeurope.com\/@fi\/115688602663535076","error":""},"_links":{"self":[{"href":"https:\/\/www.europesays.com\/fi\/wp-json\/wp\/v2\/posts\/111591","targetHints":{"allow":["GET"]}}],"collection":[{"href":"https:\/\/www.europesays.com\/fi\/wp-json\/wp\/v2\/posts"}],"about":[{"href":"https:\/\/www.europesays.com\/fi\/wp-json\/wp\/v2\/types\/post"}],"author":[{"embeddable":true,"href":"https:\/\/www.europesays.com\/fi\/wp-json\/wp\/v2\/users\/2"}],"replies":[{"embeddable":true,"href":"https:\/\/www.europesays.com\/fi\/wp-json\/wp\/v2\/comments?post=111591"}],"version-history":[{"count":0,"href":"https:\/\/www.europesays.com\/fi\/wp-json\/wp\/v2\/posts\/111591\/revisions"}],"wp:featuredmedia":[{"embeddable":true,"href":"https:\/\/www.europesays.com\/fi\/wp-json\/wp\/v2\/media\/38598"}],"wp:attachment":[{"href":"https:\/\/www.europesays.com\/fi\/wp-json\/wp\/v2\/media?parent=111591"}],"wp:term":[{"taxonomy":"category","embeddable":true,"href":"https:\/\/www.europesays.com\/fi\/wp-json\/wp\/v2\/categories?post=111591"},{"taxonomy":"post_tag","embeddable":true,"href":"https:\/\/www.europesays.com\/fi\/wp-json\/wp\/v2\/tags?post=111591"}],"curies":[{"name":"wp","href":"https:\/\/api.w.org\/{rel}","templated":true}]}}