{"id":111598,"date":"2025-12-09T08:17:08","date_gmt":"2025-12-09T08:17:08","guid":{"rendered":"https:\/\/www.europesays.com\/fi\/111598\/"},"modified":"2025-12-09T08:17:08","modified_gmt":"2025-12-09T08:17:08","slug":"jos-asut-taalla-tarkasta-piha-ja-varastot-tama-mies-voi-olla-siella","status":"publish","type":"post","link":"https:\/\/www.europesays.com\/fi\/111598\/","title":{"rendered":"Jos asut t\u00e4\u00e4ll\u00e4, tarkasta piha ja varastot \u2013 T\u00e4m\u00e4 mies voi olla siell\u00e4"},"content":{"rendered":"<p>I\u00e4k\u00e4s mies ei palannut eilen illalla kauppareissulta Kaarinan Auvaisissa. <\/p>\n<p><img decoding=\"async\" class=\"image image-show image-preview\" src=\"https:\/\/www.europesays.com\/fi\/wp-content\/uploads\/2025\/12\/24d4f0e73b70ce5e59ee9ead9e960a93c074d992c35a55eb1f948a310c198799.jpg\" alt=\"\"\/><img decoding=\"async\" class=\"image image-show\" src=\"https:\/\/www.europesays.com\/fi\/wp-content\/uploads\/2025\/12\/1765268228_299_24d4f0e73b70ce5e59ee9ead9e960a93c074d992c35a55eb1f948a310c198799.jpg\" alt=\"\"\/><\/p>\n<p>Poliisi julkaisi kuvan etsityst\u00e4 henkil\u00f6st\u00e4. Kuvat: Poliisi<\/p>\n<p class=\"paragraph\">Poliisi etsii noin 80-vuotiasta miest\u00e4, joka ei palannut maanantaina illalla kauppareissulta.<\/p>\n<p class=\"paragraph\">Mies l\u00e4hti kauppaan Kaarinan Auvaisista harmaalla Toyota Corollalla. Auto l\u00f6ytyi aamulla Raisiosta Jermuntielt\u00e4, mutta vanhus ei ollut autossa.<\/p>\n<p class=\"paragraph\">Poliisin mukaan vanhus ei v\u00e4ltt\u00e4m\u00e4tt\u00e4 l\u00f6yd\u00e4 itse kotiin.<\/p>\n<p class=\"paragraph\">H\u00e4n liikkuu huonosti, mutta h\u00e4nell\u00e4 ei ole k\u00e4yt\u00f6ss\u00e4 apuv\u00e4lineit\u00e4. H\u00e4n k\u00e4ytt\u00e4\u00e4 silm\u00e4laseja. H\u00e4nell\u00e4 on p\u00e4\u00e4ll\u00e4\u00e4n musta-oranssi takki, jossa on teksti Harley Davidson. Muuten h\u00e4n on pukeutunut mustiin.<\/p>\n<p class=\"paragraph\">Havainnoista pyydet\u00e4\u00e4n ilmoittamaan h\u00e4t\u00e4numeroon 112. Lis\u00e4ksi poliisi pyyt\u00e4\u00e4 Raision Ihalan ja Polusm\u00e4en alueella olevia asukkaita tarkastamaan pihansa ja ulkovarastonsa.<\/p>\n","protected":false},"excerpt":{"rendered":"I\u00e4k\u00e4s mies ei palannut eilen illalla kauppareissulta Kaarinan Auvaisissa. Poliisi julkaisi kuvan etsityst\u00e4 henkil\u00f6st\u00e4. Kuvat: Poliisi Poliisi etsii&hellip;\n","protected":false},"author":2,"featured_media":111599,"comment_status":"","ping_status":"","sticky":false,"template":"","format":"standard","meta":{"footnotes":""},"categories":[5],"tags":[35,648,22,23,26,27,33,31,30,17,24,25,121,1048,28,29,82,15,18,21,32,128,19,20,16],"class_list":{"0":"post-111598","1":"post","2":"type-post","3":"status-publish","4":"format-standard","5":"has-post-thumbnail","7":"category-otsikot","8":"tag-24h","9":"tag-autot","10":"tag-breaking-news","11":"tag-breakingnews","12":"tag-featured-news","13":"tag-featurednews","14":"tag-fi","15":"tag-finland","16":"tag-finnish","17":"tag-headlines","18":"tag-latest-news","19":"tag-latestnews","20":"tag-liikenne-ja-kuljetus","21":"tag-maakulkuneuvot","22":"tag-main-news","23":"tag-mainnews","24":"tag-moottoriajoneuvot","25":"tag-news","26":"tag-otsikot","27":"tag-paauutiset","28":"tag-suomi","29":"tag-tieliikenne","30":"tag-top-stories","31":"tag-topstories","32":"tag-uutiset"},"share_on_mastodon":{"url":"https:\/\/pubeurope.com\/@fi\/115688626317216015","error":""},"_links":{"self":[{"href":"https:\/\/www.europesays.com\/fi\/wp-json\/wp\/v2\/posts\/111598","targetHints":{"allow":["GET"]}}],"collection":[{"href":"https:\/\/www.europesays.com\/fi\/wp-json\/wp\/v2\/posts"}],"about":[{"href":"https:\/\/www.europesays.com\/fi\/wp-json\/wp\/v2\/types\/post"}],"author":[{"embeddable":true,"href":"https:\/\/www.europesays.com\/fi\/wp-json\/wp\/v2\/users\/2"}],"replies":[{"embeddable":true,"href":"https:\/\/www.europesays.com\/fi\/wp-json\/wp\/v2\/comments?post=111598"}],"version-history":[{"count":0,"href":"https:\/\/www.europesays.com\/fi\/wp-json\/wp\/v2\/posts\/111598\/revisions"}],"wp:featuredmedia":[{"embeddable":true,"href":"https:\/\/www.europesays.com\/fi\/wp-json\/wp\/v2\/media\/111599"}],"wp:attachment":[{"href":"https:\/\/www.europesays.com\/fi\/wp-json\/wp\/v2\/media?parent=111598"}],"wp:term":[{"taxonomy":"category","embeddable":true,"href":"https:\/\/www.europesays.com\/fi\/wp-json\/wp\/v2\/categories?post=111598"},{"taxonomy":"post_tag","embeddable":true,"href":"https:\/\/www.europesays.com\/fi\/wp-json\/wp\/v2\/tags?post=111598"}],"curies":[{"name":"wp","href":"https:\/\/api.w.org\/{rel}","templated":true}]}}