{"id":111603,"date":"2025-12-09T08:36:47","date_gmt":"2025-12-09T08:36:47","guid":{"rendered":"https:\/\/www.europesays.com\/fi\/111603\/"},"modified":"2025-12-09T08:36:47","modified_gmt":"2025-12-09T08:36:47","slug":"tommi-makinen-61-palaa-toyotan-wrc-auton-rattiin","status":"publish","type":"post","link":"https:\/\/www.europesays.com\/fi\/111603\/","title":{"rendered":"Tommi M\u00e4kinen, 61, palaa Toyotan WRC-auton rattiin"},"content":{"rendered":"<p>Rallin nelinkertainen maailmanmestari Tommi M\u00e4kinen verest\u00e4\u00e4 vanhoja muistoja. <\/p>\n<p><img decoding=\"async\" class=\"image image-show image-preview\" src=\"https:\/\/www.europesays.com\/fi\/wp-content\/uploads\/2025\/12\/0162d4f65e72658f5fce9873dab693cd4ba533801fdf4d8c1b685eece4f084d8.jpg\" alt=\"\"\/><img decoding=\"async\" class=\"image image-show\" src=\"https:\/\/www.europesays.com\/fi\/wp-content\/uploads\/2025\/12\/1765269407_216_0162d4f65e72658f5fce9873dab693cd4ba533801fdf4d8c1b685eece4f084d8.jpg\" alt=\"\"\/><\/p>\n<p>Maailmanmestari n\u00e4hd\u00e4\u00e4n SM-juhlarallissa.  Mikko Huisko<\/p>\n<p class=\"paragraph\"><strong>Tommi M\u00e4kinen<\/strong>, 61, ajaa nolla-autoa SM-kauden avaavassa Mikkelin 60-vuotisjuhlarallissa 17. tammikuuta 2026.<\/p>\n<p class=\"paragraph\">Nolla-auto toimii kilpailunj\u00e4rjest\u00e4j\u00e4n alaisuudessa ja tarkistaa erikoiskokeet viimeisen\u00e4 ennen kuin kilpailijat l\u00e4htev\u00e4t liikkeelle.<\/p>\n<p class=\"paragraph\">Tammikuussa M\u00e4kinen saa allensa Puuppolassa tehdyn Toyota Yaris WRC-testiauton, lajinsa viimeisen edustajan.<\/p>\n<p class=\"paragraph\">Rallipolulla WRC-tykki on viimeksi ollut miehen hyppysiss\u00e4 vuonna 2016. Ajatus SM-ajoista her\u00e4si viime talvena j\u00e4\u00e4radalla.<\/p>\n<p class=\"paragraph\">\u2013 N\u00e4m\u00e4 viimeiset WRC-autot ovat niin hienoja, ett\u00e4 sen takia kiinnostaa ajaa, nimenomaan n\u00e4ill\u00e4, M\u00e4kinen naurahtaa tiedotteessa.<\/p>\n<p class=\"paragraph\">Rallin nelinkertaisen maailmanmestarin ura p\u00e4\u00e4ttyi vuonna 2003.<\/p>\n<p class=\"paragraph\">M\u00e4kinen toimi Toyotan tallip\u00e4\u00e4llikk\u00f6n\u00e4 vuodet 2017\u20132020, mink\u00e4 j\u00e4lkeen h\u00e4n siirtyi japanilaismerkin neuvonantajan teht\u00e4viin.<\/p>\n","protected":false},"excerpt":{"rendered":"Rallin nelinkertainen maailmanmestari Tommi M\u00e4kinen verest\u00e4\u00e4 vanhoja muistoja. Maailmanmestari n\u00e4hd\u00e4\u00e4n SM-juhlarallissa. Mikko Huisko Tommi M\u00e4kinen, 61, ajaa nolla-autoa&hellip;\n","protected":false},"author":2,"featured_media":111604,"comment_status":"","ping_status":"","sticky":false,"template":"","format":"standard","meta":{"footnotes":""},"categories":[158],"tags":[35,648,33,31,30,41,3584,3681,159,32,128,160],"class_list":{"0":"post-111603","1":"post","2":"type-post","3":"status-publish","4":"format-standard","5":"has-post-thumbnail","7":"category-urheilu","8":"tag-24h","9":"tag-autot","10":"tag-fi","11":"tag-finland","12":"tag-finnish","13":"tag-liikunta-ja-urheilu","14":"tag-mm-rallit","15":"tag-ralliautoilijat","16":"tag-sports","17":"tag-suomi","18":"tag-tieliikenne","19":"tag-urheilu"},"share_on_mastodon":{"url":"https:\/\/pubeurope.com\/@fi\/115688701353670070","error":""},"_links":{"self":[{"href":"https:\/\/www.europesays.com\/fi\/wp-json\/wp\/v2\/posts\/111603","targetHints":{"allow":["GET"]}}],"collection":[{"href":"https:\/\/www.europesays.com\/fi\/wp-json\/wp\/v2\/posts"}],"about":[{"href":"https:\/\/www.europesays.com\/fi\/wp-json\/wp\/v2\/types\/post"}],"author":[{"embeddable":true,"href":"https:\/\/www.europesays.com\/fi\/wp-json\/wp\/v2\/users\/2"}],"replies":[{"embeddable":true,"href":"https:\/\/www.europesays.com\/fi\/wp-json\/wp\/v2\/comments?post=111603"}],"version-history":[{"count":0,"href":"https:\/\/www.europesays.com\/fi\/wp-json\/wp\/v2\/posts\/111603\/revisions"}],"wp:featuredmedia":[{"embeddable":true,"href":"https:\/\/www.europesays.com\/fi\/wp-json\/wp\/v2\/media\/111604"}],"wp:attachment":[{"href":"https:\/\/www.europesays.com\/fi\/wp-json\/wp\/v2\/media?parent=111603"}],"wp:term":[{"taxonomy":"category","embeddable":true,"href":"https:\/\/www.europesays.com\/fi\/wp-json\/wp\/v2\/categories?post=111603"},{"taxonomy":"post_tag","embeddable":true,"href":"https:\/\/www.europesays.com\/fi\/wp-json\/wp\/v2\/tags?post=111603"}],"curies":[{"name":"wp","href":"https:\/\/api.w.org\/{rel}","templated":true}]}}