{"id":111632,"date":"2025-12-09T09:24:09","date_gmt":"2025-12-09T09:24:09","guid":{"rendered":"https:\/\/www.europesays.com\/fi\/111632\/"},"modified":"2025-12-09T09:24:09","modified_gmt":"2025-12-09T09:24:09","slug":"suomen-taidehistorian-tarkein-nayttely-new-yorkissa-auenneen-schjerfbeck-nayttelyn-jarjestelija-hehkuttaa-yle","status":"publish","type":"post","link":"https:\/\/www.europesays.com\/fi\/111632\/","title":{"rendered":"\u201dSuomen taidehistorian t\u00e4rkein n\u00e4yttely\u201d \u2013 New Yorkissa auenneen Schjerfbeck-n\u00e4yttelyn j\u00e4rjestelij\u00e4 hehkuttaa &#8211; Yle"},"content":{"rendered":"<ol>\n<li><a href=\"https:\/\/news.google.com\/rss\/articles\/CBMiQkFVX3lxTE9XTzhDNGliX09WcWdNWnZuSms0cmI1eUh0eXRjZ3FISThhdXBHNEx2QUNKNE1Da3Z1ajZWdVNXZ1o1UQ?oc=5\" target=\"_blank\" rel=\"nofollow noopener\">\u201dSuomen taidehistorian t\u00e4rkein n\u00e4yttely\u201d \u2013 New Yorkissa auenneen Schjerfbeck-n\u00e4yttelyn j\u00e4rjestelij\u00e4 hehkuttaa<\/a>&nbsp;&nbsp;Yle<\/li>\n<li><a href=\"https:\/\/news.google.com\/rss\/articles\/CBMiWkFVX3lxTE10aUdreTFKMndvZEtZYTRyUndUT21lcXE1c0lHTmRuT1l4Q2QxbjQ1WHlIbmdMWWgyN1cwQ2djWUZiRDhQdExLT1AxN1ZtZk02NXNRbnpmZVhfQQ?oc=5\" target=\"_blank\" rel=\"nofollow noopener\">HS New Yorkissa | Amerikansuomalainen lahjoittaja j\u00e4rjesti rahoillaan Schjerfbeck-n\u00e4yttelyn kuuluisaan museoon<\/a>&nbsp;&nbsp;HS.fi<\/li>\n<li><a href=\"https:\/\/news.google.com\/rss\/articles\/CBMipwFBVV95cUxNWjl0amJOTUFieWFHcTdLalNFTnNYeEFnRFQtRzlMaDg3QU1WT1p0M3dIcUh1a0xwV05Ba1NUc3JiSkdxbDJ4TEZDXzV2ZVBEeVhoTnNwV1h5bG1DWTgzd05lRTVyblg0VjVKOHhLOHRhSVpWd1lxbkNldlBOM1A2ZzljNlQ2MURIMnlRVXVKUFByaVJDM0RzWnpVenh0YzdvalFsVGI4aw?oc=5\" target=\"_blank\" rel=\"nofollow noopener\">The Met ja Finnish Design Shop yhteisty\u00f6h\u00f6n: Helene Schjerfbeckin n\u00e4yttely\u00e4 juhlistetaan kodinmallistolla<\/a>&nbsp;&nbsp;Amusa.fi<\/li>\n<li><a href=\"https:\/\/news.google.com\/rss\/articles\/CBMiV0FVX3lxTE9YZUtZcjRzczZrV1pNa1ZlYTFfMHlNb2w4V3BLTVhHLWR4UmliVmxZMGJzUVBLMkU0c0hoZTNRd1lKaTlxeUYyRjBsMVNuZ2lLN09MeXh5bw?oc=5\" target=\"_blank\" rel=\"nofollow noopener\">H\u00e4mm\u00e4stelty arvoteos Riihim\u00e4elt\u00e4 on esill\u00e4 New Yorkissa kev\u00e4\u00e4seen 2026 asti<\/a>&nbsp;&nbsp;Aamuposti<\/li>\n<li><a href=\"https:\/\/news.google.com\/rss\/articles\/CBMi4AFBVV95cUxQZVlEMnhVYlpVVGFZOU0zM3pITG9xVndxNGdOSURJcWF0TVE5blpCVk1jdnFIdXpCVEtHbWVEZk81QTNSVi0zSHNraGtiNkNwNlhJM1A2MldySnFnRHdXbzN2ajJadlo0cnYxWk1wN2xwYXdaZDJmZHFnSEVaS1NwbWJoeXFudks2cWc4VE5FQXZscUtJNU5ZakRHemg4VGJYcEdUS0NPS00tR2lyd1VRMEFtZld5R3ZPeE1aWHFaamhEVW5ZSkxJQjFFWlkyWGYzNkluN0JNT1Nrbi16V3NzUg?oc=5\" target=\"_blank\" rel=\"nofollow noopener\">Riihim\u00e4en taidemuseon kaksipuoleinen Schjerfbeck-teos on esill\u00e4 Metropolitan Museum of Artissa New Yorkissa<\/a>&nbsp;&nbsp;Riihim\u00e4ki<\/li>\n<\/ol>\n","protected":false},"excerpt":{"rendered":"\u201dSuomen taidehistorian t\u00e4rkein n\u00e4yttely\u201d \u2013 New Yorkissa auenneen Schjerfbeck-n\u00e4yttelyn j\u00e4rjestelij\u00e4 hehkuttaa&nbsp;&nbsp;Yle HS New Yorkissa | Amerikansuomalainen lahjoittaja j\u00e4rjesti&hellip;\n","protected":false},"author":2,"featured_media":111633,"comment_status":"","ping_status":"","sticky":false,"template":"","format":"standard","meta":{"footnotes":""},"categories":[135],"tags":[389,387,388,390,137,33,31,30,2047,108,18531,5995,32,394,393,391,392,56,109,619],"class_list":{"0":"post-111632","1":"post","2":"type-post","3":"status-publish","4":"format-standard","5":"has-post-thumbnail","7":"category-taiteet-ja-suunnittelu","8":"tag-arts","9":"tag-arts-and-design","10":"tag-artsanddesign","11":"tag-design","12":"tag-entertainment","13":"tag-fi","14":"tag-finland","15":"tag-finnish","16":"tag-helene-schjerfbeck","17":"tag-kulttuuri","18":"tag-metropolitan-museum-of-art","19":"tag-new-york","20":"tag-suomi","21":"tag-suunnittelu","22":"tag-taiteet","23":"tag-taiteet-ja-suunnittelu","24":"tag-taiteetsuunnittelu","25":"tag-ulkomaat","26":"tag-viihde","27":"tag-yhdysvallat"},"share_on_mastodon":{"url":"https:\/\/pubeurope.com\/@fi\/115688889614874210","error":""},"_links":{"self":[{"href":"https:\/\/www.europesays.com\/fi\/wp-json\/wp\/v2\/posts\/111632","targetHints":{"allow":["GET"]}}],"collection":[{"href":"https:\/\/www.europesays.com\/fi\/wp-json\/wp\/v2\/posts"}],"about":[{"href":"https:\/\/www.europesays.com\/fi\/wp-json\/wp\/v2\/types\/post"}],"author":[{"embeddable":true,"href":"https:\/\/www.europesays.com\/fi\/wp-json\/wp\/v2\/users\/2"}],"replies":[{"embeddable":true,"href":"https:\/\/www.europesays.com\/fi\/wp-json\/wp\/v2\/comments?post=111632"}],"version-history":[{"count":0,"href":"https:\/\/www.europesays.com\/fi\/wp-json\/wp\/v2\/posts\/111632\/revisions"}],"wp:featuredmedia":[{"embeddable":true,"href":"https:\/\/www.europesays.com\/fi\/wp-json\/wp\/v2\/media\/111633"}],"wp:attachment":[{"href":"https:\/\/www.europesays.com\/fi\/wp-json\/wp\/v2\/media?parent=111632"}],"wp:term":[{"taxonomy":"category","embeddable":true,"href":"https:\/\/www.europesays.com\/fi\/wp-json\/wp\/v2\/categories?post=111632"},{"taxonomy":"post_tag","embeddable":true,"href":"https:\/\/www.europesays.com\/fi\/wp-json\/wp\/v2\/tags?post=111632"}],"curies":[{"name":"wp","href":"https:\/\/api.w.org\/{rel}","templated":true}]}}