{"id":111634,"date":"2025-12-09T09:26:09","date_gmt":"2025-12-09T09:26:09","guid":{"rendered":"https:\/\/www.europesays.com\/fi\/111634\/"},"modified":"2025-12-09T09:26:09","modified_gmt":"2025-12-09T09:26:09","slug":"fallout-sarja-jatkuu-ensi-viikolla-kolmaskin-kausi-on-tulossa-ja-se-voi-tulla-katsottavaksi-yllattavan-nopeasti","status":"publish","type":"post","link":"https:\/\/www.europesays.com\/fi\/111634\/","title":{"rendered":"Fallout-sarja jatkuu ensi viikolla &#8211; kolmaskin kausi on tulossa ja se voi tulla katsottavaksi yll\u00e4tt\u00e4v\u00e4n nopeasti"},"content":{"rendered":"<p>Amazon yritt\u00e4\u00e4 k\u00e4ynnist\u00e4\u00e4 Falloutin jatkokuvaukset jo ensi kes\u00e4ll\u00e4.<\/p>\n<p><a href=\"https:\/\/muropaketti.com\/avainsana\/fallout\" rel=\"nofollow noopener\" target=\"_blank\">Fallout<\/a>-televisiosarjan tekij\u00e4t haluavat julkaista suositun hittisarjan seuraavan kauden mahdollisimman nopeasti.<\/p>\n<p>Sarjan tuottaja Jonathan Nolan paljasti tiimin pyrkiv\u00e4n k\u00e4ynnist\u00e4m\u00e4\u00e4n kolmannen kauden kuvaukset jo ensi kes\u00e4n\u00e4, joskin mainitsi ettei suunnitelmia ole ly\u00f6ty viel\u00e4 lukkoon t\u00e4lt\u00e4 osalta, uutisoi <a href=\"https:\/\/www.youtube.com\/watch?v=7Xes4q43OcI\" target=\"_blank\" rel=\"noreferrer noopener nofollow\">IGN<\/a>. Kuvausaikataulut voivatkin t\u00e4lt\u00e4 osin ven\u00e4ht\u00e4\u00e4.<\/p>\n<p>Nolanin mukaan jo toisen kauden kuvaukset saatiin verrattain nopeasti purkkiin ilman laadun heikentymist\u00e4, ja sama tahti haluttaisiin jatkaa, jotta uudet kaudet saataisiin katsojille \u201dkohtuullisessa ajassa\u201d.<\/p>\n<p>H\u00e4n mainitsi olevansa tyytym\u00e4t\u00f6n televisiosarjojen nykyiseen \u201dvalitettavaan\u201d trendiin, jossa kausien julkaisuv\u00e4lit ovat pidentyneet entist\u00e4 pidemmiksi. Joissain tapauksissa uutta kautta joudutaan isojen sarjojen kohdalla odottamaan jopa vuosia.<\/p>\n<p>Falloutin toisen kauden kuvaukset k\u00e4ynnistyiv\u00e4t vasta viime marraskuussa, joten kausi saapui katsottavaksi reilussa vuodessa. Uudet jaksot k\u00e4ynnistyv\u00e4t Prime Videossa 17. joulukuuta.<\/p>\n","protected":false},"excerpt":{"rendered":"Amazon yritt\u00e4\u00e4 k\u00e4ynnist\u00e4\u00e4 Falloutin jatkokuvaukset jo ensi kes\u00e4ll\u00e4. Fallout-televisiosarjan tekij\u00e4t haluavat julkaista suositun hittisarjan seuraavan kauden mahdollisimman nopeasti.&hellip;\n","protected":false},"author":2,"featured_media":111635,"comment_status":"","ping_status":"","sticky":false,"template":"","format":"standard","meta":{"footnotes":""},"categories":[133],"tags":[8560,137,12687,33,31,30,175,32,206,156,109],"class_list":{"0":"post-111634","1":"post","2":"type-post","3":"status-publish","4":"format-standard","5":"has-post-thumbnail","7":"category-televisiot","8":"tag-amazon","9":"tag-entertainment","10":"tag-fallout","11":"tag-fi","12":"tag-finland","13":"tag-finnish","14":"tag-prime-video","15":"tag-suomi","16":"tag-televisiot","17":"tag-tv","18":"tag-viihde"},"share_on_mastodon":{"url":"https:\/\/pubeurope.com\/@fi\/115688897505629693","error":""},"_links":{"self":[{"href":"https:\/\/www.europesays.com\/fi\/wp-json\/wp\/v2\/posts\/111634","targetHints":{"allow":["GET"]}}],"collection":[{"href":"https:\/\/www.europesays.com\/fi\/wp-json\/wp\/v2\/posts"}],"about":[{"href":"https:\/\/www.europesays.com\/fi\/wp-json\/wp\/v2\/types\/post"}],"author":[{"embeddable":true,"href":"https:\/\/www.europesays.com\/fi\/wp-json\/wp\/v2\/users\/2"}],"replies":[{"embeddable":true,"href":"https:\/\/www.europesays.com\/fi\/wp-json\/wp\/v2\/comments?post=111634"}],"version-history":[{"count":0,"href":"https:\/\/www.europesays.com\/fi\/wp-json\/wp\/v2\/posts\/111634\/revisions"}],"wp:featuredmedia":[{"embeddable":true,"href":"https:\/\/www.europesays.com\/fi\/wp-json\/wp\/v2\/media\/111635"}],"wp:attachment":[{"href":"https:\/\/www.europesays.com\/fi\/wp-json\/wp\/v2\/media?parent=111634"}],"wp:term":[{"taxonomy":"category","embeddable":true,"href":"https:\/\/www.europesays.com\/fi\/wp-json\/wp\/v2\/categories?post=111634"},{"taxonomy":"post_tag","embeddable":true,"href":"https:\/\/www.europesays.com\/fi\/wp-json\/wp\/v2\/tags?post=111634"}],"curies":[{"name":"wp","href":"https:\/\/api.w.org\/{rel}","templated":true}]}}