{"id":111636,"date":"2025-12-09T09:30:15","date_gmt":"2025-12-09T09:30:15","guid":{"rendered":"https:\/\/www.europesays.com\/fi\/111636\/"},"modified":"2025-12-09T09:30:15","modified_gmt":"2025-12-09T09:30:15","slug":"nyt-tuli-vahvistus-olympialaisten-kaukalosta-mahdoton-korjata","status":"publish","type":"post","link":"https:\/\/www.europesays.com\/fi\/111636\/","title":{"rendered":"Nyt tuli vahvistus olympialaisten kaukalosta \u2013 \u201dMahdoton korjata\u201d"},"content":{"rendered":"<p>Olympia-areena vasta rakentuu Milanossa. <\/p>\n<p><img decoding=\"async\" class=\"image image-show image-preview\" src=\"https:\/\/www.europesays.com\/fi\/wp-content\/uploads\/2025\/12\/32f84e5738ba17cd3390e1d3aefc1c2e13cd72a69e41a89ee0a568bb3959baa6.jpg\" alt=\"\"\/><img decoding=\"async\" class=\"image image-show\" src=\"https:\/\/www.europesays.com\/fi\/wp-content\/uploads\/2025\/12\/1765272613_193_32f84e5738ba17cd3390e1d3aefc1c2e13cd72a69e41a89ee0a568bb3959baa6.jpg\" alt=\"\"\/><\/p>\n<p>Bill Dalyn mukaan NHL-pelaajien t\u00e4ytyy hyv\u00e4ksy\u00e4 olympialaisten j\u00e4\u00e4.  AOP \/ USA TODAY SPORTS<\/p>\n<p class=\"paragraph\">NHL on vaatinut talviolympialaisiin NHL-mittaista kaukaloa, mutta sellaista Milanossa rakenteille olevalle Santa Giulia- monitoimiareenalle ei saada.<\/p>\n<p class=\"paragraph\">Kanadalaistoimittaja <strong>Chris Johnston<\/strong> <a href=\"https:\/\/x.com\/reporterchris\/status\/1998141052688171505?s=46&amp;t=c57ibYTZv0YqfSjKTqtnYQ\" target=\"_blank\" rel=\"noopener nofollow\">kertoo<\/a> X-tilill\u00e4\u00e4n, ett\u00e4 kansainv\u00e4linen j\u00e4\u00e4kiekkoliitto IIHF on vahvistanut olympiakaukalon mitat.<\/p>\n<p class=\"paragraph\">Leveydelt\u00e4\u00e4n kaukalo on l\u00e4hes yht\u00e4 kapea kuin NHL:ss\u00e4, mutta pituudeltaan se j\u00e4\u00e4 metrin lyhyemm\u00e4ksi.<\/p>\n<p class=\"paragraph\">Liigan varakomissaari <strong>Bill Daly<\/strong> <a href=\"https:\/\/www.nytimes.com\/athletic\/6874299\/2025\/12\/08\/bill-daly-nhl-milan-olympics-rink\/?source=user_shared_article\" target=\"_blank\" rel=\"noopener nofollow\">sanoo<\/a> The Athleticille, ett\u00e4 h\u00e4n j\u00e4i siihen k\u00e4sitykseen, ettei IIHF tiennyt maailman ykk\u00f6sliigan kaukalon mittoja.<\/p>\n<p class=\"paragraph\">Muutosta asiaan ei ole en\u00e4\u00e4 odotettavissa.<\/p>\n<p class=\"paragraph\">\u2013 Sit\u00e4 olisi mahdoton korjata, Daly kertoo.<\/p>\n<p class=\"paragraph\">IIHF:n mukaan eroavuudella ei ole mit\u00e4\u00e4n merkityst\u00e4 pelaajien turvallisuuteen ja pelin laatuun.<\/p>\n<p>J\u00e4\u00e4 huolettaa<\/p>\n<p class=\"paragraph\">Suurin olympiakiekkoa koskeva huoli t\u00e4ll\u00e4 hetkell\u00e4 koskee Santa Giulua -areenan my \u00f6h\u00e4styneit\u00e4 rakennust\u00f6it\u00e4. Kenellek\u00e4\u00e4n ei ole t\u00e4ytt\u00e4 varmuutta siit\u00e4, saadaanko hallin valmiiksi ennen olympialaisia.<\/p>\n<p class=\"paragraph\">Toinen askarruttava seikka koskee j\u00e4\u00e4n kuntoa, johon NHL:ll\u00e4 on tiukka kanta.<\/p>\n<p class=\"paragraph\">\u2013 Jos pelaajat kokevat j\u00e4\u00e4n vaaralliseksi, emme pelaa. Niin yksinkertaista se on, Daly ilmoitti.<\/p>\n<p class=\"paragraph\">Olympialaisten j\u00e4\u00e4kiekkoturnaukset pelataan 5.\u201322. helmikuuta.<\/p>\n<p><a href=\"https:\/\/www.iltalehti.fi\/jaakiekko\/a\/1ae71ab3-3179-4e5d-95ce-15a50bbf7509\" rel=\"nofollow noopener\" target=\"_blank\"><img decoding=\"async\" src=\"https:\/\/www.europesays.com\/fi\/wp-content\/uploads\/2025\/10\/4a4e280ca1a75d884de6ebd943738ae5d99be138803b843a647b7d7c8a538b0b.png\" alt=\"Osallistu arvontaan\"\/><\/a><\/p>\n","protected":false},"excerpt":{"rendered":"Olympia-areena vasta rakentuu Milanossa. Bill Dalyn mukaan NHL-pelaajien t\u00e4ytyy hyv\u00e4ksy\u00e4 olympialaisten j\u00e4\u00e4. AOP \/ USA TODAY SPORTS NHL&hellip;\n","protected":false},"author":2,"featured_media":111637,"comment_status":"","ping_status":"","sticky":false,"template":"","format":"standard","meta":{"footnotes":""},"categories":[158],"tags":[35,1144,1274,33,31,30,1143,41,159,32,1145,160],"class_list":{"0":"post-111636","1":"post","2":"type-post","3":"status-publish","4":"format-standard","5":"has-post-thumbnail","7":"category-urheilu","8":"tag-24h","9":"tag-ammattilaisjaakiekko","10":"tag-ammattiurheilu","11":"tag-fi","12":"tag-finland","13":"tag-finnish","14":"tag-jaakiekko","15":"tag-liikunta-ja-urheilu","16":"tag-sports","17":"tag-suomi","18":"tag-talviurheilu","19":"tag-urheilu"},"share_on_mastodon":{"url":"https:\/\/pubeurope.com\/@fi\/115688913481875665","error":""},"_links":{"self":[{"href":"https:\/\/www.europesays.com\/fi\/wp-json\/wp\/v2\/posts\/111636","targetHints":{"allow":["GET"]}}],"collection":[{"href":"https:\/\/www.europesays.com\/fi\/wp-json\/wp\/v2\/posts"}],"about":[{"href":"https:\/\/www.europesays.com\/fi\/wp-json\/wp\/v2\/types\/post"}],"author":[{"embeddable":true,"href":"https:\/\/www.europesays.com\/fi\/wp-json\/wp\/v2\/users\/2"}],"replies":[{"embeddable":true,"href":"https:\/\/www.europesays.com\/fi\/wp-json\/wp\/v2\/comments?post=111636"}],"version-history":[{"count":0,"href":"https:\/\/www.europesays.com\/fi\/wp-json\/wp\/v2\/posts\/111636\/revisions"}],"wp:featuredmedia":[{"embeddable":true,"href":"https:\/\/www.europesays.com\/fi\/wp-json\/wp\/v2\/media\/111637"}],"wp:attachment":[{"href":"https:\/\/www.europesays.com\/fi\/wp-json\/wp\/v2\/media?parent=111636"}],"wp:term":[{"taxonomy":"category","embeddable":true,"href":"https:\/\/www.europesays.com\/fi\/wp-json\/wp\/v2\/categories?post=111636"},{"taxonomy":"post_tag","embeddable":true,"href":"https:\/\/www.europesays.com\/fi\/wp-json\/wp\/v2\/tags?post=111636"}],"curies":[{"name":"wp","href":"https:\/\/api.w.org\/{rel}","templated":true}]}}