{"id":111644,"date":"2025-12-09T09:35:09","date_gmt":"2025-12-09T09:35:09","guid":{"rendered":"https:\/\/www.europesays.com\/fi\/111644\/"},"modified":"2025-12-09T09:35:09","modified_gmt":"2025-12-09T09:35:09","slug":"talta-nayttavat-ukrainan-kuoleman-tiet","status":"publish","type":"post","link":"https:\/\/www.europesays.com\/fi\/111644\/","title":{"rendered":"T\u00e4lt\u00e4 n\u00e4ytt\u00e4v\u00e4t Ukrainan &#8221;kuoleman tiet&#8221;"},"content":{"rendered":"<p class=\"ai-optimize-7 ai-optimize-introduction\">Ukrainalaistutkija <strong>Marta Havryshko<\/strong> kirjoittaa Ukrainan kuoppaisista teist\u00e4.<\/p>\n<p class=\"ai-optimize-8\">\u2013 T\u00e4lt\u00e4 n\u00e4ytt\u00e4v\u00e4t niin sanotut kuoleman tiet \u2013 juuri ne, joita sotilaiden on pakko k\u00e4ytt\u00e4\u00e4, kun he yritt\u00e4v\u00e4t v\u00e4ltt\u00e4\u00e4 osumia Ven\u00e4j\u00e4n lennokeista, Havrysko toteaa X:ss\u00e4 lainaten ukrainalaisupseeri <strong>Serhiy Tishchenkon<\/strong> kommenttia ja videota.<\/p>\n<p class=\"ai-optimize-9\">\u2013 Jokainen viivytyksen minuutti n\u00e4ill\u00e4 teill\u00e4, jotka on moukaroitu palasiksi, maksaa meille ihmishenki\u00e4.<\/p>\n<p class=\"ai-optimize-10\">\u2013 T\u00e4ll\u00e4 videolla n\u00e4emme paitsi [Ukrainan] viranomaisten toimettomuuden, niin my\u00f6s heid\u00e4n v\u00e4linpit\u00e4m\u00e4tt\u00f6myytens\u00e4, joka tappaa, upseeri sanoo Havryshkon mukaan.<\/p>\n<blockquote class=\"twitter-tweet\" data-width=\"550\" data-dnt=\"true\">\n<p lang=\"en\" dir=\"ltr\">This is what the so-called \u2018roads of death\u2019 look like \u2014 the ones soldiers are forced to use to avoid being hit by \ud83c\uddf7\ud83c\uddfaFPVs, writes officer Serhiy Tishchenko.<\/p>\n<p>\u2018Every minute of delay on these roads, which are smashed to pieces, costs us human lives. Every second there is worth its\u2026 <a href=\"https:\/\/t.co\/HOcLLj84PL\" rel=\"nofollow\">pic.twitter.com\/HOcLLj84PL<\/a><\/p>\n<p>\u2014 Marta Havryshko (@HavryshkoMarta) <a href=\"https:\/\/twitter.com\/HavryshkoMarta\/status\/1998153766772920722?ref_src=twsrc%5Etfw\" rel=\"nofollow noopener\" target=\"_blank\">December 8, 2025<\/a><\/p>\n<\/blockquote>\n<p>\t\t\t\t<script async src=\"https:\/\/platform.twitter.com\/widgets.js\" charset=\"utf-8\"><\/script><\/p>\n","protected":false},"excerpt":{"rendered":"Ukrainalaistutkija Marta Havryshko kirjoittaa Ukrainan kuoppaisista teist\u00e4. \u2013 T\u00e4lt\u00e4 n\u00e4ytt\u00e4v\u00e4t niin sanotut kuoleman tiet \u2013 juuri ne, joita&hellip;\n","protected":false},"author":2,"featured_media":111645,"comment_status":"","ping_status":"","sticky":false,"template":"","format":"standard","meta":{"footnotes":""},"categories":[14],"tags":[22,23,26,27,33,31,30,17,24,25,28,29,15,18,21,2807,32,19,20,56,16,59,60,61],"class_list":{"0":"post-111644","1":"post","2":"type-post","3":"status-publish","4":"format-standard","5":"has-post-thumbnail","7":"category-ulkomaat","8":"tag-breaking-news","9":"tag-breakingnews","10":"tag-featured-news","11":"tag-featurednews","12":"tag-fi","13":"tag-finland","14":"tag-finnish","15":"tag-headlines","16":"tag-latest-news","17":"tag-latestnews","18":"tag-main-news","19":"tag-mainnews","20":"tag-news","21":"tag-otsikot","22":"tag-paauutiset","23":"tag-sota-ukrainassa","24":"tag-suomi","25":"tag-top-stories","26":"tag-topstories","27":"tag-ulkomaat","28":"tag-uutiset","29":"tag-world","30":"tag-world-news","31":"tag-worldnews"},"share_on_mastodon":{"url":"https:\/\/pubeurope.com\/@fi\/115688932825343074","error":""},"_links":{"self":[{"href":"https:\/\/www.europesays.com\/fi\/wp-json\/wp\/v2\/posts\/111644","targetHints":{"allow":["GET"]}}],"collection":[{"href":"https:\/\/www.europesays.com\/fi\/wp-json\/wp\/v2\/posts"}],"about":[{"href":"https:\/\/www.europesays.com\/fi\/wp-json\/wp\/v2\/types\/post"}],"author":[{"embeddable":true,"href":"https:\/\/www.europesays.com\/fi\/wp-json\/wp\/v2\/users\/2"}],"replies":[{"embeddable":true,"href":"https:\/\/www.europesays.com\/fi\/wp-json\/wp\/v2\/comments?post=111644"}],"version-history":[{"count":0,"href":"https:\/\/www.europesays.com\/fi\/wp-json\/wp\/v2\/posts\/111644\/revisions"}],"wp:featuredmedia":[{"embeddable":true,"href":"https:\/\/www.europesays.com\/fi\/wp-json\/wp\/v2\/media\/111645"}],"wp:attachment":[{"href":"https:\/\/www.europesays.com\/fi\/wp-json\/wp\/v2\/media?parent=111644"}],"wp:term":[{"taxonomy":"category","embeddable":true,"href":"https:\/\/www.europesays.com\/fi\/wp-json\/wp\/v2\/categories?post=111644"},{"taxonomy":"post_tag","embeddable":true,"href":"https:\/\/www.europesays.com\/fi\/wp-json\/wp\/v2\/tags?post=111644"}],"curies":[{"name":"wp","href":"https:\/\/api.w.org\/{rel}","templated":true}]}}