{"id":111648,"date":"2025-12-09T09:37:13","date_gmt":"2025-12-09T09:37:13","guid":{"rendered":"https:\/\/www.europesays.com\/fi\/111648\/"},"modified":"2025-12-09T09:37:13","modified_gmt":"2025-12-09T09:37:13","slug":"nhl-pomolta-uusi-ukaasi-olympiajaakiekosta-vaaran-kokoinen-kaukalo-hyvaksyttiin-pitkin-hampain-mahdotonta-korjata-urheilua-lyhyesti","status":"publish","type":"post","link":"https:\/\/www.europesays.com\/fi\/111648\/","title":{"rendered":"NHL-pomolta uusi ukaasi olympia\u00adj\u00e4\u00e4\u00adkiekosta \u2013 v\u00e4\u00e4r\u00e4n kokoinen kaukalo hyv\u00e4ksyttiin pitkin hampain: \u201dMahdotonta korjata\u201d | Urheilua lyhyesti"},"content":{"rendered":"<p class=\"aw-1gybjub aw-5vja16 kEtdKx kmuxyA yle__article__paragraph\">NHL yll\u00e4ttyi, ettei olympia\u00adkaukalo vastaa sen toivomia mittoja. En\u00e4\u00e4 asiaa ei voi korjata. Sen sijaan j\u00e4\u00e4n laatu on nyt huoli, josta NHL-pomo antoi tuoreimman ukaasinsa.<\/p>\n<p><img decoding=\"async\" alt=\"Santa Giulia -areenan rakennusty\u00f6t 26.11.2025.\" src=\"https:\/\/www.europesays.com\/fi\/wp-content\/uploads\/2025\/12\/39-15666086937d9526e822.jpeg\" class=\"aw-1l9m598 hKVVvP\"\/><\/p>\n<p>Avaa kuvien katselu<\/p>\n<p>Milanon Santa Giuliaan rakentuu areena, johon mahtuu 16\u00a0000 katsojaa. T\u00e4lt\u00e4 n\u00e4ytti marraskuun lopussa. Kuva: Getty Images<\/p>\n<p>10:50\u2022P\u00e4ivitetty 11:21<\/p>\n<p class=\"aw-1gybjub aw-1p7kakr kEtdKx cEmitX yle__article__paragraph\">Milano-Cortinan talviolympialaiset n\u00e4hd\u00e4\u00e4n ja kuullaan Ylen kanavilla 6.\u201322. helmikuuta 2026.<\/p>\n<p class=\"aw-1gybjub aw-1p7kakr kEtdKx cEmitX yle__article__paragraph\">Helmikuussa NHL-pelaajat palaavat talviolympialaisiin sitten vuoden 2014. Olympialaisten alla suureksi puheenaiheeksi ovat kuitenkin nousseet huolet uudesta Santa Giulia -areenasta. Se toimii j\u00e4\u00e4kiekon p\u00e4\u00e4areenana kisoissa.<\/p>\n<p class=\"aw-1gybjub aw-1p7kakr kEtdKx cEmitX yle__article__paragraph\">Ensinn\u00e4kin areenan rakennusty\u00f6t <a class=\"aw-iao6s4 iHOxEa yle__article__link\" href=\"https:\/\/yle.fi\/a\/74-20196969\" role=\"link\" rel=\"nofollow noopener\" target=\"_blank\">ovat pahasti aikataulusta j\u00e4ljess\u00e4<\/a>.<\/p>\n<p class=\"aw-1gybjub aw-1p7kakr kEtdKx cEmitX yle__article__paragraph\">Viime viikolla esille nousi yll\u00e4tt\u00e4v\u00e4 tieto kaukalon koosta, sill\u00e4 se ei vastaa NHL:n standardimittoja.<\/p>\n<p class=\"aw-1gybjub aw-1p7kakr kEtdKx cEmitX yle__article__paragraph\">Nyt olympiakaukalo on Kansainv\u00e4lisen olympiakomitean (KOK), Kansainv\u00e4lisen j\u00e4\u00e4kiekkoliiton (IIHF) ja NHL:n sopimaa kokoa pienempi. Se on nostattanut NHL:n suunnalla jopa turvallisuushuolia.<\/p>\n<p class=\"aw-1gybjub aw-1p7kakr kEtdKx cEmitX yle__article__paragraph\">NHL:n varakomissaari <strong class=\"aw-ak79eh KyCXm yle__article__strong\">Bill Daly<\/strong> esitti viime viikolla tiukan ukaasin. Jos kaukalo ei ole valmis, NHL-pelaajat eiv\u00e4t tule, h\u00e4n ilmoitti.<\/p>\n<p>Areenan mitat hyv\u00e4ksytty pitkin hampain<\/p>\n<p class=\"aw-1gybjub aw-1p7kakr kEtdKx cEmitX yle__article__paragraph\">Kansainv\u00e4linen j\u00e4\u00e4kiekkoliitto IIHF <a class=\"aw-iao6s4 iHOxEa yle__article__link\" href=\"https:\/\/yle.fi\/a\/74-20198607\" role=\"link\" rel=\"nofollow noopener\" target=\"_blank\">vahvisti<\/a>, ett\u00e4 Santa Giulia -areenan j\u00e4\u00e4pintojen mitat ovat 60,0 metri\u00e4 kertaa 26,0 metri\u00e4.<\/p>\n<p class=\"aw-1gybjub aw-1p7kakr kEtdKx cEmitX yle__article__paragraph\">IIHF:n mukaan mitat poikkeavat NHL:n kaukalosta, mutta ovat silti IIHF:n s\u00e4\u00e4nt\u00f6jen mukaisia, ja niit\u00e4 k\u00e4ytettiin my\u00f6s Pekingin 2022 olympialaisissa.<\/p>\n<p class=\"aw-1gybjub aw-1p7kakr kEtdKx cEmitX yle__article__paragraph\">Lis\u00e4ksi IIHF:n mukaan osapuolet ovat yht\u00e4 mielt\u00e4, ett\u00e4 kaukaloiden mittaeroilla ei ole merkitt\u00e4v\u00e4\u00e4 vaikutusta peliin tai pelaajien turvallisuuteen.<\/p>\n<p class=\"aw-1gybjub aw-1p7kakr kEtdKx cEmitX yle__article__paragraph\">NHL ja pelaajayhdistys NHLPA ovat hyv\u00e4ksyneet mitat, jotka olivat k\u00e4yt\u00f6ss\u00e4 my\u00f6s NHL:n Global Series -otteluissa Ruotsissa aiemmin t\u00e4ll\u00e4 kaudella.<\/p>\n<p class=\"aw-1gybjub aw-1p7kakr kEtdKx cEmitX yle__article__paragraph\">Varakomissaari Daly sanoi, ettei liiga saanut pelaajilta negatiivista palautetta Global Series -otteluista.<\/p>\n<p><img decoding=\"async\" alt=\"Nashville Predators ja Pittsburgh Penguins NHL:n Global Series -ottelussa Tukholmassa 16.11.2025.\" src=\"https:\/\/www.europesays.com\/fi\/wp-content\/uploads\/2025\/12\/39-15666406937dc694247f.jpeg\" loading=\"lazy\" class=\"aw-1l9m598 hKVVvP\"\/><\/p>\n<p>Avaa kuvien katselu<\/p>\n<p>NHL:n Global Series tarkoittaa NHL:n runkosarjaotteluiden pelaamista Pohjois-Amerikan ulkopuolella. Pittsburgh Penguins ja Nashville Predators kohtasivat Tukholmassa marraskuussa. Kuva: NHLI \/ Getty Images<\/p>\n<p class=\"aw-1gybjub aw-1p7kakr kEtdKx cEmitX yle__article__paragraph\">Daly lis\u00e4si, ett\u00e4 pelaajayhdistys oli kartoittanut pelaajiensa mielipiteit\u00e4 ja p\u00e4\u00e4tynyt siihen, ett\u00e4 pelaaminen pienemm\u00e4ll\u00e4 olympiaj\u00e4\u00e4ll\u00e4 ei ole turvallisuusriski.<\/p>\n<p class=\"aw-1gybjub aw-1p7kakr kEtdKx cEmitX yle__article__paragraph\">Joka tapauksessa tilanne tuli NHL:lle yll\u00e4tyksen\u00e4. Daly kertoi kuulleensa asiasta vasta viime viikolla.<\/p>\n<p class=\"aw-1gybjub aw-1p7kakr kEtdKx cEmitX yle__article__paragraph\">\u2013 N\u00e4in tapahtui. Luulen, ett\u00e4 IIHF:ll\u00e4 oli erilainen k\u00e4sitys kuin meill\u00e4 siit\u00e4, mit\u00e4 \u201dNHL-j\u00e4\u00e4\u201d tarkoittaa. En tied\u00e4, oliko paikan p\u00e4\u00e4ll\u00e4 k\u00e4yneiden mahdollista havaita t\u00e4t\u00e4. Ihmiset eiv\u00e4t tietenk\u00e4\u00e4n kuljeta mittanauhoja mukanaan.<\/p>\n<p class=\"aw-1gybjub aw-1p7kakr kEtdKx cEmitX yle__article__paragraph\">\u2013 Kyse on rakenteellisesta ongelmasta ja sit\u00e4 on mahdotonta korjata, Daly jatkoi viitaten areenan rakennust\u00f6ihin ja kaukalon kokoon.<\/p>\n<p class=\"aw-1gybjub aw-1p7kakr kEtdKx cEmitX yle__article__paragraph\">Daly puhui jo vuoden 2030 kisoista.<\/p>\n<p class=\"aw-1gybjub aw-1p7kakr kEtdKx cEmitX yle__article__paragraph\">\u2013 Sek\u00e4 NHL ett\u00e4 NHLPA ovat tehneet IIHF:n hyvin tietoiseksi, ett\u00e4 odotamme kaukalon olevan NHL:n mukainen, kun osallistumme olympialaisiin vuonna 2030.<\/p>\n<p>Suurin huoli nyt j\u00e4\u00e4n laadusta<\/p>\n<p class=\"aw-1gybjub aw-1p7kakr kEtdKx cEmitX yle__article__paragraph\">Daly sanoi, ett\u00e4 NHL l\u00e4hett\u00e4\u00e4 asiantuntijoitaan Italiaan valvomaan rakennust\u00f6iden viimeisi\u00e4 vaiheita.<\/p>\n<p class=\"aw-1gybjub aw-1p7kakr kEtdKx cEmitX yle__article__paragraph\">\u2013 Olemme tarjonneet, ett\u00e4 he k\u00e4ytt\u00e4v\u00e4t j\u00e4\u00e4asiantuntijoitamme ja -teknikkojamme sek\u00e4 ulkopuolisia palveluntarjoajia. Siirr\u00e4mme k\u00e4yt\u00e4nn\u00f6ss\u00e4 kaikki sinne auttaaksemme, ett\u00e4 t\u00e4m\u00e4 tehd\u00e4\u00e4n NHL-pelaajille hyv\u00e4ksytt\u00e4v\u00e4ll\u00e4 tavalla.<\/p>\n<p class=\"aw-1gybjub aw-1p7kakr kEtdKx cEmitX yle__article__paragraph\">Kaukalon mitat ovat yksi seikka, mutta etenkin NHL:\u00e4\u00e4 nyt huolestuttaa j\u00e4\u00e4n laatu.<\/p>\n<p class=\"aw-1gybjub aw-1p7kakr kEtdKx cEmitX yle__article__paragraph\">\u2013 Jos j\u00e4\u00e4 on pelikelvoton, j\u00e4\u00e4 on pelikelvoton. On selv\u00e4\u00e4, ett\u00e4 jos pelaajat kokevat j\u00e4\u00e4n vaaralliseksi, NHL-pelaajat eiv\u00e4t aio pelata. Niin yksinkertaista se on, kuului Dalyn tuorein ukaasi.<\/p>\n<p><img decoding=\"async\" alt=\"NHLPA:n toimitusjohtaja Marty Walsh, NHL:n komissaari Gary Bettman ja varakomissaari Bill Daly median edess\u00e4.\" src=\"https:\/\/www.europesays.com\/fi\/wp-content\/uploads\/2025\/12\/39-15666426937ddb8bd07d.jpeg\" loading=\"lazy\" class=\"aw-1l9m598 hKVVvP\"\/><\/p>\n<p>Avaa kuvien katselu<\/p>\n<p>NHLPA:n toimitusjohtaja Marty Walsh (vas.), NHL:n komissaari Gary Bettman ja varakomissaari Bill Daly. Kuva: NHL \/ Getty Images<\/p>\n<p class=\"aw-1gybjub aw-1p7kakr kEtdKx cEmitX yle__article__paragraph\">Daly on yh\u00e4 luottavainen, ett\u00e4 NHL-pelaajat n\u00e4hd\u00e4\u00e4n olympiakaukalossa ensi kertaa sitten Sot\u0161in 2014.<\/p>\n<p class=\"aw-1gybjub aw-1p7kakr kEtdKx cEmitX yle__article__paragraph\">H\u00e4n kuitenkin korosti, ett\u00e4 j\u00e4\u00e4n laatu on j\u00e4ljell\u00e4 olevista uhkakuvista pahin.<\/p>\n<p class=\"aw-1gybjub aw-1p7kakr kEtdKx cEmitX yle__article__paragraph\">Olympialaisissa samassa areenassa voidaan pelata tiiviill\u00e4 tahdilla kolme ottelua p\u00e4iv\u00e4ss\u00e4, joten j\u00e4\u00e4n pit\u00e4\u00e4 olla kest\u00e4v\u00e4mp\u00e4\u00e4 kuin tavallisesti NHL-areenassa.<\/p>\n<p class=\"aw-1gybjub aw-1p7kakr kEtdKx cEmitX yle__article__paragraph\">NHL ei ole tilanteeseen tyytyv\u00e4inen, mutta Daly kertoi olevansa \u201dvarovaisen optimistinen\u201d. Lis\u00e4ksi h\u00e4n kertoi, ettei areenan valmistumisen tiell\u00e4 \u201dn\u00e4yt\u00e4 olevan mit\u00e4\u00e4n ylitsep\u00e4\u00e4sem\u00e4t\u00f6nt\u00e4\u201d.<\/p>\n<p class=\"aw-1gybjub aw-1p7kakr kEtdKx cEmitX yle__article__paragraph\">Rakennusty\u00f6t areenalla ovat NHL:n t\u00e4m\u00e4n hetken tiedon mukaan valmiit 2. helmikuuta. Sit\u00e4 ennen areenassa on kuitenkin tarkoitus jo p\u00e4\u00e4st\u00e4 pelaamaan testiotteluja Italian liigan ja cupin muodossa 9.\u201311. tammikuuta.<\/p>\n<p class=\"aw-1gybjub aw-1p7kakr kEtdKx cEmitX yle__article__paragraph\">Ensimm\u00e4inen j\u00e4\u00e4kiekon olympiaottelu areenassa on m\u00e4\u00e4r\u00e4 pelata 5. helmikuuta, kun Italia ja Ranska kohtaavat naisten alkulohkossa.<\/p>\n<p class=\"aw-1gybjub aw-1p7kakr kEtdKx cEmitX yle__article__paragraph\">L\u00e4hteet: <a class=\"aw-iao6s4 iHOxEa yle__article__link\" href=\"https:\/\/www.sportsnet.ca\/nhl\/article\/daly-optimistic-olympic-arena-will-be-completed-on-time-to-league-standard\/\" role=\"link\" rel=\"nofollow noopener\" target=\"_blank\">Sportsnet<\/a>, <a class=\"aw-iao6s4 iHOxEa yle__article__link\" href=\"https:\/\/www.nytimes.com\/athletic\/6874299\/2025\/12\/08\/bill-daly-nhl-milan-olympics-rink\/?source=user_shared_article\" role=\"link\" rel=\"nofollow noopener\" target=\"_blank\">The Athletic<\/a><\/p>\n<p class=\"aw-1gybjub aw-1p7kakr kEtdKx cEmitX yle__article__paragraph\">Milano-Cortinan talviolympialaiset n\u00e4hd\u00e4\u00e4n ja kuullaan Ylen kanavilla 6.\u201322. helmikuuta 2026. Yle n\u00e4ytt\u00e4\u00e4 kaikkien muiden lajien ohella my\u00f6s olympialaisten j\u00e4\u00e4kiekon, jonka naisten turnaus pelataan 5.\u201319. helmikuuta ja miesten turnaus 11.\u201322. helmikuuta.<\/p>\n","protected":false},"excerpt":{"rendered":"NHL yll\u00e4ttyi, ettei olympia\u00adkaukalo vastaa sen toivomia mittoja. En\u00e4\u00e4 asiaa ei voi korjata. Sen sijaan j\u00e4\u00e4n laatu on&hellip;\n","protected":false},"author":2,"featured_media":111649,"comment_status":"","ping_status":"","sticky":false,"template":"","format":"standard","meta":{"footnotes":""},"categories":[5],"tags":[22,23,26,27,33,31,30,17,1143,24,25,28,29,15,1697,2776,18,21,2127,32,13138,19,20,160,16],"class_list":{"0":"post-111648","1":"post","2":"type-post","3":"status-publish","4":"format-standard","5":"has-post-thumbnail","7":"category-otsikot","8":"tag-breaking-news","9":"tag-breakingnews","10":"tag-featured-news","11":"tag-featurednews","12":"tag-fi","13":"tag-finland","14":"tag-finnish","15":"tag-headlines","16":"tag-jaakiekko","17":"tag-latest-news","18":"tag-latestnews","19":"tag-main-news","20":"tag-mainnews","21":"tag-news","22":"tag-nhl","23":"tag-olympialaiset","24":"tag-otsikot","25":"tag-paauutiset","26":"tag-pohjois-amerikan-jaakiekko","27":"tag-suomi","28":"tag-talviolympialaiset-milano-cortina-2026","29":"tag-top-stories","30":"tag-topstories","31":"tag-urheilu","32":"tag-uutiset"},"share_on_mastodon":{"url":"https:\/\/pubeurope.com\/@fi\/115688940938145808","error":""},"_links":{"self":[{"href":"https:\/\/www.europesays.com\/fi\/wp-json\/wp\/v2\/posts\/111648","targetHints":{"allow":["GET"]}}],"collection":[{"href":"https:\/\/www.europesays.com\/fi\/wp-json\/wp\/v2\/posts"}],"about":[{"href":"https:\/\/www.europesays.com\/fi\/wp-json\/wp\/v2\/types\/post"}],"author":[{"embeddable":true,"href":"https:\/\/www.europesays.com\/fi\/wp-json\/wp\/v2\/users\/2"}],"replies":[{"embeddable":true,"href":"https:\/\/www.europesays.com\/fi\/wp-json\/wp\/v2\/comments?post=111648"}],"version-history":[{"count":0,"href":"https:\/\/www.europesays.com\/fi\/wp-json\/wp\/v2\/posts\/111648\/revisions"}],"wp:featuredmedia":[{"embeddable":true,"href":"https:\/\/www.europesays.com\/fi\/wp-json\/wp\/v2\/media\/111649"}],"wp:attachment":[{"href":"https:\/\/www.europesays.com\/fi\/wp-json\/wp\/v2\/media?parent=111648"}],"wp:term":[{"taxonomy":"category","embeddable":true,"href":"https:\/\/www.europesays.com\/fi\/wp-json\/wp\/v2\/categories?post=111648"},{"taxonomy":"post_tag","embeddable":true,"href":"https:\/\/www.europesays.com\/fi\/wp-json\/wp\/v2\/tags?post=111648"}],"curies":[{"name":"wp","href":"https:\/\/api.w.org\/{rel}","templated":true}]}}