{"id":111657,"date":"2025-12-09T10:01:09","date_gmt":"2025-12-09T10:01:09","guid":{"rendered":"https:\/\/www.europesays.com\/fi\/111657\/"},"modified":"2025-12-09T10:01:09","modified_gmt":"2025-12-09T10:01:09","slug":"useita-kiinan-ja-venajan-sotilaskoneita-lensi-lahelle-etela-korean-ilmatilaa-uutisia-lyhyesti","status":"publish","type":"post","link":"https:\/\/www.europesays.com\/fi\/111657\/","title":{"rendered":"Useita Kiinan ja Ven\u00e4j\u00e4n sotilaskoneita lensi l\u00e4helle Etel\u00e4-Korean ilmatilaa | Uutisia lyhyesti"},"content":{"rendered":"<p class=\"aw-1gybjub aw-5vja16 kEtdKx kmuxyA yle__article__paragraph\">Ulkoaisten koneiden olisi ilmoittauduttava ennen lent\u00e4mist\u00e4 ilmapuolustuksen tunnistusalueelle.<\/p>\n<p class=\"aw-1gybjub aw-1p7kakr kEtdKx cEmitX yle__article__paragraph\">Seitsem\u00e4n ven\u00e4l\u00e4ist\u00e4 ja kaksi kiinalaista sotilaskonetta lensi aamup\u00e4iv\u00e4ll\u00e4 Etel\u00e4-Korean ilmapuolustuksen tunnistusalueelle.<\/p>\n<p class=\"aw-1gybjub aw-1p7kakr kEtdKx cEmitX yle__article__paragraph\">Etel\u00e4korealaisen uutistoimisto Yonhapin mukaan koneet tulivat etel\u00e4n ja id\u00e4n suunnista. Mukana oli niin h\u00e4vitt\u00e4ji\u00e4 kuin pommikoneitakin, Yonhap kertoo.<\/p>\n<p class=\"aw-1gybjub aw-1p7kakr kEtdKx cEmitX yle__article__paragraph\">Etel\u00e4-Korean ilmapuolustuksen tunnistusalue ei kuulu maan varsinaiseen ilmatilaan. Etel\u00e4-Korea kuitenkin edellytt\u00e4\u00e4, ett\u00e4 sille tulevat koneet tunnistautuvat.<\/p>\n<p class=\"aw-1gybjub aw-1p7kakr kEtdKx cEmitX yle__article__paragraph\">Etel\u00e4-Korean ilmavoimien h\u00e4vitt\u00e4j\u00e4t nousivat ilmaan tunnistamaan tunkeutujat, jotka pysyiv\u00e4t tunnistusalueella noin tunnin.<\/p>\n<p class=\"aw-1gybjub aw-1p7kakr kEtdKx cEmitX yle__article__paragraph\">Yonhapin mukaan Ven\u00e4j\u00e4n ja Kiinan koneet ovat aiemmin k\u00e4yneet tunnistusalueella yhden tai kaksi kertaa, viimeksi viime vuoden marraskuussa. Ven\u00e4j\u00e4n ja Kiinan ilmavoimat harjoittelevat vuosittain Kofrean niemimaan alueella.<\/p>\n<p class=\"aw-1gybjub aw-1p7kakr kEtdKx cEmitX yle__article__paragraph\">L\u00e4hde: Reuters<\/p>\n","protected":false},"excerpt":{"rendered":"Ulkoaisten koneiden olisi ilmoittauduttava ennen lent\u00e4mist\u00e4 ilmapuolustuksen tunnistusalueelle. Seitsem\u00e4n ven\u00e4l\u00e4ist\u00e4 ja kaksi kiinalaista sotilaskonetta lensi aamup\u00e4iv\u00e4ll\u00e4 Etel\u00e4-Korean ilmapuolustuksen&hellip;\n","protected":false},"author":2,"featured_media":74,"comment_status":"","ping_status":"","sticky":false,"template":"","format":"standard","meta":{"footnotes":""},"categories":[14],"tags":[22,23,1420,26,27,33,31,30,17,4706,2592,11072,4707,510,24,25,28,29,15,18,21,10789,32,19,20,56,16,547,59,60,61],"class_list":{"0":"post-111657","1":"post","2":"type-post","3":"status-publish","4":"format-standard","5":"has-post-thumbnail","7":"category-ulkomaat","8":"tag-breaking-news","9":"tag-breakingnews","10":"tag-etela-korea","11":"tag-featured-news","12":"tag-featurednews","13":"tag-fi","14":"tag-finland","15":"tag-finnish","16":"tag-headlines","17":"tag-ilmailu","18":"tag-ilmapuolustus","19":"tag-ilmatila","20":"tag-ilmavoimat","21":"tag-kiina","22":"tag-latest-news","23":"tag-latestnews","24":"tag-main-news","25":"tag-mainnews","26":"tag-news","27":"tag-otsikot","28":"tag-paauutiset","29":"tag-sotilaslentokoneet","30":"tag-suomi","31":"tag-top-stories","32":"tag-topstories","33":"tag-ulkomaat","34":"tag-uutiset","35":"tag-venaja","36":"tag-world","37":"tag-world-news","38":"tag-worldnews"},"share_on_mastodon":{"url":"https:\/\/pubeurope.com\/@fi\/115689035311423672","error":""},"_links":{"self":[{"href":"https:\/\/www.europesays.com\/fi\/wp-json\/wp\/v2\/posts\/111657","targetHints":{"allow":["GET"]}}],"collection":[{"href":"https:\/\/www.europesays.com\/fi\/wp-json\/wp\/v2\/posts"}],"about":[{"href":"https:\/\/www.europesays.com\/fi\/wp-json\/wp\/v2\/types\/post"}],"author":[{"embeddable":true,"href":"https:\/\/www.europesays.com\/fi\/wp-json\/wp\/v2\/users\/2"}],"replies":[{"embeddable":true,"href":"https:\/\/www.europesays.com\/fi\/wp-json\/wp\/v2\/comments?post=111657"}],"version-history":[{"count":0,"href":"https:\/\/www.europesays.com\/fi\/wp-json\/wp\/v2\/posts\/111657\/revisions"}],"wp:featuredmedia":[{"embeddable":true,"href":"https:\/\/www.europesays.com\/fi\/wp-json\/wp\/v2\/media\/74"}],"wp:attachment":[{"href":"https:\/\/www.europesays.com\/fi\/wp-json\/wp\/v2\/media?parent=111657"}],"wp:term":[{"taxonomy":"category","embeddable":true,"href":"https:\/\/www.europesays.com\/fi\/wp-json\/wp\/v2\/categories?post=111657"},{"taxonomy":"post_tag","embeddable":true,"href":"https:\/\/www.europesays.com\/fi\/wp-json\/wp\/v2\/tags?post=111657"}],"curies":[{"name":"wp","href":"https:\/\/api.w.org\/{rel}","templated":true}]}}