{"id":111660,"date":"2025-12-09T10:03:10","date_gmt":"2025-12-09T10:03:10","guid":{"rendered":"https:\/\/www.europesays.com\/fi\/111660\/"},"modified":"2025-12-09T10:03:10","modified_gmt":"2025-12-09T10:03:10","slug":"venajan-sotilaskone-pudonnut","status":"publish","type":"post","link":"https:\/\/www.europesays.com\/fi\/111660\/","title":{"rendered":"Ven\u00e4j\u00e4n sotilaskone pudonnut"},"content":{"rendered":"<p>Ven\u00e4l\u00e4inen An-22 -kuljetuskone on sy\u00f6ksynyt maahan Moskovan koillispuolella.<\/p>\n<p><img decoding=\"async\" class=\"image image-show image-preview\" src=\"https:\/\/www.europesays.com\/fi\/wp-content\/uploads\/2025\/12\/5f0e960f93eae3e08f3546cf775db51eb916ff1c699beea8726e5026a6e55631.jpg\" alt=\"\"\/><img decoding=\"async\" class=\"image image-show\" src=\"https:\/\/www.europesays.com\/fi\/wp-content\/uploads\/2025\/12\/1765274589_537_5f0e960f93eae3e08f3546cf775db51eb916ff1c699beea8726e5026a6e55631.jpg\" alt=\"\"\/><\/p>\n<p>Antonov An-22 suunniteltiin 1950-luvulla. Stocktrek Images, Inc. \/ Alamy Stock Photo<\/p>\n<p class=\"paragraph\">Ven\u00e4l\u00e4inen raskaiden lastien sotilaskuljetuslentokone Antonov An-22 on sy\u00f6ksynyt maahan Ivanovon alueella, noin 250 kilometri\u00e4 Moskovan koillispuolella.<\/p>\n<p class=\"paragraph\">Asiasta kertoo Ven\u00e4j\u00e4n valtiollinen uutistoimisto Tass.<\/p>\n<p class=\"paragraph\">Koneessa oli seitsem\u00e4n henkil\u00f6n miehist\u00f6. Heid\u00e4n kohtalostaan ei toistaiseksi ole tietoa.<\/p>\n<p class=\"paragraph\">Tassin mukaan onnettomuus tapahtui Uvodskan tekoj\u00e4rven alueella. Lentokoneen osia on l\u00f6ydetty vedest\u00e4. Koneen kerrotaan olleen suunnitellulla testilennolla korjauksen j\u00e4lkeen.<\/p>\n<p class=\"paragraph\">Uutinen p\u00e4ivittyy.<\/p>\n","protected":false},"excerpt":{"rendered":"Ven\u00e4l\u00e4inen An-22 -kuljetuskone on sy\u00f6ksynyt maahan Moskovan koillispuolella. Antonov An-22 suunniteltiin 1950-luvulla. Stocktrek Images, Inc. \/ Alamy Stock&hellip;\n","protected":false},"author":2,"featured_media":111661,"comment_status":"","ping_status":"","sticky":false,"template":"","format":"standard","meta":{"footnotes":""},"categories":[5],"tags":[35,22,23,26,27,33,31,30,17,3220,2187,24,25,3219,2910,121,28,29,15,18,21,32,19,20,16],"class_list":{"0":"post-111660","1":"post","2":"type-post","3":"status-publish","4":"format-standard","5":"has-post-thumbnail","7":"category-otsikot","8":"tag-24h","9":"tag-breaking-news","10":"tag-breakingnews","11":"tag-featured-news","12":"tag-featurednews","13":"tag-fi","14":"tag-finland","15":"tag-finnish","16":"tag-headlines","17":"tag-ilmakulkuneuvot","18":"tag-kulkuneuvot","19":"tag-latest-news","20":"tag-latestnews","21":"tag-lentokoneet","22":"tag-lentoliikenne-ilmaliikenne","23":"tag-liikenne-ja-kuljetus","24":"tag-main-news","25":"tag-mainnews","26":"tag-news","27":"tag-otsikot","28":"tag-paauutiset","29":"tag-suomi","30":"tag-top-stories","31":"tag-topstories","32":"tag-uutiset"},"share_on_mastodon":{"url":"https:\/\/pubeurope.com\/@fi\/115689043251457512","error":""},"_links":{"self":[{"href":"https:\/\/www.europesays.com\/fi\/wp-json\/wp\/v2\/posts\/111660","targetHints":{"allow":["GET"]}}],"collection":[{"href":"https:\/\/www.europesays.com\/fi\/wp-json\/wp\/v2\/posts"}],"about":[{"href":"https:\/\/www.europesays.com\/fi\/wp-json\/wp\/v2\/types\/post"}],"author":[{"embeddable":true,"href":"https:\/\/www.europesays.com\/fi\/wp-json\/wp\/v2\/users\/2"}],"replies":[{"embeddable":true,"href":"https:\/\/www.europesays.com\/fi\/wp-json\/wp\/v2\/comments?post=111660"}],"version-history":[{"count":0,"href":"https:\/\/www.europesays.com\/fi\/wp-json\/wp\/v2\/posts\/111660\/revisions"}],"wp:featuredmedia":[{"embeddable":true,"href":"https:\/\/www.europesays.com\/fi\/wp-json\/wp\/v2\/media\/111661"}],"wp:attachment":[{"href":"https:\/\/www.europesays.com\/fi\/wp-json\/wp\/v2\/media?parent=111660"}],"wp:term":[{"taxonomy":"category","embeddable":true,"href":"https:\/\/www.europesays.com\/fi\/wp-json\/wp\/v2\/categories?post=111660"},{"taxonomy":"post_tag","embeddable":true,"href":"https:\/\/www.europesays.com\/fi\/wp-json\/wp\/v2\/tags?post=111660"}],"curies":[{"name":"wp","href":"https:\/\/api.w.org\/{rel}","templated":true}]}}