{"id":111665,"date":"2025-12-09T10:15:08","date_gmt":"2025-12-09T10:15:08","guid":{"rendered":"https:\/\/www.europesays.com\/fi\/111665\/"},"modified":"2025-12-09T10:15:08","modified_gmt":"2025-12-09T10:15:08","slug":"jutilahan-nayttaa-aika-kuumalta-katja-stahl-kertoo-puuttuneensa-uuden-kumppaninsa-ruokavalioon","status":"publish","type":"post","link":"https:\/\/www.europesays.com\/fi\/111665\/","title":{"rendered":"&#8221;Jutilahan n\u00e4ytt\u00e4\u00e4 aika kuumalta&#8221; \u2013 Katja St\u00e5hl kertoo puuttuneensa uuden kumppaninsa ruokavalioon"},"content":{"rendered":"<p>Toimittaja ja juontaja <strong>Katja St\u00e5hl<\/strong> paljasti taannoin <a href=\"https:\/\/podimo.com\/fi\/shows\/saatan-olla-vaarassakin?pc=fi_paid_1m1&amp;wpsrc=google&amp;wpcid=18182606789&amp;wpscid=173375119413&amp;wpcrid=729110599661&amp;wpkwid=kwd-2421013058074&amp;wpkwn=saatan%20olla%20v%C3%A4%C3%A4r%C3%A4ss%C3%A4kin&amp;wpkmatch=b&amp;wpsnetn=g&amp;utm_source=google&amp;utm_medium=cpc&amp;utm_campaign=show&amp;utm_term=FI-SAOL\/?wpsrc=google&amp;wpcid=18182606789&amp;wpscid=173375119413&amp;wpcrid=729110599661&amp;wpkwid=kwd-2421013058074&amp;wpkwn=saatan%20olla%20v%C3%A4%C3%A4r%C3%A4ss%C3%A4kin&amp;wpkmatch=b&amp;wpsnetn=g&amp;gad_source=1\" target=\"_blank\" rel=\"noreferrer noopener nofollow\">Saatan olla v\u00e4\u00e4r\u00e4ss\u00e4kin -podcastissaan<\/a> aloittaneensa uuden parisuhteen.<\/p>\n<p>Tuoreessa jaksossa h\u00e4n kertoo juontajaparilleen <strong>Kimmo Vehvil\u00e4iselle<\/strong> ehtineens\u00e4 jo puuttua uutukaisen puolisonsa ruokailutottumuksiin.<\/p>\n<p>Lue my\u00f6s: <a href=\"https:\/\/www.voice.fi\/ilmiot\/a-240085\" title=\"Katja St\u00e5hl suunnitteli t\u00e4m\u00e4n vuoden Roosa nauhan \u2013 katso, milt\u00e4 se n\u00e4ytt\u00e4\u00e4\" class=\"underline-custom !font-montserrat !font-bold !underline-offset-4 !decoration-4 !decoration-tilt-light !text-md\" rel=\"nofollow noopener\" target=\"_blank\">Katja St\u00e5hl suunnitteli t\u00e4m\u00e4n vuoden Roosa nauhan \u2013 katso, milt\u00e4 se n\u00e4ytt\u00e4\u00e4<\/a><\/p>\n<p>Lue my\u00f6s: <a href=\"https:\/\/www.voice.fi\/ilmiot\/a-236839\" title=\"Katja St\u00e5hl ja Mikko Kek\u00e4l\u00e4inen juontavat Tangomarkkinoiden Laulukilpailun Finaalin\" class=\"underline-custom !font-montserrat !font-bold !underline-offset-4 !decoration-4 !decoration-tilt-light !text-md\" rel=\"nofollow noopener\" target=\"_blank\">Katja St\u00e5hl ja Mikko Kek\u00e4l\u00e4inen juontavat Tangomarkkinoiden Laulukilpailun Finaalin<\/a><\/p>\n<p>St\u00e5hl sanoo kumppanin ruokavalion olevan samanlainen kuin kiekkoleijona <strong>Timo Jutilalla<\/strong>.<\/p>\n<p>\u2013 Se l\u00f6ysi jostain jonkun lehtijutun, jossa Timo Jutila sanoi, ett\u00e4 h\u00e4n sy\u00f6 vain kerran p\u00e4iv\u00e4ss\u00e4. H\u00e4n sanoi, ett\u00e4 kato, Jutilakin sy\u00f6 vain kerran p\u00e4iv\u00e4ss\u00e4.<\/p>\n<p>Jutila osallistui Olet mit\u00e4 sy\u00f6t -sarjan uudelle kaudelle, jossa h\u00e4nen ruokailutapansa laitettiin uusiksi.<\/p>\n<p>\u2013 Sanoin siihen, ett\u00e4 \u201dJutilahan n\u00e4ytt\u00e4\u00e4 aika kuumalta, h\u00e4h?\u201d<\/p>\n<p>St\u00e5hl kertoo hemmottelevansa uutta rakastaan ruoalla.<\/p>\n<p>\u2013 Surrautin h\u00e4nelle aamulla smoothien. Ihan vain, ett\u00e4 h\u00e4n tiet\u00e4\u00e4, milt\u00e4 tuntuu, kun on sy\u00f6nyt jotain aamupalatyyppist\u00e4.<\/p>\n<p>Lue my\u00f6s: <a href=\"https:\/\/www.voice.fi\/urheilu\/a-153075\" title=\"Timo Jutila ja Mika Saukkonen eiv\u00e4t lannistu pilkkaajista: Koirat haukkuu, karavaani kulkee\" class=\"underline-custom !font-montserrat !font-bold !underline-offset-4 !decoration-4 !decoration-tilt-light !text-md\" rel=\"nofollow noopener\" target=\"_blank\">Timo Jutila ja Mika Saukkonen eiv\u00e4t lannistu pilkkaajista: Koirat haukkuu, karavaani kulkee<\/a><\/p>\n<p>Lue my\u00f6s: <a href=\"https:\/\/www.voice.fi\/viihde\/a-221860\" title=\"Katja St\u00e5hl kertoo tv:ss\u00e4 rehellisesti vaikeista vuosistaan: &quot;Olin ihan pihalla&quot;\" class=\"underline-custom !font-montserrat !font-bold !underline-offset-4 !decoration-4 !decoration-tilt-light !text-md\" rel=\"nofollow noopener\" target=\"_blank\">Katja St\u00e5hl kertoo tv:ss\u00e4 rehellisesti vaikeista vuosistaan: &#8221;Olin ihan pihalla&#8221;<\/a><\/p>\n<p>Smoothiesta puoliso oli ollut sit\u00e4 mielt\u00e4, ettei se voi olla terveellist\u00e4, koska se maistuu hyv\u00e4lt\u00e4.<\/p>\n<p>St\u00e5hl paljastaa kumppaninsa l\u00e4hettelev\u00e4n h\u00e4nelle yll\u00e4tt\u00e4vi\u00e4 kuvia, joissa h\u00e4nell\u00e4 \u201ctodistetusti on vihre\u00e4t\u00e4 lautasella\u201d.<\/p>\n<p>\u2013 En oo pyyt\u00e4nyt.<\/p>\n<p>Ennen kaikkea St\u00e5hlilla on mieless\u00e4 kumppaninsa terveys ja hyvinvointi.<\/p>\n<p>\u2013 M\u00e4 oon sanonut, ett\u00e4 mulla ei ole aikomuksena alkaa omaishoitajaksi l\u00e4hiaikoina.<\/p>\n","protected":false},"excerpt":{"rendered":"Toimittaja ja juontaja Katja St\u00e5hl paljasti taannoin Saatan olla v\u00e4\u00e4r\u00e4ss\u00e4kin -podcastissaan aloittaneensa uuden parisuhteen. Tuoreessa jaksossa h\u00e4n kertoo&hellip;\n","protected":false},"author":2,"featured_media":111666,"comment_status":"","ping_status":"","sticky":false,"template":"","format":"standard","meta":{"footnotes":""},"categories":[136],"tags":[407,137,33,31,30,408,1496,2999,32,109],"class_list":{"0":"post-111665","1":"post","2":"type-post","3":"status-publish","4":"format-standard","5":"has-post-thumbnail","7":"category-julkkikset","8":"tag-celebrities","9":"tag-entertainment","10":"tag-fi","11":"tag-finland","12":"tag-finnish","13":"tag-julkkikset","14":"tag-parisuhde","15":"tag-ruokavalio","16":"tag-suomi","17":"tag-viihde"},"share_on_mastodon":{"url":"https:\/\/pubeurope.com\/@fi\/115689090134166273","error":""},"_links":{"self":[{"href":"https:\/\/www.europesays.com\/fi\/wp-json\/wp\/v2\/posts\/111665","targetHints":{"allow":["GET"]}}],"collection":[{"href":"https:\/\/www.europesays.com\/fi\/wp-json\/wp\/v2\/posts"}],"about":[{"href":"https:\/\/www.europesays.com\/fi\/wp-json\/wp\/v2\/types\/post"}],"author":[{"embeddable":true,"href":"https:\/\/www.europesays.com\/fi\/wp-json\/wp\/v2\/users\/2"}],"replies":[{"embeddable":true,"href":"https:\/\/www.europesays.com\/fi\/wp-json\/wp\/v2\/comments?post=111665"}],"version-history":[{"count":0,"href":"https:\/\/www.europesays.com\/fi\/wp-json\/wp\/v2\/posts\/111665\/revisions"}],"wp:featuredmedia":[{"embeddable":true,"href":"https:\/\/www.europesays.com\/fi\/wp-json\/wp\/v2\/media\/111666"}],"wp:attachment":[{"href":"https:\/\/www.europesays.com\/fi\/wp-json\/wp\/v2\/media?parent=111665"}],"wp:term":[{"taxonomy":"category","embeddable":true,"href":"https:\/\/www.europesays.com\/fi\/wp-json\/wp\/v2\/categories?post=111665"},{"taxonomy":"post_tag","embeddable":true,"href":"https:\/\/www.europesays.com\/fi\/wp-json\/wp\/v2\/tags?post=111665"}],"curies":[{"name":"wp","href":"https:\/\/api.w.org\/{rel}","templated":true}]}}