{"id":111669,"date":"2025-12-09T10:22:07","date_gmt":"2025-12-09T10:22:07","guid":{"rendered":"https:\/\/www.europesays.com\/fi\/111669\/"},"modified":"2025-12-09T10:22:07","modified_gmt":"2025-12-09T10:22:07","slug":"ilveksen-tahti-on-historiallisessa-tahdissa-legendat-jaamassa-taakse","status":"publish","type":"post","link":"https:\/\/www.europesays.com\/fi\/111669\/","title":{"rendered":"Ilveksen t\u00e4hti on historiallisessa tahdissa \u2013 legendat j\u00e4\u00e4m\u00e4ss\u00e4 taakse"},"content":{"rendered":"<p>Simon Johansson on ollut yksi Ilveksen vaikean syksyn valopilkuista. Ruotsalaispuolustaja on \u00e4itynyt sellaiseen maalivireeseen, ett\u00e4 jopa Ilveksen seuraenn\u00e4tys voi olla vaarassa.<\/p>\n<p class=\"article-body mb-nof-24 px-nof-16\">Aamulehti<\/p>\n<p class=\"article-body mb-nof-24 px-nof-16\"><a class=\"article-personlink article-leadin\" href=\"https:\/\/www.aamulehti.fi\/haku\/?query=Simon%20Johansson\" rel=\"nofollow noopener\" target=\"_blank\">Simon Johansson<\/a> iski jo kauden 11. maalinsa, kun h\u00e4n osui perjantaina \u00c4ssien verkkoon kolmannen er\u00e4n lopulla. Ilves haki lopulta Porista 4\u20133-vierasvoiton voittomaalikilpailun j\u00e4lkeen. Samalla ruotsalainen vankisti k\u00e4rkipaikkaansa puolustajien maalip\u00f6rssin k\u00e4rjess\u00e4. Kakkossijaa pit\u00e4v\u00e4 SaiPan <a class=\"article-personlink\" href=\"https:\/\/www.aamulehti.fi\/haku\/?query=Santeri%20Airola\" rel=\"nofollow noopener\" target=\"_blank\">Santeri Airola<\/a> on j\u00e4\u00e4nyt jo nelj\u00e4n t\u00e4ysosuman p\u00e4\u00e4h\u00e4n.<\/p>\n<p class=\"article-body mb-nof-24 px-nof-16\">Johansson on ollut alkukauden aikana l\u00e4hes pitelem\u00e4t\u00f6n erityisesti hy\u00f6kk\u00e4ysp\u00e4\u00e4ss\u00e4. Viime kaudella Tampereelle palannut luutija on ker\u00e4nnyt 25 pelaamassaan ottelussa 11 maalin kylkeen yhdeks\u00e4n sy\u00f6tt\u00f6pistett\u00e4 ja pit\u00e4\u00e4 20 tehopisteell\u00e4\u00e4n k\u00e4rkisijaa my\u00f6s puolustajien pistep\u00f6rssiss\u00e4 pisteen erolla ennen JYPin <a class=\"article-personlink\" href=\"https:\/\/www.aamulehti.fi\/haku\/?query=Sami%20Vatasta\" rel=\"nofollow noopener\" target=\"_blank\">Sami Vatasta<\/a>.<\/p>\n<p class=\"article-body mb-nof-24 px-nof-16\">Lue lis\u00e4\u00e4: <a class=\"article-genericlink\" href=\"https:\/\/www.aamulehti.fi\/liiga\/art-2000011661600.html\" rel=\"nofollow noopener\" target=\"_blank\">Jarkko Parikka koki Ilveksen kopissa hurjan hetken, kun joukkue\u00adkaveri kielt\u00e4ytyi pelaamasta \u2013 pian h\u00e4n tekee taas seura\u00adhistoriaa<\/a><\/p>\n<p class=\"article-body mb-nof-24 px-nof-16\">Johansson on noussut hurjan syksyns\u00e4 ansiosta uhkaamaan jopa Ilveksen puolustajien yhden kauden maalienn\u00e4tyst\u00e4, joka on 19 maalia. Siihen ovat ylt\u00e4neet SM-liigan aikakaudella Ilves-legendat <a class=\"article-personlink\" href=\"https:\/\/www.aamulehti.fi\/haku\/?query=Risto%20Siltanen\" rel=\"nofollow noopener\" target=\"_blank\">Risto Siltanen<\/a> (kaudella 1988\u201389) ja <a class=\"article-personlink\" href=\"https:\/\/www.aamulehti.fi\/haku\/?query=Allan%20Measures\" rel=\"nofollow noopener\" target=\"_blank\">Allan Measures<\/a> (1997\u201398). Mik\u00e4li ruotsalainen pysyy terveen\u00e4, voi enn\u00e4tyksen siirtymist\u00e4 h\u00e4nen nimiins\u00e4 pit\u00e4\u00e4 jopa todenn\u00e4k\u00f6isen\u00e4.<\/p>\n<p class=\"article-body mb-nof-24 px-nof-16\">Viime vuosina Ilves-puolustuksen kovimpia maalitykkej\u00e4 ovat olleet <a class=\"article-personlink\" href=\"https:\/\/www.aamulehti.fi\/haku\/?query=Les%20Lancaster\" rel=\"nofollow noopener\" target=\"_blank\">Les Lancaster<\/a>, joka osui kaudella 2022\u201323 kaikkiaan 13 kertaa ja viime kaudella 12 maalia laukonut <a class=\"article-personlink\" href=\"https:\/\/www.aamulehti.fi\/haku\/?query=Daniel%20Gazda\" rel=\"nofollow noopener\" target=\"_blank\">Daniel Gazda<\/a>.<\/p>\n<p class=\"article-body mb-nof-24 px-nof-16\">Nykyisell\u00e4 tahdillaan Johanssonilla on mahdollisuudet napata nimiins\u00e4 my\u00f6s Ilves-puolustajien yhden kauden piste-enn\u00e4tys, jota pit\u00e4\u00e4 hallussaan Lancaster. Yhdysvaltalaispuolustaja hurjasteli kaudella 2022\u201323 tehot 13+34=47.<\/p>\n<p class=\"article-body mb-nof-24 px-nof-16\">Johansson on iskenyt t\u00e4h\u00e4n menness\u00e4 0,8 pistett\u00e4 ottelua kohden, ja saman tahdin jatkuessa j\u00e4ljell\u00e4 olevissa 33 ottelussa, ruotsalaistaiturin pistesaldo kohoaisi runkosarjan p\u00e4\u00e4ttyess\u00e4 46\u201347 pisteeseen.<\/p>\n","protected":false},"excerpt":{"rendered":"Simon Johansson on ollut yksi Ilveksen vaikean syksyn valopilkuista. Ruotsalaispuolustaja on \u00e4itynyt sellaiseen maalivireeseen, ett\u00e4 jopa Ilveksen seuraenn\u00e4tys&hellip;\n","protected":false},"author":2,"featured_media":111670,"comment_status":"","ping_status":"","sticky":false,"template":"","format":"standard","meta":{"footnotes":""},"categories":[158],"tags":[157,33,31,30,159,32,160],"class_list":{"0":"post-111669","1":"post","2":"type-post","3":"status-publish","4":"format-standard","5":"has-post-thumbnail","7":"category-urheilu","8":"tag-aamulehti","9":"tag-fi","10":"tag-finland","11":"tag-finnish","12":"tag-sports","13":"tag-suomi","14":"tag-urheilu"},"share_on_mastodon":{"url":"https:\/\/pubeurope.com\/@fi\/115689117791525844","error":""},"_links":{"self":[{"href":"https:\/\/www.europesays.com\/fi\/wp-json\/wp\/v2\/posts\/111669","targetHints":{"allow":["GET"]}}],"collection":[{"href":"https:\/\/www.europesays.com\/fi\/wp-json\/wp\/v2\/posts"}],"about":[{"href":"https:\/\/www.europesays.com\/fi\/wp-json\/wp\/v2\/types\/post"}],"author":[{"embeddable":true,"href":"https:\/\/www.europesays.com\/fi\/wp-json\/wp\/v2\/users\/2"}],"replies":[{"embeddable":true,"href":"https:\/\/www.europesays.com\/fi\/wp-json\/wp\/v2\/comments?post=111669"}],"version-history":[{"count":0,"href":"https:\/\/www.europesays.com\/fi\/wp-json\/wp\/v2\/posts\/111669\/revisions"}],"wp:featuredmedia":[{"embeddable":true,"href":"https:\/\/www.europesays.com\/fi\/wp-json\/wp\/v2\/media\/111670"}],"wp:attachment":[{"href":"https:\/\/www.europesays.com\/fi\/wp-json\/wp\/v2\/media?parent=111669"}],"wp:term":[{"taxonomy":"category","embeddable":true,"href":"https:\/\/www.europesays.com\/fi\/wp-json\/wp\/v2\/categories?post=111669"},{"taxonomy":"post_tag","embeddable":true,"href":"https:\/\/www.europesays.com\/fi\/wp-json\/wp\/v2\/tags?post=111669"}],"curies":[{"name":"wp","href":"https:\/\/api.w.org\/{rel}","templated":true}]}}