{"id":111679,"date":"2025-12-09T10:30:18","date_gmt":"2025-12-09T10:30:18","guid":{"rendered":"https:\/\/www.europesays.com\/fi\/111679\/"},"modified":"2025-12-09T10:30:18","modified_gmt":"2025-12-09T10:30:18","slug":"unelma-lapista-mureni-uusi-elama-pohjoisessa-paattyi-huutoitkuun-paivystyksessa","status":"publish","type":"post","link":"https:\/\/www.europesays.com\/fi\/111679\/","title":{"rendered":"Unelma Lapista mureni: Uusi el\u00e4m\u00e4 pohjoisessa p\u00e4\u00e4ttyi huutoitkuun p\u00e4ivystyksess\u00e4"},"content":{"rendered":"<p class=\"article__paragraph\">\n      Lapin lumo haihtui hetkess\u00e4.\n    <\/p>\n<p class=\"article__paragraph\">\n      Kolmentuhannen asukkaan lappilaiskunnasta kotoisin oleva oululaistunut nainen palasi synnyinkuntaansa asuttuaan muualla parikymment\u00e4 vuotta.\n    <\/p>\n<p class=\"article__paragraph\">\n      \u2013\u202fAjattelin, ett\u00e4 olisi ihana asua siell\u00e4. L\u00e4hell\u00e4 olisi perhett\u00e4, ja rakastan sit\u00e4 luontoa yli kaiken.\n    <\/p>\n<p class=\"article__paragraph\">\n      Oulussa asuessaan h\u00e4n selaili pikkukunnan ty\u00f6paikkailmoituksia. Yksi niist\u00e4 napsahti, ja h\u00e4n t\u00e4ytti hakemuksen. Valintaansa h\u00e4n piti ep\u00e4todenn\u00e4k\u00f6isen\u00e4, mutta niin vain tuli ensin kutsu haastatteluun ja sitten tieto: me haluamme valita sinut.\n    <\/p>\n<p>    <img decoding=\"async\" class=\"responsive-image article__image-image lozad\"   src=\"https:\/\/www.europesays.com\/fi\/wp-content\/uploads\/2025\/12\/9-UZtLqRgMGibhwYgQSL5_GmX4voDIaG2g6xW5siNgeAaa8UVViPwPSPRpRXyShStZu_wJQqcMXSG7EWKJs164rks_NIHm_qbf_G.jpeg\" alt=\"Kaikille Lapin luonto, ulkoilumahdollisuudet, rauha ja hiljaisuus eiv\u00e4t riit\u00e4 kotiutumiseen.\"\/><\/p>\n<p>\n                Kaikille Lapin luonto, ulkoilumahdollisuudet, rauha ja hiljaisuus eiv\u00e4t riit\u00e4 kotiutumiseen.\n              <\/p>\n<p>\n                Kuva: Lea Remes\n              <\/p>\n<p class=\"article__paragraph\">\n      Kolmen kuukauden kuluttua siit\u00e4 nainen oli j\u00e4rjest\u00e4nyt asumisen ja lapsenhoidon kuntoon ja aloitti uudella paikkakunnalla uudessa ty\u00f6ss\u00e4\u00e4n.\n    <\/p>\n<p class=\"article__paragraph\">\n      Ty\u00f6 maistui ja antoi viitteit\u00e4 uralla etenemisest\u00e4. Nainen sai vastuuta ja onnistui mielest\u00e4\u00e4n t\u00e4ytt\u00e4m\u00e4\u00e4n odotukset, kuten kehitt\u00e4m\u00e4\u00e4n ty\u00f6paikkansa toimintaa melkoisesti.\n    <\/p>\n<p class=\"article__paragraph\">\n      Sitten suhtautuminen alkoi muuttua.\n    <\/p>\n<p class=\"article__paragraph\">\n      \u2013\u202fEn ollut silt\u00e4 alalta ja olin ty\u00f6porukan nuorinta sakkia. Sit\u00e4 ei katsottu hyv\u00e4ll\u00e4.\n    <\/p>\n<p class=\"article__paragraph\">\n      Nainen kokee, ett\u00e4 h\u00e4nt\u00e4 alettiin savustaa ulos. Toimittiin sel\u00e4n takana, suolattiin koko ty\u00f6yhteis\u00f6n edess\u00e4, m\u00e4\u00e4r\u00e4ttiin toisiin hommiin kriittisell\u00e4 hetkell\u00e4.\n    <\/p>\n<p class=\"article__paragraph\">\n      \u2013\u202fSe oli ep\u00e4terve ty\u00f6yhteis\u00f6.\n    <\/p>\n<p>      Yleinen pikkukuntien ilmi\u00f6<\/p>\n<p class=\"article__paragraph\">\n      Nainen haluaa kertoa tapauksesta, koska se on h\u00e4nen mukaansa yleinen ilmi\u00f6 Lapin pikkukunnissa ja muissakin yrityksiss\u00e4 kuin h\u00e4nen silloisessa ty\u00f6paikassaan.\n    <\/p>\n<p class=\"article__paragraph\">\n      Kunnan koko vaikuttaa h\u00e4nen mielest\u00e4\u00e4n niin, ett\u00e4 Lapin isommilla paikkakunnilla kulttuuri on kehittyneemp\u00e4\u00e4. Matkailuvetoisissa kunnissa on paljon keikkaty\u00f6ntekij\u00f6it\u00e4, joten niiss\u00e4kin erilaisuuteen on jo totuttu. Erilaisten kulttuurien sekoittuminen, kouluttautuminen ja maailman n\u00e4keminen tuo ilmaa ja avaruutta ajatuksiin.\n    <\/p>\n<p class=\"article__paragraph\">\n      Nainen ei esiinny jutussa omalla nimell\u00e4\u00e4n, koska h\u00e4nen paikkakunnalla yh\u00e4 asuvat sukulaisensa joutuisivat todenn\u00e4k\u00f6isesti vaikeuksiin.\n    <\/p>\n<p class=\"article__paragraph\">\n      Jo jossain mediassa esiintymist\u00e4 katsotaan karsaasti, mutta t\u00e4m\u00e4n kaiken kertomista pidett\u00e4isiin hy\u00f6kk\u00e4yksen\u00e4 paikkakuntaa kohtaan, nainen uskoo. Silm\u00e4tikuksi joutuisi silloin koko suku.\n    <\/p>\n<p>      Pohjoisen vetovoima, etel\u00e4n ty\u00f6nt\u00f6voima<\/p>\n<p class=\"article__paragraph\">\n      \u2013\u202fLappiin harva pettyy, mutta puitteisiin voi petty\u00e4.\n    <\/p>\n<p class=\"article__paragraph\">\n      N\u00e4in sanoo Laura Kokkonen, joka on kirjoittanut t\u00e4n\u00e4 vuonna julkaistun tietokirjan Pohjoisen kutsu: Lappiin l\u00e4hteneet.\n    <\/p>\n<p>    <img decoding=\"async\" class=\"responsive-image article__image-image lozad\"   src=\"https:\/\/www.europesays.com\/fi\/wp-content\/uploads\/2025\/12\/Xbu2IjG_Yrf-0NH69WItd0Lbp2dzR7CZy2zKxnz8iK96xG0Lqz3jBGkGr9_SWhbiG2slS8MPqfI9TC2awriK3M-jJJPD4mK40EM6.jpeg\" alt=\"Laura Kokkonen on muuttanut p\u00e4\u00e4kaupunkiseudulta Rovaniemelle ja viihtyy erinomaisesti. H\u00e4n tiet\u00e4\u00e4, ett\u00e4 kaikilla el\u00e4m\u00e4nmuutos ei suju yht\u00e4 mutkattomasti.\"\/><\/p>\n<p>\n                Laura Kokkonen on muuttanut p\u00e4\u00e4kaupunkiseudulta Rovaniemelle ja viihtyy erinomaisesti. H\u00e4n tiet\u00e4\u00e4, ett\u00e4 kaikilla el\u00e4m\u00e4nmuutos ei suju yht\u00e4 mutkattomasti.\n              <\/p>\n<p>\n                Kuva: Jussi Leinonen\n              <\/p>\n<p class=\"article__paragraph\">\n      Kokkonen itse on tyytyv\u00e4inen muuttaja, mutta h\u00e4n tuntee my\u00f6s k\u00e4\u00e4nt\u00f6puolen.\n    <\/p>\n<p class=\"article__paragraph\">\n      H\u00e4nen kirjansa aineiston perusteella suurin osa pohjoiseen muuttaneista my\u00f6s j\u00e4\u00e4 sinne. Seitsem\u00e4n kymmenest\u00e4 ei ole edes harkinnut paluumuuttoa, ja harkitsijoistakin vain harva palaa.\n    <\/p>\n<p class=\"article__paragraph\">\n      Paluumuuttoa pidet\u00e4\u00e4n mahdollisena tulevaisuudessa esimerkiksi el\u00e4m\u00e4ntilanteen muutoksen tai muuttuvien hoivavastuiden seurauksena. Vain pieni osa oli tekem\u00e4ss\u00e4 paluumuuttop\u00e4\u00e4t\u00f6st\u00e4 pian.\n    <\/p>\n<p class=\"article__paragraph\">\n      Paluuta harkitsevillekaan p\u00e4\u00e4t\u00f6s ei ollut mieluinen, helppo tai toivottu, vaan ennemmin pakon ja olosuhteiden sanelema. Paluumuutto saattaa tuntua my\u00f6s ep\u00e4onnistumiselta.\n    <\/p>\n<p>    <img decoding=\"async\" class=\"responsive-image article__image-image lozad\"   src=\"https:\/\/www.europesays.com\/fi\/wp-content\/uploads\/2025\/12\/WqyvtqSuV76ZhSlG-dFJCRJ5g5U-KO9THji1eciAq_5XpXUqK2iADq6ViXlzKD-dwQGSBZxKohzO1b9XTHZoXh2j25pY4_hbKtKF.jpeg\" alt=\"Haastaa ihmisen oman el\u00e4m\u00e4n rakennetta, kun joku muu tekee esimerkiksi ison el\u00e4m\u00e4nmuutoksen, Laura Kokkonen tiet\u00e4\u00e4.\"\/><\/p>\n<p>\n                Haastaa ihmisen oman el\u00e4m\u00e4n rakennetta, kun joku muu tekee esimerkiksi ison el\u00e4m\u00e4nmuutoksen, Laura Kokkonen tiet\u00e4\u00e4.\n              <\/p>\n<p>\n                Kuva: Jussi Leinonen\n              <\/p>\n<p class=\"article__paragraph\">\n      Parempaa arkea, kyll\u00e4stymist\u00e4 moneen asiaan silloisessa hektisess\u00e4 el\u00e4m\u00e4ss\u00e4, etel\u00e4n synkk\u00e4 talvi. N\u00e4m\u00e4 seikat saivat nyt 36-vuotiaan Kokkosen puolisoineen muuttamaan Helsingist\u00e4 Rovaniemelle kolme vuotta sitten.\n    <\/p>\n<p class=\"article__paragraph\">\n      Pohjoisella on vetovoimansa ja etel\u00e4ll\u00e4 ty\u00f6nt\u00f6voimansa, ja n\u00e4iden yhteisvaikutuksesta p\u00e4\u00e4t\u00f6s usein kypsyy. Kokkoselle pysyv\u00e4 muutto pohjoiseen tuntui paluulta omann\u00e4k\u00f6iseen el\u00e4m\u00e4\u00e4n.\n    <\/p>\n<p class=\"article__paragraph\">\n      Kokkosen mukaan pienen kaupungin arki on leppoisaa. Vapaata aikaa j\u00e4\u00e4 enemm\u00e4n, koska liikkuminen paikasta toiseen ei vie niin paljon aikaa, ja oikea luonto on l\u00e4hemp\u00e4n\u00e4.\n    <\/p>\n<p class=\"article__paragraph\">\n      \u2013\u202fSaman illan aikana ehtii harrastaa, luontoon, kahville ja ajoissa kotiin.\n    <\/p>\n<p class=\"article__paragraph\">\n      Toisaalta Rovaniemi on sen verran iso kaupunki, ett\u00e4 jos haluaa k\u00e4yd\u00e4 kahvilassa sy\u00f6m\u00e4ss\u00e4 hyv\u00e4\u00e4 kakkua, sekin onnistuu.\n    <\/p>\n<p class=\"article__paragraph\">\n      P\u00e4iv\u00e4retket ja minivaellukset k\u00e4yv\u00e4t n\u00e4pp\u00e4r\u00e4sti, py\u00f6r\u00e4ll\u00e4 p\u00e4\u00e4see maastoon, samoin marjastamaan, sienest\u00e4m\u00e4\u00e4n ja hiiht\u00e4m\u00e4\u00e4n kaikilla eri suksilla.\n    <\/p>\n<p class=\"article__paragraph\">\n      Omaa muuttotarinaansa Kokkonen pit\u00e4\u00e4 aika tyypillisen\u00e4. Muutto on muutos, jolla pyrit\u00e4\u00e4n el\u00e4m\u00e4n rakenteen muuttamiseen. Kerran tai pari vuodessa Lapissa latautumassa k\u00e4yv\u00e4 saattaa mietti\u00e4, mit\u00e4 lis\u00e4arvoa saisi arkeensa, jos asuisikin pohjoisessa pysyv\u00e4sti.\n    <\/p>\n<p>      Ei kiitos uusille ideoille<\/p>\n<p class=\"article__paragraph\">\n      Kaikilla kotiutuminen ei Kokkosen kirjaansa varten ker\u00e4\u00e4m\u00e4n aineiston perusteella ole kuitenkaan sujunut yht\u00e4 hyvin.\n    <\/p>\n<p class=\"article__paragraph\">\n      Yksi syy on yksin\u00e4isyys: aikuisen on vaikea l\u00f6yt\u00e4\u00e4 uusia yst\u00e4vi\u00e4. Toinen haaste voi olla itselle sopivan kodin l\u00f6yt\u00e4minen. Kolmanneksi ty\u00f6t\u00e4 ei v\u00e4ltt\u00e4m\u00e4tt\u00e4 l\u00f6ydy, tai sopivaa ty\u00f6t\u00e4. Ja nelj\u00e4nneksi joku k\u00e4rsii siit\u00e4, ett\u00e4 ihmiset, l\u00e4heiset ja turvaverkot ovat kaukana.\n    <\/p>\n<p>Tausta<\/p>\n<p>      Aina sopeutuminen ei suju<\/p>\n<p class=\"article__expanding_box-paragraph\">\n      Kotiutumisessa on kolme vaihetta.\n    <\/p>\n<p class=\"article__expanding_box-paragraph\">\n      Ensimm\u00e4isess\u00e4 vaiheessa itse valittu uusi asuinpaikka voi tuntua lumoavan ihanalta. Ajan my\u00f6t\u00e4 ihminen tottuu, ja tottuminen on aivojen kannalta pakollista.\n    <\/p>\n<p class=\"article__expanding_box-paragraph\">\n      Toisessa vaiheessa suhde paikkaan voi muuttua kriittiseksi. Lumo ja upeus karisevat.\n    <\/p>\n<p class=\"article__expanding_box-paragraph\">\n      Kolmas ja viimeinen vaihe on sopeutuminen. Se on kiintymisen ja juurtumisen vaihetta ja tasapainoa kahden edellisen eli lumon ja kritiikin v\u00e4lill\u00e4.\n    <\/p>\n<p class=\"article__expanding_box-paragraph\">\n      Vaiheet eiv\u00e4t v\u00e4ltt\u00e4m\u00e4tt\u00e4 etene kronologisesti tai niit\u00e4 voi j\u00e4\u00e4d\u00e4 v\u00e4liin.\n    <\/p>\n<p class=\"article__expanding_box-paragraph\">\n      Osa Lappiin muuttaneista ei syyst\u00e4 tai toisesta sopeudu, l\u00f6yd\u00e4 sopivaa ty\u00f6t\u00e4, asuntoa tai sosiaalista paikkaansa ja p\u00e4\u00e4tyy palaamaan tai etsim\u00e4\u00e4n seuraavaa kotia ihan jostain muualta.\n    <\/p>\n<p>\n      L\u00e4hde: Laura Kokkonen: Pohjoisen kutsu.\n    <\/p>\n<p class=\"article__paragraph\">\n      Toisaalta kaikki eiv\u00e4t edes tavoittele pysyv\u00e4\u00e4 muutosta eiv\u00e4tk\u00e4 oleta, ett\u00e4 mitk\u00e4\u00e4n ratkaisut el\u00e4m\u00e4ss\u00e4 ovat kovin pysyvi\u00e4. Kun totutun rajoja on kolistellut kerran, se k\u00e4y jatkossa helpommin. Jollekin Lapin-vaihe voi jo l\u00e4ht\u00f6kohtaisesti olla yksi pala el\u00e4m\u00e4\u00e4 ja seuraava jotain muuta.\n    <\/p>\n<p class=\"article__paragraph\">\n      Oululaisnaisen paluup\u00e4\u00e4t\u00f6s k\u00e4rjistyi nopeasti. H\u00e4nen mukaansa monissa Lapin pikkukunnissa puhutaan uusista ideoista, mutta oikeasti niit\u00e4 ei haluta.\n    <\/p>\n<p class=\"article__paragraph\">\n      \u2013\u202fMit\u00e4\u00e4n ei voi tehd\u00e4 uudella tavalla. Kaikki n\u00e4hd\u00e4\u00e4n uhkana, uudet ihmiset ja uudet ajatukset.\n    <\/p>\n<p class=\"article__paragraph\">\n      Lyhyess\u00e4 ajassa h\u00e4nen tilanteensa \u00e4ityi vain tulehtuneemmaksi ja tulehtuneemmaksi. Yksi suolaamispalaveri sai h\u00e4net sokkitilaan, ja tapahtuma laukaisi burnoutin.\n    <\/p>\n<p class=\"article__paragraph\">\n      \u2013\u202fOlin aamulla p\u00e4ivystyksess\u00e4 huutoitkem\u00e4ss\u00e4.\n    <\/p>\n<p class=\"article__paragraph\">\n      Kahden kuukauden sairausloman aikana h\u00e4n oli jo palannut Ouluun.\n    <\/p>\n<p>      Pettymyksest\u00e4 huojennukseen<\/p>\n<p class=\"article__paragraph\">\n      Aluksi paluu aiheutti suurta pettymyksen tunnetta. Ajatus oli ollut, ett\u00e4 perhe elelee Lapissa paljon pitemp\u00e4\u00e4n. Mielikuva siit\u00e4, mit\u00e4 elo voisi olla, t\u00f6rm\u00e4si karuun todellisuuteen.\n    <\/p>\n<p>    <img decoding=\"async\" class=\"responsive-image article__image-image lozad\"   src=\"https:\/\/www.europesays.com\/fi\/wp-content\/uploads\/2025\/12\/MBioi7_3GlYa3llH8cGEpos0oRqtH5qheNYtBWtvh-PM3GK7ar2F09ZMgUDe67wtezwP-r_XWAAZXl5rISUPNn-CzTBcTtuGWWOq.jpeg\" alt=\"Yksi paluup\u00e4\u00e4t\u00f6ksen syy on yksin\u00e4isyys: aikuisen on vaikea l\u00f6yt\u00e4\u00e4 uudesta asuinymp\u00e4rist\u00f6st\u00e4 uusia yst\u00e4vi\u00e4.\"\/><\/p>\n<p>\n                Yksi paluup\u00e4\u00e4t\u00f6ksen syy on yksin\u00e4isyys: aikuisen on vaikea l\u00f6yt\u00e4\u00e4 uudesta asuinymp\u00e4rist\u00f6st\u00e4 uusia yst\u00e4vi\u00e4.\n              <\/p>\n<p>\n                Kuva: Lea Remes\n              <\/p>\n<p class=\"article__paragraph\">\n      My\u00f6hemmin nainen tunsi my\u00f6s huojennusta ja ymm\u00e4rsi, ett\u00e4 ratkaisu oli t\u00e4ydellisen oikea. H\u00e4pe\u00e4\u00e4 h\u00e4n ei ole kokenut.\n    <\/p>\n<p class=\"article__paragraph\">\n      \u2013\u202fEi ep\u00e4onnistumisia kuulu h\u00e4vet\u00e4.\n    <\/p>\n<p class=\"article__paragraph\">\n      Muutaman vuoden takainen historia muistuttaa olemassaolostaan edelleen, kun nainen k\u00e4y paikkakunnalla.\n    <\/p>\n<p class=\"article__paragraph\">\n      \u2013\u202fTietyt ihmiset katselevat tietyll\u00e4 tavalla. Paikalliset, edes entiset hyv\u00e4t tutut, eiv\u00e4t en\u00e4\u00e4 tervehdi.\n    <\/p>\n<p class=\"article__paragraph\">\n      Lapissa asumisessa h\u00e4n n\u00e4kee edelleen paljon plussapuolia: P\u00e4iv\u00e4hoidossa ja koulussa on pienet ryhm\u00e4t. Ymp\u00e4rist\u00f6 on luonnonl\u00e4heinen. Lapselle pieni, turvallinen yhteis\u00f6 on hyv\u00e4 kasvualusta.\n    <\/p>\n<p class=\"article__paragraph\">\n      Nurkkakuntaisuudesta h\u00e4n sai kuitenkin tarpeekseen.\n    <\/p>\n<p>      Muutos haastaa muiden el\u00e4m\u00e4\u00e4<\/p>\n<p class=\"article__paragraph\">\n      K\u00e4sitys siit\u00e4, mit\u00e4 on oikea el\u00e4m\u00e4, voi olla varsin konservatiivinen. Poikkeamista t\u00e4st\u00e4 paheksutaan. Se, miten ulkopuoliset arvostelevat toisten el\u00e4m\u00e4nvalintoja, on saanut Laura Kokkosen kummastelemaan, miten heill\u00e4 riitt\u00e4\u00e4 siihen pokkaa.\n    <\/p>\n<p class=\"article__paragraph\">\n      \u2013\u202fMuutos haastaa ihmisen oman el\u00e4m\u00e4n rakennetta, kun joku muu tekee jotain kummallista, h\u00e4n tutkijana l\u00f6yt\u00e4\u00e4 syyn sille, miksi toisten tekemi\u00e4 p\u00e4\u00e4t\u00f6ksi\u00e4 katsotaan joskus karsaasti.\n    <\/p>\n<p>    <img decoding=\"async\" class=\"responsive-image article__image-image lozad\"   src=\"https:\/\/www.europesays.com\/fi\/wp-content\/uploads\/2025\/12\/j64hqxLjp6ou2eIhOLD0rU4V8OFwY3OIcnWNTb776JcFqwbQcEVKMA22ve2fly5LxzXDhd7z6h8qRE2zPoMbMITSyUVNSVsvvkeB.jpeg\" alt=\"Laura Kokkosen mielest\u00e4 muutosta kannattaa ainakin kokeilla, jos yht\u00e4\u00e4n silt\u00e4 tuntuu.\"\/><\/p>\n<p>\n                Laura Kokkosen mielest\u00e4 muutosta kannattaa ainakin kokeilla, jos yht\u00e4\u00e4n silt\u00e4 tuntuu.\n              <\/p>\n<p>\n                Kuva: Jussi Leinonen\n              <\/p>\n<p class=\"article__paragraph\">\n      Muutoksia kannattaa h\u00e4nen mielest\u00e4\u00e4n v\u00e4hint\u00e4\u00e4nkin pohtia. Monelle nykyel\u00e4m\u00e4 ei sovi, eik\u00e4 se johdu vain yksil\u00f6st\u00e4. Yhteiskunta on muuttunut, ty\u00f6el\u00e4m\u00e4 kiristynyt ja ep\u00e4varmuus lis\u00e4\u00e4ntynyt.\n    <\/p>\n<p class=\"article__paragraph\">\n      Hakeutuminen luonnonmukaisempaan ymp\u00e4rist\u00f6\u00f6n ja hitaampaan el\u00e4m\u00e4\u00e4n on silloin varsin looginen liikku.\n    <\/p>\n<p class=\"article__paragraph\">\n      \u2013\u202fJos kaipaa muutosta, sit\u00e4 kannattaa kokeilla, Kokkonen kannustaa.\n    <\/p>\n<p class=\"article__paragraph\">\n      Varma ei tarvitse heti olla.\n    <\/p>\n","protected":false},"excerpt":{"rendered":"Lapin lumo haihtui hetkess\u00e4. Kolmentuhannen asukkaan lappilaiskunnasta kotoisin oleva oululaistunut nainen palasi synnyinkuntaansa asuttuaan muualla parikymment\u00e4 vuotta. \u2013\u202fAjattelin,&hellip;\n","protected":false},"author":2,"featured_media":111680,"comment_status":"","ping_status":"","sticky":false,"template":"","format":"standard","meta":{"footnotes":""},"categories":[117],"tags":[33,31,30,72,476,118,32,119,477],"class_list":{"0":"post-111679","1":"post","2":"type-post","3":"status-publish","4":"format-standard","5":"has-post-thumbnail","7":"category-luonto","8":"tag-fi","9":"tag-finland","10":"tag-finnish","11":"tag-luonto","12":"tag-nature","13":"tag-science","14":"tag-suomi","15":"tag-tiede","16":"tag-wildlife"},"share_on_mastodon":{"url":"https:\/\/pubeurope.com\/@fi\/115689149549069201","error":""},"_links":{"self":[{"href":"https:\/\/www.europesays.com\/fi\/wp-json\/wp\/v2\/posts\/111679","targetHints":{"allow":["GET"]}}],"collection":[{"href":"https:\/\/www.europesays.com\/fi\/wp-json\/wp\/v2\/posts"}],"about":[{"href":"https:\/\/www.europesays.com\/fi\/wp-json\/wp\/v2\/types\/post"}],"author":[{"embeddable":true,"href":"https:\/\/www.europesays.com\/fi\/wp-json\/wp\/v2\/users\/2"}],"replies":[{"embeddable":true,"href":"https:\/\/www.europesays.com\/fi\/wp-json\/wp\/v2\/comments?post=111679"}],"version-history":[{"count":0,"href":"https:\/\/www.europesays.com\/fi\/wp-json\/wp\/v2\/posts\/111679\/revisions"}],"wp:featuredmedia":[{"embeddable":true,"href":"https:\/\/www.europesays.com\/fi\/wp-json\/wp\/v2\/media\/111680"}],"wp:attachment":[{"href":"https:\/\/www.europesays.com\/fi\/wp-json\/wp\/v2\/media?parent=111679"}],"wp:term":[{"taxonomy":"category","embeddable":true,"href":"https:\/\/www.europesays.com\/fi\/wp-json\/wp\/v2\/categories?post=111679"},{"taxonomy":"post_tag","embeddable":true,"href":"https:\/\/www.europesays.com\/fi\/wp-json\/wp\/v2\/tags?post=111679"}],"curies":[{"name":"wp","href":"https:\/\/api.w.org\/{rel}","templated":true}]}}