{"id":111687,"date":"2025-12-09T10:48:09","date_gmt":"2025-12-09T10:48:09","guid":{"rendered":"https:\/\/www.europesays.com\/fi\/111687\/"},"modified":"2025-12-09T10:48:09","modified_gmt":"2025-12-09T10:48:09","slug":"anton-levtchi-karsii-mystisista-sykeongelmista","status":"publish","type":"post","link":"https:\/\/www.europesays.com\/fi\/111687\/","title":{"rendered":"Anton Levtchi k\u00e4rsii mystisist\u00e4 sykeongelmista"},"content":{"rendered":"<p><strong class=\"typography-bold\">SHL:ss\u00e4 pelaavan Luulajan suomalaist\u00e4hti Anton Levtchi on toistaiseksi sivussa joukkueen peli- ja harjoitusvahvuudesta.<\/strong><\/p>\n<p>Luulaja huomasi yksiss\u00e4 harjoituksissa, ettei Levtchin kohdalla ole kaikki kohdallaan. Nyt suomalainen on vedetty varatoimenpiteen\u00e4 sivuun kaukalosta kokonaan.<\/p>\n<p>\u2013 H\u00e4nen sykkeens\u00e4 oli korkeampi kuin sen olisi pit\u00e4nyt. H\u00e4n on kokenut olonsa heikoksi jo useita viikkoja, mutta on jatkanut puurtamista. Ensin luulimme, ett\u00e4 kyse on jostain infektiosta, Luulajan fysiikkavalmentaja <strong class=\"typography-bold\">Mattias Waaranper\u00e4<\/strong> kertoo <a class=\"underline\" data-testid=\"external-link\" href=\"https:\/\/www.nsd.se\/sport\/ishockey\/artikel\/luleastjarnans-puls-forhojd-det-har-tagits-en-massa-prover\/j8m98qpl\" rel=\"noopener noreferrer nofollow\" target=\"_blank\" data-sentry-component=\"ExternalLink\" data-sentry-source-file=\"ExternalLink.tsx\">NSD-lehdelle<\/a>.<\/p>\n<p>Levtchi on k\u00e4ynyt useissa eri tutkimuksissa, mutta toistaiseksi korkean sykkeen syyt eiv\u00e4t ole viel\u00e4 selvinneet. Sen takia Levtchi ei toistaiseksi saa harjoitella lainkaan.<\/p>\n<p>\u2013 Emme tied\u00e4, mist\u00e4 se johtuu. Toivottavasti ottamamme testit antavat meille vastauksia, jotta saamme h\u00e4nelle tarvittavaa apua.<\/p>\n<p>Hiljattain 30 vuotta t\u00e4ytt\u00e4nyt suomalaistaituri on aloittanut kautensa vaisusti. Viime kaudella l\u00e4hes piste per peli tahdilla pelannut Levtchi on tehnyt t\u00e4n\u00e4 syksyn\u00e4 vain viisi (1+4) tehopistett\u00e4 24 ottelussa.<\/p>\n","protected":false},"excerpt":{"rendered":"SHL:ss\u00e4 pelaavan Luulajan suomalaist\u00e4hti Anton Levtchi on toistaiseksi sivussa joukkueen peli- ja harjoitusvahvuudesta. Luulaja huomasi yksiss\u00e4 harjoituksissa, ettei&hellip;\n","protected":false},"author":2,"featured_media":111688,"comment_status":"","ping_status":"","sticky":false,"template":"","format":"standard","meta":{"footnotes":""},"categories":[158],"tags":[33,31,30,159,32,160],"class_list":{"0":"post-111687","1":"post","2":"type-post","3":"status-publish","4":"format-standard","5":"has-post-thumbnail","7":"category-urheilu","8":"tag-fi","9":"tag-finland","10":"tag-finnish","11":"tag-sports","12":"tag-suomi","13":"tag-urheilu"},"share_on_mastodon":{"url":"https:\/\/pubeurope.com\/@fi\/115689219964402009","error":""},"_links":{"self":[{"href":"https:\/\/www.europesays.com\/fi\/wp-json\/wp\/v2\/posts\/111687","targetHints":{"allow":["GET"]}}],"collection":[{"href":"https:\/\/www.europesays.com\/fi\/wp-json\/wp\/v2\/posts"}],"about":[{"href":"https:\/\/www.europesays.com\/fi\/wp-json\/wp\/v2\/types\/post"}],"author":[{"embeddable":true,"href":"https:\/\/www.europesays.com\/fi\/wp-json\/wp\/v2\/users\/2"}],"replies":[{"embeddable":true,"href":"https:\/\/www.europesays.com\/fi\/wp-json\/wp\/v2\/comments?post=111687"}],"version-history":[{"count":0,"href":"https:\/\/www.europesays.com\/fi\/wp-json\/wp\/v2\/posts\/111687\/revisions"}],"wp:featuredmedia":[{"embeddable":true,"href":"https:\/\/www.europesays.com\/fi\/wp-json\/wp\/v2\/media\/111688"}],"wp:attachment":[{"href":"https:\/\/www.europesays.com\/fi\/wp-json\/wp\/v2\/media?parent=111687"}],"wp:term":[{"taxonomy":"category","embeddable":true,"href":"https:\/\/www.europesays.com\/fi\/wp-json\/wp\/v2\/categories?post=111687"},{"taxonomy":"post_tag","embeddable":true,"href":"https:\/\/www.europesays.com\/fi\/wp-json\/wp\/v2\/tags?post=111687"}],"curies":[{"name":"wp","href":"https:\/\/api.w.org\/{rel}","templated":true}]}}