{"id":111695,"date":"2025-12-09T10:53:10","date_gmt":"2025-12-09T10:53:10","guid":{"rendered":"https:\/\/www.europesays.com\/fi\/111695\/"},"modified":"2025-12-09T10:53:10","modified_gmt":"2025-12-09T10:53:10","slug":"uskomaton-napakymppi-haupitsi-osui-12-kilometrin-paasta","status":"publish","type":"post","link":"https:\/\/www.europesays.com\/fi\/111695\/","title":{"rendered":"Uskomaton napakymppi, haupitsi osui 12 kilometrin p\u00e4\u00e4st\u00e4"},"content":{"rendered":"<p class=\"ai-optimize-6 ai-optimize-introduction\">Ukrainan maavoimien 63. mekanisoidun prikaatin tykkimiehet ampuivat tarkan laukauksen pitk\u00e4n kantaman takaa. Osumaa kuvaillaan historialliseksi.<\/p>\n<p class=\"ai-optimize-6 ai-optimize-introduction\">Prikaati <a href=\"https:\/\/t.me\/ombr_63\/1448\" target=\"_blank\" rel=\"noopener nofollow\">on jakanut<\/a> Telegram-kanavallaan droonivideon (jutun alla), joka n\u00e4ytt\u00e4\u00e4 Ven\u00e4j\u00e4n jalkav\u00e4en etenev\u00e4n kohti ukrainalaisten puolustusasemia.<\/p>\n<p class=\"ai-optimize-6 ai-optimize-introduction\">Puolustajan tykist\u00f6 tulittaa hy\u00f6kk\u00e4\u00e4j\u00e4\u00e4, ja ensimm\u00e4inen kranaatti r\u00e4j\u00e4ht\u00e4\u00e4 heid\u00e4n takanaan.<\/p>\n<p class=\"ai-optimize-6 ai-optimize-introduction\">Toinen kranaatti osuu kuitenkin suoraan paikalleen pys\u00e4htyneeseen ven\u00e4l\u00e4issotilaaseen, joka sinkoaa elottomana ilmassa monen metrin p\u00e4\u00e4h\u00e4n.<\/p>\n<p class=\"ai-optimize-6 ai-optimize-introduction\">\u2013 Gvozdika-panssarihaupitsimme osui hy\u00f6kk\u00e4\u00e4j\u00e4\u00e4n \u00e4\u00e4rimm\u00e4isen tarkasti 12 kilometrin et\u00e4isyydelt\u00e4, prikaati kertoo Telegramissa.<\/p>\n<p class=\"ai-optimize-6 ai-optimize-introduction\">Hy\u00f6kk\u00e4\u00e4j\u00e4 on saavuttanut rintamalla pieni\u00e4 etenemisi\u00e4, toteaa Viron puolustusvoimien tiedustelukeskuksen johtaja, eversti <strong>Ants Kiviselg<\/strong>.<\/p>\n<p class=\"ai-optimize-6 ai-optimize-introduction\">Ven\u00e4j\u00e4 pyrkii t\u00e4ll\u00e4 hetkell\u00e4 etenem\u00e4\u00e4n etenkin Donetskin alueella, ja erityisesti Pokrovskin ja Myrnohradin rintamalohkolla. Verkkouutiset kertoo asiasta <a href=\"https:\/\/www.verkkouutiset.fi\/a\/arvio-rintamatilanteesta-ukrainan-huoltolinjat-ovat-kovan-paineen-alla\/#6ae4f94b\" target=\"_blank\" rel=\"noopener nofollow\">t\u00e4ss\u00e4 jutussa<\/a>.<\/p>\n<p class=\"ai-optimize-6 ai-optimize-introduction\">Ven\u00e4l\u00e4iset ovat edenneet Harkovan alueella kohti Kupjanskia ja Vovt\u0161anskia, Donetskin alueella kohti Siverski\u00e4 sek\u00e4 Zapori\u017e\u017ejan alueella kohti Huljaipolea.<\/p>\n<p>\u00a0<\/p>\n","protected":false},"excerpt":{"rendered":"Ukrainan maavoimien 63. mekanisoidun prikaatin tykkimiehet ampuivat tarkan laukauksen pitk\u00e4n kantaman takaa. Osumaa kuvaillaan historialliseksi. Prikaati on jakanut&hellip;\n","protected":false},"author":2,"featured_media":111696,"comment_status":"","ping_status":"","sticky":false,"template":"","format":"standard","meta":{"footnotes":""},"categories":[14],"tags":[22,23,26,27,33,31,30,17,24,25,28,29,15,18,21,2807,32,19,20,56,16,59,60,61],"class_list":{"0":"post-111695","1":"post","2":"type-post","3":"status-publish","4":"format-standard","5":"has-post-thumbnail","7":"category-ulkomaat","8":"tag-breaking-news","9":"tag-breakingnews","10":"tag-featured-news","11":"tag-featurednews","12":"tag-fi","13":"tag-finland","14":"tag-finnish","15":"tag-headlines","16":"tag-latest-news","17":"tag-latestnews","18":"tag-main-news","19":"tag-mainnews","20":"tag-news","21":"tag-otsikot","22":"tag-paauutiset","23":"tag-sota-ukrainassa","24":"tag-suomi","25":"tag-top-stories","26":"tag-topstories","27":"tag-ulkomaat","28":"tag-uutiset","29":"tag-world","30":"tag-world-news","31":"tag-worldnews"},"share_on_mastodon":{"url":"https:\/\/pubeurope.com\/@fi\/115689239719021865","error":""},"_links":{"self":[{"href":"https:\/\/www.europesays.com\/fi\/wp-json\/wp\/v2\/posts\/111695","targetHints":{"allow":["GET"]}}],"collection":[{"href":"https:\/\/www.europesays.com\/fi\/wp-json\/wp\/v2\/posts"}],"about":[{"href":"https:\/\/www.europesays.com\/fi\/wp-json\/wp\/v2\/types\/post"}],"author":[{"embeddable":true,"href":"https:\/\/www.europesays.com\/fi\/wp-json\/wp\/v2\/users\/2"}],"replies":[{"embeddable":true,"href":"https:\/\/www.europesays.com\/fi\/wp-json\/wp\/v2\/comments?post=111695"}],"version-history":[{"count":0,"href":"https:\/\/www.europesays.com\/fi\/wp-json\/wp\/v2\/posts\/111695\/revisions"}],"wp:featuredmedia":[{"embeddable":true,"href":"https:\/\/www.europesays.com\/fi\/wp-json\/wp\/v2\/media\/111696"}],"wp:attachment":[{"href":"https:\/\/www.europesays.com\/fi\/wp-json\/wp\/v2\/media?parent=111695"}],"wp:term":[{"taxonomy":"category","embeddable":true,"href":"https:\/\/www.europesays.com\/fi\/wp-json\/wp\/v2\/categories?post=111695"},{"taxonomy":"post_tag","embeddable":true,"href":"https:\/\/www.europesays.com\/fi\/wp-json\/wp\/v2\/tags?post=111695"}],"curies":[{"name":"wp","href":"https:\/\/api.w.org\/{rel}","templated":true}]}}