{"id":111699,"date":"2025-12-09T10:55:11","date_gmt":"2025-12-09T10:55:11","guid":{"rendered":"https:\/\/www.europesays.com\/fi\/111699\/"},"modified":"2025-12-09T10:55:11","modified_gmt":"2025-12-09T10:55:11","slug":"yksi-nainen-sai-alexander-stubbilta-muita-enemman-huomiota-nain-vieras-kommentoi","status":"publish","type":"post","link":"https:\/\/www.europesays.com\/fi\/111699\/","title":{"rendered":"Yksi nainen sai Alexander Stubbilta muita enemm\u00e4n huomiota \u2013 N\u00e4in vieras kommentoi"},"content":{"rendered":"<p>Linnan juhlien yksi kutsuvieraista sai enemm\u00e4n aikaa presidentti Alexander Stubbilta kuin monet muut.<\/p>\n<p><img decoding=\"async\" class=\"image image-show image-preview\" src=\"https:\/\/www.europesays.com\/fi\/wp-content\/uploads\/2025\/12\/c39557bf679c212c8b39ad543b7659ff4e90da21a2af0bba6b48da0cb8e7eeac.jpg\" alt=\"\"\/><img decoding=\"async\" class=\"image image-show\" src=\"https:\/\/www.europesays.com\/fi\/wp-content\/uploads\/2025\/12\/1765127349_740_c39557bf679c212c8b39ad543b7659ff4e90da21a2af0bba6b48da0cb8e7eeac.jpg\" alt=\"\"\/><\/p>\n<p>Presidentti Alexander Stubb ja ja h\u00e4nen puolisonsa Suzanne Innes-Stubb is\u00e4nn\u00f6iv\u00e4t toista kertaa Linnan juhlat lauantaina. Roosa Br\u00f6ijer<\/p>\n<p class=\"paragraph\">Linnan juhlien k\u00e4ttelyosuus on yleens\u00e4 jokaisen vieraan kohdalla vain lyhyen tervehdyksen pituinen. N\u00e4in ei kuitenkaan ollut lauantaina torniolaisen hiihdonopettajan <strong>Tiia T\u00f6rr\u00f6n<\/strong>, 47, kohdalla.<\/p>\n<p class=\"paragraph\">Tilaisuudessa T\u00f6rr\u00f6 k\u00e4tteli presidentti <strong>Alexander Stubbia<\/strong>, 57, ja siirtyi pikaisesti tervehtim\u00e4\u00e4n t\u00e4m\u00e4n puolisoa <strong>Suzanne Innes-Stubbia<\/strong>, 55. Kesken naisten k\u00e4ttelyn Stubb sanoi T\u00f6rr\u00f6lle jotain, joka sai h\u00e4net selke\u00e4sti ilahtumaan. Sitten T\u00f6rr\u00f6 n\u00e4ytti peukkua presidentille ja naureskeli h\u00e4nen kanssaan. K\u00e4ttelyhetki kesti 11 sekuntia.<\/p>\n<p>Tiia T\u00f6rr\u00f6 edusti Linnan juhlissa Jukka Puljuj\u00e4rven suunnittelemassa moniv\u00e4risess\u00e4 asussa, joka on saanut inspiraationsa Reidar S\u00e4rest\u00f6niemen 100-vuotisn\u00e4yttelyst\u00e4. Roosa Br\u00f6ijer<\/p>\n<p class=\"paragraph\">Iltalehti tavoitti T\u00f6rr\u00f6n, joka naurahtaa kuullessaan, ett\u00e4 h\u00e4nen ja presidentin k\u00e4ttely kesti 11 sekuntia. T\u00f6rr\u00f6 ei itse osannut ajatella k\u00e4ttelyn pituutta juuri sill\u00e4 hetkell\u00e4.<\/p>\n<p class=\"paragraph\">T\u00f6rr\u00f6 kertoo huomanneensa vasta palattuaan Linnan juhlista hotellille, ett\u00e4 h\u00e4n oli saanut tutuiltaan lukuisia viestej\u00e4 siit\u00e4, miten \u201dpitk\u00e4\u00e4n\u201d h\u00e4n oli ollut presidenttiparin kanssa.<\/p>\n<p class=\"paragraph\">\u2013 Puhelimeni oli mieheni frakin taskussa, koska se ei mahtunut pieneen k\u00e4silaukkuuni. Jossakin vaiheessa h\u00e4n naurahti: \u201dTiia, aivan kuin puhelimesi soisi, kun siihen tulee niin paljon viestej\u00e4\u201d, T\u00f6rr\u00f6 muistelee naurahtaen.<\/p>\n<p class=\"paragraph\">T\u00f6rr\u00f6 ei halua liikaa paljastaa h\u00e4nen ja Stubbin keskustelujen sis\u00e4lt\u00f6\u00e4, sill\u00e4 kokee sen olevan presidentin ja h\u00e4nen v\u00e4linen henkil\u00f6kohtainen asia.<\/p>\n<p class=\"paragraph\">\u2013 Mutta se liittyi hiihtoon, joka toki hiukan yhdist\u00e4\u00e4 meit\u00e4, T\u00f6rr\u00f6 kertoo.<\/p>\n<p>Tiia T\u00f6rr\u00f6 saapui Linnan juhliin puolisonsa Juuso Heikkisen kanssa. Roosa Br\u00f6ijer<\/p>\n<p class=\"paragraph\">T\u00f6rr\u00f6 oli ohjaamassa Stubbia ja h\u00e4nen perhett\u00e4\u00e4n vapaalaskun parissa Pallaksella p\u00e4\u00e4si\u00e4isviikolla huhtikuussa. T\u00f6rr\u00f6 kertoo olleen suuri kunnia ja ilo saada toimia heille hiihto-oppaana.<\/p>\n<p class=\"paragraph\">\u2013 Heh\u00e4n ovat taitavia suksilla, joten ohjaaminen rajoittui v\u00e4lineisiin. V\u00e4lineet olivat heille uudet, joten opastin, miten vapaalaskusuksien siteet, monot ja suksien nousukarvat toimivat eri tilanteissa, T\u00f6rr\u00f6 sanoo.<\/p>\n<p class=\"paragraph\">\u2013 Onnekseni saan todeta, ett\u00e4 minun ei tarvinnut antaa rakentavaa palautetta, vaan ennemminkin p\u00e4\u00e4sin presidentin kanssa iloitsemaan hyvist\u00e4 olosuhteista ja hyv\u00e4st\u00e4 lumesta. Silloin oli todella kiva keli ja kaikki meni hyvin reissullamme, h\u00e4n jatkaa.<\/p>\n<p class=\"paragraph\">Toistaiseksi T\u00f6rr\u00f6 ei ole saanut presidentilt\u00e4 uutta opastuspyynt\u00f6\u00e4 tai muuten vain hiihtokutsua. T\u00f6rr\u00f6 ei usko, ett\u00e4 h\u00e4nen ja Stubbin v\u00e4lille olisi muodostunut varsinaisesti yst\u00e4vyytt\u00e4.<\/p>\n<p class=\"paragraph\">\u2013 Tulen h\u00e4nen kanssaan hyvin juttuun. H\u00e4n on niin sosiaalisesti lahjakas, ett\u00e4 h\u00e4n tulee varmasti juttuun kaikkien kanssa todella hyvin. Ei meille ole muodostunut tietenk\u00e4\u00e4n mit\u00e4\u00e4n erityist\u00e4. Olen vain yksi tuhansien ihmisten joukossa, joka p\u00e4\u00e4si kohtaamaan presidenttiperheen, h\u00e4n pohtii.<\/p>\n<p class=\"paragraph\"><a href=\"https:\/\/www.lapinkansa.fi\/tiia-torro-opasti-tasavallan-presidenttia-tunturis\/12430152?utm_medium=paywall&amp;utm_source=Lapin%20Kansa&amp;utm_campaign=login-paywall-logins\" target=\"_blank\" rel=\"noopener nofollow\">Lapin Kansa<\/a> -lehden mukaan T\u00f6rr\u00f6n ja Stubbin historia alkoi jo t\u00e4m\u00e4n presidentinvaalikampanjasta. Stubb j\u00e4rjesti vaalikampanjassaan yhteis\u00f6llisi\u00e4 lenkkej\u00e4 tapahtumassa, jossa T\u00f6rr\u00f6 vastasi lenkkeilij\u00f6ille vedetyst\u00e4 jumpasta.<\/p>\n<p>Tiia T\u00f6rr\u00f6 ei usko, ett\u00e4 h\u00e4nelle ja Alexander Stubbille on muodostunut varsinaisesti yst\u00e4vyytt\u00e4. Inka Soveri<\/p>\n","protected":false},"excerpt":{"rendered":"Linnan juhlien yksi kutsuvieraista sai enemm\u00e4n aikaa presidentti Alexander Stubbilta kuin monet muut. Presidentti Alexander Stubb ja ja&hellip;\n","protected":false},"author":2,"featured_media":110222,"comment_status":"","ping_status":"","sticky":false,"template":"","format":"standard","meta":{"footnotes":""},"categories":[5],"tags":[35,22,23,26,27,33,31,30,17,24,25,28,29,15,18,21,142,637,886,888,887,32,19,20,16],"class_list":{"0":"post-111699","1":"post","2":"type-post","3":"status-publish","4":"format-standard","5":"has-post-thumbnail","7":"category-otsikot","8":"tag-24h","9":"tag-breaking-news","10":"tag-breakingnews","11":"tag-featured-news","12":"tag-featurednews","13":"tag-fi","14":"tag-finland","15":"tag-finnish","16":"tag-headlines","17":"tag-latest-news","18":"tag-latestnews","19":"tag-main-news","20":"tag-mainnews","21":"tag-news","22":"tag-otsikot","23":"tag-paauutiset","24":"tag-poliitikot","25":"tag-politiikka","26":"tag-puolueet","27":"tag-suomalaiset-poliitikot","28":"tag-suomen-politiikka","29":"tag-suomi","30":"tag-top-stories","31":"tag-topstories","32":"tag-uutiset"},"share_on_mastodon":{"url":"https:\/\/pubeurope.com\/@fi\/115689247814646495","error":""},"_links":{"self":[{"href":"https:\/\/www.europesays.com\/fi\/wp-json\/wp\/v2\/posts\/111699","targetHints":{"allow":["GET"]}}],"collection":[{"href":"https:\/\/www.europesays.com\/fi\/wp-json\/wp\/v2\/posts"}],"about":[{"href":"https:\/\/www.europesays.com\/fi\/wp-json\/wp\/v2\/types\/post"}],"author":[{"embeddable":true,"href":"https:\/\/www.europesays.com\/fi\/wp-json\/wp\/v2\/users\/2"}],"replies":[{"embeddable":true,"href":"https:\/\/www.europesays.com\/fi\/wp-json\/wp\/v2\/comments?post=111699"}],"version-history":[{"count":0,"href":"https:\/\/www.europesays.com\/fi\/wp-json\/wp\/v2\/posts\/111699\/revisions"}],"wp:featuredmedia":[{"embeddable":true,"href":"https:\/\/www.europesays.com\/fi\/wp-json\/wp\/v2\/media\/110222"}],"wp:attachment":[{"href":"https:\/\/www.europesays.com\/fi\/wp-json\/wp\/v2\/media?parent=111699"}],"wp:term":[{"taxonomy":"category","embeddable":true,"href":"https:\/\/www.europesays.com\/fi\/wp-json\/wp\/v2\/categories?post=111699"},{"taxonomy":"post_tag","embeddable":true,"href":"https:\/\/www.europesays.com\/fi\/wp-json\/wp\/v2\/tags?post=111699"}],"curies":[{"name":"wp","href":"https:\/\/api.w.org\/{rel}","templated":true}]}}