{"id":111702,"date":"2025-12-09T11:06:07","date_gmt":"2025-12-09T11:06:07","guid":{"rendered":"https:\/\/www.europesays.com\/fi\/111702\/"},"modified":"2025-12-09T11:06:07","modified_gmt":"2025-12-09T11:06:07","slug":"paatoimittajalta-kannykkakielto-laajenee-kouluissa-vihdoin-paakirjoitus-mielipide","status":"publish","type":"post","link":"https:\/\/www.europesays.com\/fi\/111702\/","title":{"rendered":"P\u00e4\u00e4toimittajalta | K\u00e4nnykk\u00e4kielto laajenee kouluissa \u2013\u2009vihdoin! | P\u00e4\u00e4kirjoitus &#038; mielipide"},"content":{"rendered":"<p>Oppitunneilla, ruokaillessa jopa v\u00e4litunneilla ja koulun alueella. K\u00e4nnykk\u00e4kielto levi\u00e4\u00e4 kouluihin eri muodoissaan ymp\u00e4ri Espoota ja Suomea.<\/p>\n<p>Muutosta on vauhdittanut elokuussa voimaan tullut laki, joka kielt\u00e4\u00e4 \u00e4lypuheliminen, tablettien, \u00e4lykellojen ja kuulokkeiden k\u00e4yt\u00f6n oppitunneilta ilman opettajan tai rehtorin lupaa. Opetushallitus on suositellut jopa, ett\u00e4 laitteiden k\u00e4ytt\u00f6\u00e4 rajoitetaan tiukemmin kuin laki edellytt\u00e4\u00e4.<\/p>\n<p>Kielto ei varmasti miellyt\u00e4 kaikkia koululaisia sek\u00e4 heid\u00e4n vanhempiaan. Perheiss\u00e4 k\u00e4yd\u00e4\u00e4nkin nyt kiivaita keskusteluja siit\u00e4, miksi kieltoa ylip\u00e4\u00e4t\u00e4\u00e4n on edistetty ja onko se tarpeen vai ei.<\/p>\n<blockquote class=\"voice-no-read rs_skip diks-blockquote\">\n<p class=\"diks-blockquote__text\">V\u00e4kivaltavideoiden levitt\u00e4j\u00e4 voi itse syyllisty\u00e4 rikokseen.<\/p>\n<\/blockquote>\n<p>K\u00e4yt\u00f6n rajoittaminen lains\u00e4\u00e4d\u00e4nn\u00f6ll\u00e4 ja kuntien omilla p\u00e4\u00e4t\u00f6ksill\u00e4 on selkiytt\u00e4nyt pelis\u00e4\u00e4nt\u00f6j\u00e4. Vaikka k\u00e4yt\u00f6n rajoitus ei kaikkia miellyt\u00e4, se on eritt\u00e4in tarpeellinen ja tervetullut. Tutkimusten mukaan k\u00e4nnykk\u00e4riippuvuus aiheuttaa muun muassa keskittymisongelmia ja ahdistusta, mik\u00e4 ei paranna lasten oppimiskyky\u00e4. T\u00e4m\u00e4 on l\u00e4ht\u00f6kohta, mutta kouluissa k\u00e4nnyk\u00f6iden k\u00e4ytt\u00f6 on aiheuttanut my\u00f6s vakavampia seurauksia.<\/p>\n<p>T\u00e4ss\u00e4 vain muutama tapaus, joista on L\u00e4nsiv\u00e4yl\u00e4 on uutisoinut. Toukokuussa Mainingin koululle kutsuttiin poliisit paikalle, kun kouluun oli kohdistunut uhkaus. Poliisin selvityksen perusteella kyse oli muutaman oppilaan v\u00e4linen riita oli ry\u00f6ps\u00e4ht\u00e4nyt sosiaalisessa mediassa. Marraskuussa niin ik\u00e4\u00e4n Mainingin koulussa tapahtui ep\u00e4ilty pahoinpitely\u00e4, joka joidenkin tietojen mukaan kuvattiin ja jota levitettiin netiss\u00e4.<\/p>\n<p>Poliisille lasten v\u00e4lisen v\u00e4kivallan yleistyminen on tuttua, ja viimeisin tapaus on polisiin mukaan hyvin tyypillinen. En\u00e4\u00e4 ei ole tavatonta, ett\u00e4 poliisi kutsutaan paikalle selvittelem\u00e4\u00e4n tapahtumia.<\/p>\n<p>Totaalinen k\u00e4nnykk\u00e4kielto koulussa ja koulun alueella tuskin est\u00e4\u00e4 t\u00e4ysin v\u00e4kivaltatekoja, mutta jos k\u00e4nnyk\u00f6it\u00e4 ei ole v\u00e4litunnilla ole k\u00e4yt\u00f6ss\u00e4, teon laajempia n\u00f6yryytt\u00e4vi\u00e4 vaikutuksia ei syntyisi.<\/p>\n<p>Tunnery\u00f6pyn vallassa olevat oppilaat harvoin my\u00f6sk\u00e4\u00e4n muistavat, ett\u00e4 v\u00e4kivaltakuvien ja -videoiden levitt\u00e4j\u00e4 voi itse syyllisty\u00e4 rikokseen, vaikkeiv\u00e4t he itse v\u00e4kivaltatekoon olisi osallistuneet. Hetken mielijohteen seuraukset ovatkin vakavat.<\/p>\n<p class=\"diks-storyline__additional-information\">heli.koivuniemi@media.fi<\/p>\n","protected":false},"excerpt":{"rendered":"Oppitunneilla, ruokaillessa jopa v\u00e4litunneilla ja koulun alueella. K\u00e4nnykk\u00e4kielto levi\u00e4\u00e4 kouluihin eri muodoissaan ymp\u00e4ri Espoota ja Suomea. Muutosta on&hellip;\n","protected":false},"author":2,"featured_media":111703,"comment_status":"","ping_status":"","sticky":false,"template":"","format":"standard","meta":{"footnotes":""},"categories":[85],"tags":[428,400,33,31,30,405,615,96,757,100,419,418,32,91,92],"class_list":{"0":"post-111702","1":"post","2":"type-post","3":"status-publish","4":"format-standard","5":"has-post-thumbnail","7":"category-mobiili","8":"tag-ahdistus","9":"tag-espoo","10":"tag-fi","11":"tag-finland","12":"tag-finnish","13":"tag-helsingin-seutukunta","14":"tag-koulut","15":"tag-koulutus","16":"tag-koulutus-ja-kasvatus","17":"tag-lapset-ja-nuoret","18":"tag-mobiili","19":"tag-mobile","20":"tag-suomi","21":"tag-technology","22":"tag-teknologia"},"share_on_mastodon":{"url":"https:\/\/pubeurope.com\/@fi\/115689290802184300","error":""},"_links":{"self":[{"href":"https:\/\/www.europesays.com\/fi\/wp-json\/wp\/v2\/posts\/111702","targetHints":{"allow":["GET"]}}],"collection":[{"href":"https:\/\/www.europesays.com\/fi\/wp-json\/wp\/v2\/posts"}],"about":[{"href":"https:\/\/www.europesays.com\/fi\/wp-json\/wp\/v2\/types\/post"}],"author":[{"embeddable":true,"href":"https:\/\/www.europesays.com\/fi\/wp-json\/wp\/v2\/users\/2"}],"replies":[{"embeddable":true,"href":"https:\/\/www.europesays.com\/fi\/wp-json\/wp\/v2\/comments?post=111702"}],"version-history":[{"count":0,"href":"https:\/\/www.europesays.com\/fi\/wp-json\/wp\/v2\/posts\/111702\/revisions"}],"wp:featuredmedia":[{"embeddable":true,"href":"https:\/\/www.europesays.com\/fi\/wp-json\/wp\/v2\/media\/111703"}],"wp:attachment":[{"href":"https:\/\/www.europesays.com\/fi\/wp-json\/wp\/v2\/media?parent=111702"}],"wp:term":[{"taxonomy":"category","embeddable":true,"href":"https:\/\/www.europesays.com\/fi\/wp-json\/wp\/v2\/categories?post=111702"},{"taxonomy":"post_tag","embeddable":true,"href":"https:\/\/www.europesays.com\/fi\/wp-json\/wp\/v2\/tags?post=111702"}],"curies":[{"name":"wp","href":"https:\/\/api.w.org\/{rel}","templated":true}]}}