{"id":111713,"date":"2025-12-09T11:15:10","date_gmt":"2025-12-09T11:15:10","guid":{"rendered":"https:\/\/www.europesays.com\/fi\/111713\/"},"modified":"2025-12-09T11:15:10","modified_gmt":"2025-12-09T11:15:10","slug":"miss-universum-kisoissa-lavalta-pudonnut-miss-jamaika-sai-aivoverenvuodon","status":"publish","type":"post","link":"https:\/\/www.europesays.com\/fi\/111713\/","title":{"rendered":"Miss Universum -kisoissa lavalta pudonnut Miss Jamaika sai aivoverenvuodon"},"content":{"rendered":"<p>L\u00e4hes kolme viikkoa sitten Miss Universum -kilpailussa lavalta pudonneen <strong>Gabrielle Henryn<\/strong>, eli Miss Jamaikan, t\u00e4m\u00e4nhetkisest\u00e4 tilasta on saatu uutta tietoa, kertoo <a href=\"https:\/\/people.com\/miss-jamaica-suffered-a-fracture-after-miss-universe-fall-from-stage-11863966\" target=\"_blank\" rel=\"noreferrer noopener nofollow\">People<\/a>.<\/p>\n<p>Henryn perhe yhdess\u00e4 Miss Universum -organisaation kanssa kertoo kilpailijan saaneen hurjia vammoja putoamisen yhteydess\u00e4.<\/p>\n<p>Lue my\u00f6s: <a href=\"https:\/\/www.voice.fi\/viihde\/miss-suomi-sarah-dzafcea-revitaan-kappaleiksi-some-raivostui-rasistiseksi-vaitetysta-eleesta\" title=\"Miss Suomi Sarah Dzafcea revit\u00e4\u00e4n kappaleiksi \u2013 some raivostui rasistiseksi v\u00e4itetyst\u00e4 eleest\u00e4\" class=\"underline-custom !font-montserrat !font-bold !underline-offset-4 !decoration-4 !decoration-tilt-light !text-md\" rel=\"nofollow noopener\" target=\"_blank\">Miss Suomi Sarah Dzafcea revit\u00e4\u00e4n kappaleiksi \u2013 some raivostui rasistiseksi v\u00e4itetyst\u00e4 eleest\u00e4<\/a><\/p>\n<p>Lue my\u00f6s: <a href=\"https:\/\/www.voice.fi\/viihde\/miss-suomi-sarah-dzafce-pyytaa-anteeksi-rasismikohuun-johtanutta-kaytostaan\" title=\"Miss Suomi Sarah Dzafce pyyt\u00e4\u00e4 anteeksi rasismikohuun johtanutta k\u00e4yt\u00f6st\u00e4\u00e4n\" class=\"underline-custom !font-montserrat !font-bold !underline-offset-4 !decoration-4 !decoration-tilt-light !text-md\" rel=\"nofollow noopener\" target=\"_blank\">Miss Suomi Sarah Dzafce pyyt\u00e4\u00e4 anteeksi rasismikohuun johtanutta k\u00e4yt\u00f6st\u00e4\u00e4n<\/a><\/p>\n<p>Murtuman ja kasvojen ruhjeiden lis\u00e4ksi h\u00e4n menetti tajuntansa ja sai aivoverenvuodon. Lis\u00e4ksi h\u00e4nen kerrotaan saaneen \u201cmuita merkitt\u00e4vi\u00e4 vammoja\u201d.<\/p>\n<p><img loading=\"lazy\" decoding=\"async\" alt=\"YouTube video\" width=\"480\" height=\"360\" data-pin-nopin=\"true\" nopin=\"nopin\" class=\"perfmatters-lazy\" src=\"https:\/\/www.europesays.com\/fi\/wp-content\/uploads\/2025\/12\/1765278910_500_hqdefault.jpg\"\/><\/p>\n<p>H\u00e4net kiid\u00e4tettiin kriittisess\u00e4 tilassa sairaalaan, ja h\u00e4nt\u00e4 tarkkaillaan edelleen vuorokauden ymp\u00e4ri.<\/p>\n<p>H\u00e4n on kuitenkin jo sen verran toipunut, ett\u00e4 h\u00e4nen on tarkoitus palata Jamaikalle l\u00e4hip\u00e4ivin\u00e4. Kotimaassaan h\u00e4net siirret\u00e4\u00e4n edelleen sairaalaan jatkamaan toipumistaan.<\/p>\n<p>Lue my\u00f6s: <a href=\"https:\/\/www.voice.fi\/hullu-maailma\/a-157730\" title=\"Kamelit diskattiin kauneuskilpailusta \u2013 olivat ottaneet Botoxia\" class=\"underline-custom !font-montserrat !font-bold !underline-offset-4 !decoration-4 !decoration-tilt-light !text-md\" rel=\"nofollow noopener\" target=\"_blank\">Kamelit diskattiin kauneuskilpailusta \u2013 olivat ottaneet Botoxia<\/a><\/p>\n<p>Lue my\u00f6s: <a href=\"https:\/\/www.voice.fi\/viihde\/no-onpa-pituusero-miss-suomen-ja-miss-kroatian-yhteiskuva-ihastuttaa-ja-hammentaa-somessa\" title=\"\u201dNo onpa pituusero\u201d \u2013 Miss Suomen ja Miss Kroatian yhteiskuva ihastuttaa ja h\u00e4mment\u00e4\u00e4 somessa\" class=\"underline-custom !font-montserrat !font-bold !underline-offset-4 !decoration-4 !decoration-tilt-light !text-md\" rel=\"nofollow noopener\" target=\"_blank\">\u201dNo onpa pituusero\u201d \u2013 Miss Suomen ja Miss Kroatian yhteiskuva ihastuttaa ja h\u00e4mment\u00e4\u00e4 somessa<\/a><\/p>\n<p>Miss Universum -organisaatio on tiedotteen mukaan tukenut Henry\u00e4 ja h\u00e4nen perhett\u00e4\u00e4n koko toipumisen ajan. Organisaation kerrotaan maksaneen Henryn sairaalakulut sek\u00e4 t\u00e4m\u00e4n siskon ja \u00e4idin majoituksen Thaimaassa.<\/p>\n<p>My\u00f6s h\u00e4nen kotiinpaluunsa sek\u00e4 kaikki tapahtuneeseen liittyv\u00e4t, viel\u00e4 tulossa olevan hoidon kulut tullaan kuittaamaan organisaation pussista.<\/p>\n","protected":false},"excerpt":{"rendered":"L\u00e4hes kolme viikkoa sitten Miss Universum -kilpailussa lavalta pudonneen Gabrielle Henryn, eli Miss Jamaikan, t\u00e4m\u00e4nhetkisest\u00e4 tilasta on saatu&hellip;\n","protected":false},"author":2,"featured_media":111714,"comment_status":"","ping_status":"","sticky":false,"template":"","format":"standard","meta":{"footnotes":""},"categories":[130],"tags":[19945,137,33,31,30,1696,3457,32,109],"class_list":{"0":"post-111713","1":"post","2":"type-post","3":"status-publish","4":"format-standard","5":"has-post-thumbnail","7":"category-viihde","8":"tag-aivoverenvuoto","9":"tag-entertainment","10":"tag-fi","11":"tag-finland","12":"tag-finnish","13":"tag-loukkaantuminen","14":"tag-miss-universum","15":"tag-suomi","16":"tag-viihde"},"share_on_mastodon":{"url":"https:\/\/pubeurope.com\/@fi\/115689326230203275","error":""},"_links":{"self":[{"href":"https:\/\/www.europesays.com\/fi\/wp-json\/wp\/v2\/posts\/111713","targetHints":{"allow":["GET"]}}],"collection":[{"href":"https:\/\/www.europesays.com\/fi\/wp-json\/wp\/v2\/posts"}],"about":[{"href":"https:\/\/www.europesays.com\/fi\/wp-json\/wp\/v2\/types\/post"}],"author":[{"embeddable":true,"href":"https:\/\/www.europesays.com\/fi\/wp-json\/wp\/v2\/users\/2"}],"replies":[{"embeddable":true,"href":"https:\/\/www.europesays.com\/fi\/wp-json\/wp\/v2\/comments?post=111713"}],"version-history":[{"count":0,"href":"https:\/\/www.europesays.com\/fi\/wp-json\/wp\/v2\/posts\/111713\/revisions"}],"wp:featuredmedia":[{"embeddable":true,"href":"https:\/\/www.europesays.com\/fi\/wp-json\/wp\/v2\/media\/111714"}],"wp:attachment":[{"href":"https:\/\/www.europesays.com\/fi\/wp-json\/wp\/v2\/media?parent=111713"}],"wp:term":[{"taxonomy":"category","embeddable":true,"href":"https:\/\/www.europesays.com\/fi\/wp-json\/wp\/v2\/categories?post=111713"},{"taxonomy":"post_tag","embeddable":true,"href":"https:\/\/www.europesays.com\/fi\/wp-json\/wp\/v2\/tags?post=111713"}],"curies":[{"name":"wp","href":"https:\/\/api.w.org\/{rel}","templated":true}]}}