{"id":111725,"date":"2025-12-09T11:22:14","date_gmt":"2025-12-09T11:22:14","guid":{"rendered":"https:\/\/www.europesays.com\/fi\/111725\/"},"modified":"2025-12-09T11:22:14","modified_gmt":"2025-12-09T11:22:14","slug":"juha-kauppisen-kertomus-maasta-on-wwfn-vuoden-luontokirja","status":"publish","type":"post","link":"https:\/\/www.europesays.com\/fi\/111725\/","title":{"rendered":"Juha Kauppisen Kertomus Maasta on WWF:n Vuoden luontokirja"},"content":{"rendered":"<p>Voittajan valinneen<strong> Saara Kankaanrinnan<\/strong> mukaan ilmasto-, biodiversiteetti- ja vesikriisej\u00e4 on tarkasteltava yhdess\u00e4. <strong>Juha Kauppisen<\/strong> kirja onnistuu h\u00e4nen mukaansa t\u00e4ss\u00e4.<\/p>\n<p>\u201dKoko ajan kapenevassa maailmassa on pystytt\u00e4v\u00e4 ymm\u00e4rt\u00e4m\u00e4\u00e4n kokonaisuuksia. Kauppinen selitt\u00e4\u00e4 ekologisten kriisien kytkeytymisen toisiinsa ymm\u00e4rrett\u00e4v\u00e4sti ja kiinnostavasti\u201d, Kankaanrinta sanoo.<\/p>\n<p>Kauppinen kiersi tapaamassa tutkijoita ja asiantuntijoita Euroopassa ja Pohjois-Amerikassa. Yksi lukuisista haastatelluista henkil\u00f6ist\u00e4 on Saara Kankaanrinta. Kankaanrinta on tehnyt konkreettista ty\u00f6t\u00e4 yhteen kietoutuneiden ymp\u00e4rist\u00f6kriisien ratkaisemiseksi ja muun muassa peltojen hiilensidonnan tehostamiseksi jo vuosikymmenten ajan koetilallaan.<\/p>\n<p>\u201dOma roolini kirjassa on olla yksi haastateltava muiden joukossa enk\u00e4 kokenut sen takia esteellisyytt\u00e4 voittajaa valitessani. Kirjassa kuuluu kunnioitettava, ellei jopa l\u00e4k\u00e4hdytt\u00e4v\u00e4, m\u00e4\u00e4r\u00e4 jalka- ja ajatusty\u00f6t\u00e4, jonka Kauppinen on tehnyt hakeakseen tiedepohjaiset perustelut ekosysteemien ja el\u00e4m\u00e4n vaalimiselle. Kive\u00e4k\u00e4\u00e4n ei ole j\u00e4tetty k\u00e4\u00e4nt\u00e4m\u00e4tt\u00e4, ja siksi Kertomus Maasta ansaitsee paikkansa vuoden luontokirjana\u201d, Kankaanrinta sanoo.<\/p>\n<p>\u201dKirjan arvoa kohottavat muut finaaliin p\u00e4\u00e4sseet teokset, joista mik\u00e4 tahansa olisi voinut aiheen ja otteensa puolesta olla voittava teos.\u201d<\/p>\n<p>(Juttu jatkuu kuvan j\u00e4lkeen.)<\/p>\n<p>\u00a0<\/p>\n","protected":false},"excerpt":{"rendered":"Voittajan valinneen Saara Kankaanrinnan mukaan ilmasto-, biodiversiteetti- ja vesikriisej\u00e4 on tarkasteltava yhdess\u00e4. Juha Kauppisen kirja onnistuu h\u00e4nen mukaansa&hellip;\n","protected":false},"author":2,"featured_media":111726,"comment_status":"","ping_status":"","sticky":false,"template":"","format":"standard","meta":{"footnotes":""},"categories":[117],"tags":[33,31,30,72,476,118,32,119,477],"class_list":{"0":"post-111725","1":"post","2":"type-post","3":"status-publish","4":"format-standard","5":"has-post-thumbnail","7":"category-luonto","8":"tag-fi","9":"tag-finland","10":"tag-finnish","11":"tag-luonto","12":"tag-nature","13":"tag-science","14":"tag-suomi","15":"tag-tiede","16":"tag-wildlife"},"share_on_mastodon":{"url":"https:\/\/pubeurope.com\/@fi\/115689353580918022","error":""},"_links":{"self":[{"href":"https:\/\/www.europesays.com\/fi\/wp-json\/wp\/v2\/posts\/111725","targetHints":{"allow":["GET"]}}],"collection":[{"href":"https:\/\/www.europesays.com\/fi\/wp-json\/wp\/v2\/posts"}],"about":[{"href":"https:\/\/www.europesays.com\/fi\/wp-json\/wp\/v2\/types\/post"}],"author":[{"embeddable":true,"href":"https:\/\/www.europesays.com\/fi\/wp-json\/wp\/v2\/users\/2"}],"replies":[{"embeddable":true,"href":"https:\/\/www.europesays.com\/fi\/wp-json\/wp\/v2\/comments?post=111725"}],"version-history":[{"count":0,"href":"https:\/\/www.europesays.com\/fi\/wp-json\/wp\/v2\/posts\/111725\/revisions"}],"wp:featuredmedia":[{"embeddable":true,"href":"https:\/\/www.europesays.com\/fi\/wp-json\/wp\/v2\/media\/111726"}],"wp:attachment":[{"href":"https:\/\/www.europesays.com\/fi\/wp-json\/wp\/v2\/media?parent=111725"}],"wp:term":[{"taxonomy":"category","embeddable":true,"href":"https:\/\/www.europesays.com\/fi\/wp-json\/wp\/v2\/categories?post=111725"},{"taxonomy":"post_tag","embeddable":true,"href":"https:\/\/www.europesays.com\/fi\/wp-json\/wp\/v2\/tags?post=111725"}],"curies":[{"name":"wp","href":"https:\/\/api.w.org\/{rel}","templated":true}]}}