{"id":111729,"date":"2025-12-09T11:38:07","date_gmt":"2025-12-09T11:38:07","guid":{"rendered":"https:\/\/www.europesays.com\/fi\/111729\/"},"modified":"2025-12-09T11:38:07","modified_gmt":"2025-12-09T11:38:07","slug":"james-cameron-studio-halusi-yhdistaa-avatar-2n-ja-3n-muistutus-miljardeista-muutti-kaiken","status":"publish","type":"post","link":"https:\/\/www.europesays.com\/fi\/111729\/","title":{"rendered":"James Cameron: studio halusi yhdist\u00e4\u00e4 Avatar 2:n ja 3:n, muistutus miljardeista muutti kaiken"},"content":{"rendered":"<p><strong>James Cameron <\/strong>oli Discussing Filmin haastattelussa, jossa h\u00e4n kertoi Avatar 2:n ja 3:n tuotannosta.<\/p>\n<p>Cameron oli saanut studiolta noottia, kun h\u00e4n halusi tehd\u00e4 Avatar 2:sta kahden elokuvan kokonaisuuden: The Way of Waterin ja Fire and Ashin.<\/p>\n<p>Lue my\u00f6s: <a href=\"https:\/\/www.episodi.fi\/uutiset\/tasta-yllattavasta-netflix-leffasta-jopa-james-cameron-pitaa\/\" title=\"T\u00e4st\u00e4 yll\u00e4tt\u00e4v\u00e4st\u00e4 Netflix-leffasta jopa James Cameron pit\u00e4\u00e4\" class=\"underline-custom !font-montserrat !font-bold !underline-offset-4 !decoration-4 !decoration-episodi-blue !text-md\" rel=\"nofollow noopener\" target=\"_blank\">T\u00e4st\u00e4 yll\u00e4tt\u00e4v\u00e4st\u00e4 Netflix-leffasta jopa James Cameron pit\u00e4\u00e4<\/a><\/p>\n<p>Lue my\u00f6s: <a href=\"https:\/\/www.episodi.fi\/uutiset\/james-cameronin-seuraava-leffa-ei-valttamatta-ole-avatar-4-vaan-taman-ikonisen-scifi-leffan-jatko-osa\/\" title=\"James Cameronin seuraava leffa ei v\u00e4ltt\u00e4m\u00e4tt\u00e4 ole Avatar 4 vaan t\u00e4m\u00e4n ikonisen scifi-leffan jatko-osa\" class=\"underline-custom !font-montserrat !font-bold !underline-offset-4 !decoration-4 !decoration-episodi-blue !text-md\" rel=\"nofollow noopener\" target=\"_blank\">James Cameronin seuraava leffa ei v\u00e4ltt\u00e4m\u00e4tt\u00e4 ole Avatar 4 vaan t\u00e4m\u00e4n ikonisen scifi-leffan jatko-osa<\/a><\/p>\n<p>Vuoden 2009 Avatar on kaikkien aikojen eniten tienannut elokuva, joten Cameronilla olisi luullut olevan helppo teht\u00e4v\u00e4 myyd\u00e4 jatko-osat studiolle. Toisin k\u00e4vi.<\/p>\n<p>Alkuper\u00e4isen kakkosleffan k\u00e4sikirjoitus levisi joka suuntaan, ja Cameron joutui kertomaan studiolle, ett\u00e4 tulossa olisi kaksiosainen kakkosleffa.<\/p>\n<p>Eli Avatar 4 on oikeasti se kolmososa ja nelonen vastaa vitoselokuvaa.<\/p>\n<p>\u2013 Studio vastusti ensin ideaa, mutta minulla oli hyv\u00e4 vasta-argumentti: \u201dOdottakaas nyt hieman, ettek\u00f6 tosiaan halua tienata toista kahta miljardia dollaria?\u201d Cameron kertoi.<\/p>\n<p>Ensimm\u00e4inen Avatar tienasi 2,9 miljardia dollaria, The Way of Water 2,3 miljardia vuonna 2022. Fire and Ashilla on melko kova paine niskassaan \u2013 etenkin, kun t\u00e4m\u00e4 ei ole viel\u00e4 leffasarjan p\u00e4\u00e4t\u00f6sosa.<\/p>\n<p>Paitsi ett\u00e4 tavallaan se on. Cameron on kertonut, ett\u00e4 Fire and Ash on tehty siten, ett\u00e4 elokuvasarjan voi p\u00e4\u00e4tt\u00e4\u00e4 siihen.<\/p>\n<p>Katsojat eiv\u00e4t vain oikein v\u00e4lit\u00e4 v\u00e4liosista, vaan he ker\u00e4\u00e4ntyv\u00e4t yleens\u00e4 katsomaan vasta p\u00e4\u00e4t\u00f6sosan.<\/p>\n<p>Samalla Cameron on paljastanut kuvanneensa jo materiaalia Avatar 4:\u00e4\u00e4 varten. Kaikki on kuitenkin kiinni kolmosen menestyksest\u00e4.<\/p>\n<p>Lue my\u00f6s: <a href=\"https:\/\/www.episodi.fi\/uutiset\/avatar-3n-ensi-iltaennusteet-julkaistiin-tulos-on-heikompi-kuin-kakkosella\/\" title=\"Avatar 3:n ensi-iltaennusteet julkaistiin \u2013 tulos on heikompi kuin kakkosella\" class=\"underline-custom !font-montserrat !font-bold !underline-offset-4 !decoration-4 !decoration-episodi-blue !text-md\" rel=\"nofollow noopener\" target=\"_blank\">Avatar 3:n ensi-iltaennusteet julkaistiin \u2013 tulos on heikompi kuin kakkosella<\/a><\/p>\n<p>Cameron kertoi samalla, ett\u00e4 Avatar 4:n k\u00e4sikirjoitus on ensimm\u00e4inen, joka ei saanut palautetta studiolta.<\/p>\n<p>The Way of Water sai kolmisivuisen palautenivaskan, Fire and Ash en\u00e4\u00e4 vain yhden sivun, mutta nelonen ei ensimm\u00e4ist\u00e4k\u00e4\u00e4n.<\/p>\n<p>\u2013 Tuotantopuolen pomo l\u00e4hetti mailitse pelk\u00e4n \u201dpyh\u00e4 paskan!\u201d Kysyin sen j\u00e4lkeen palautetta, mutta h\u00e4n kertoi ensimm\u00e4isen mailin olleen palaute. Tarina menee hyv\u00e4ll\u00e4 tavalla aivan hulluksi, Cameron paljasti.<\/p>\n<p>Avatar: Fire and Ash on teattereissa 17. joulukuuta alkaen.<\/p>\n<p>L\u00e4hde: <a href=\"https:\/\/variety.com\/2025\/film\/news\/james-cameron-studio-pushback-avatar-sequels-1236603271\" target=\"_blank\" rel=\"noreferrer noopener nofollow\">Variety<\/a><\/p>\n<p>Lue my\u00f6s: <a href=\"https:\/\/www.episodi.fi\/uutiskirje\/?uutiskirjemainos=tekstilinkkimainos\" title=\"Tilaa Episodin uutiskirje ja voit voittaa leffalippuja! Nappaa tv-vinkit suoraan s\u00e4hk\u00f6postiin t\u00e4st\u00e4.\" class=\"underline-custom !font-montserrat !font-bold !underline-offset-4 !decoration-4 !decoration-episodi-blue !text-md\" rel=\"nofollow noopener\" target=\"_blank\">Tilaa Episodin uutiskirje ja voit voittaa leffalippuja! Nappaa katseluvinkit suoraan s\u00e4hk\u00f6postiin t\u00e4st\u00e4.<\/a><\/p>\n","protected":false},"excerpt":{"rendered":"James Cameron oli Discussing Filmin haastattelussa, jossa h\u00e4n kertoi Avatar 2:n ja 3:n tuotannosta. Cameron oli saanut studiolta&hellip;\n","protected":false},"author":2,"featured_media":111730,"comment_status":"","ping_status":"","sticky":false,"template":"","format":"standard","meta":{"footnotes":""},"categories":[131],"tags":[1092,1093,8365,155,137,33,173,31,30,434,172,32,109],"class_list":{"0":"post-111729","1":"post","2":"type-post","3":"status-publish","4":"format-standard","5":"has-post-thumbnail","7":"category-elokuvat","8":"tag-avatar","9":"tag-avatar-fire-and-ash","10":"tag-avatar-the-way-of-water","11":"tag-elokuvat","12":"tag-entertainment","13":"tag-fi","14":"tag-film","15":"tag-finland","16":"tag-finnish","17":"tag-james-cameron","18":"tag-movies","19":"tag-suomi","20":"tag-viihde"},"share_on_mastodon":{"url":"https:\/\/pubeurope.com\/@fi\/115689416628968519","error":""},"_links":{"self":[{"href":"https:\/\/www.europesays.com\/fi\/wp-json\/wp\/v2\/posts\/111729","targetHints":{"allow":["GET"]}}],"collection":[{"href":"https:\/\/www.europesays.com\/fi\/wp-json\/wp\/v2\/posts"}],"about":[{"href":"https:\/\/www.europesays.com\/fi\/wp-json\/wp\/v2\/types\/post"}],"author":[{"embeddable":true,"href":"https:\/\/www.europesays.com\/fi\/wp-json\/wp\/v2\/users\/2"}],"replies":[{"embeddable":true,"href":"https:\/\/www.europesays.com\/fi\/wp-json\/wp\/v2\/comments?post=111729"}],"version-history":[{"count":0,"href":"https:\/\/www.europesays.com\/fi\/wp-json\/wp\/v2\/posts\/111729\/revisions"}],"wp:featuredmedia":[{"embeddable":true,"href":"https:\/\/www.europesays.com\/fi\/wp-json\/wp\/v2\/media\/111730"}],"wp:attachment":[{"href":"https:\/\/www.europesays.com\/fi\/wp-json\/wp\/v2\/media?parent=111729"}],"wp:term":[{"taxonomy":"category","embeddable":true,"href":"https:\/\/www.europesays.com\/fi\/wp-json\/wp\/v2\/categories?post=111729"},{"taxonomy":"post_tag","embeddable":true,"href":"https:\/\/www.europesays.com\/fi\/wp-json\/wp\/v2\/tags?post=111729"}],"curies":[{"name":"wp","href":"https:\/\/api.w.org\/{rel}","templated":true}]}}