{"id":111747,"date":"2025-12-09T11:59:09","date_gmt":"2025-12-09T11:59:09","guid":{"rendered":"https:\/\/www.europesays.com\/fi\/111747\/"},"modified":"2025-12-09T11:59:09","modified_gmt":"2025-12-09T11:59:09","slug":"tarja-halosesta-tuli-meemi-palaverissa-viimeisen-paalle-virkeana","status":"publish","type":"post","link":"https:\/\/www.europesays.com\/fi\/111747\/","title":{"rendered":"Tarja Halosesta tuli meemi: \u201dPalaverissa viimeisen p\u00e4\u00e4lle virke\u00e4n\u00e4\u201d"},"content":{"rendered":"<p>Yksi hetki itsen\u00e4isyysp\u00e4iv\u00e4n juhlallisuuksista j\u00e4i el\u00e4m\u00e4\u00e4n omaa el\u00e4m\u00e4\u00e4ns\u00e4 sosiaalisessa mediassa. <\/p>\n<p><img decoding=\"async\" class=\"image image-show image-preview\" src=\"https:\/\/www.europesays.com\/fi\/wp-content\/uploads\/2025\/12\/bab08257a476162767973b7fc23ca2757eb9299d105bb5befea00ab0f18ca54d.jpg\" alt=\"\"\/><img decoding=\"async\" class=\"image image-show\" src=\"https:\/\/www.europesays.com\/fi\/wp-content\/uploads\/2025\/12\/1765281549_6_bab08257a476162767973b7fc23ca2757eb9299d105bb5befea00ab0f18ca54d.jpg\" alt=\"\"\/><\/p>\n<p>Entiset presidentit puolisoineen osallistuivat itsen\u00e4isyysp\u00e4iv\u00e4n jumalanpalvelukseen.  Atte Kajova<\/p>\n<p class=\"paragraph\">Itsen\u00e4isyysp\u00e4iv\u00e4\u00e4 juhlittiin tunnetusti aamusta alkaen lauantaina 6. joulukuuta perinteisin menoin.<\/p>\n<p class=\"paragraph\">Juhlamenot alkoivat valtakunnallisella lipunnostotilaisuudella Helsingin T\u00e4htitorninm\u00e4ell\u00e4 ja tasavallan presidentti <a href=\"https:\/\/www.iltalehti.fi\/henkilot\/Alexander Stubb\" class=\"article-link-person-page\" rel=\"nofollow noopener\" target=\"_blank\">Alexander Stubb<\/a> laski seppeleen sankarihaudalle Hietaniemen hautausmaalla. Ylin valtionjohto kokoontui itsen\u00e4isyysp\u00e4iv\u00e4n ekumeeniseen jumalanpalvelukseen ja perinteinen itsen\u00e4isyysp\u00e4iv\u00e4n paraati j\u00e4rjestettiin t\u00e4n\u00e4 vuonna Kouvolassa.<\/p>\n<p class=\"paragraph\">Etenkin yksi hetki aamup\u00e4iv\u00e4n juhlallisuuksista on j\u00e4\u00e4nyt el\u00e4m\u00e4\u00e4n sosiaalisessa mediassa. Videoklippi presidentti <a href=\"https:\/\/www.iltalehti.fi\/henkilot\/Tarja Halonen\" class=\"article-link-person-page\" rel=\"nofollow noopener\" target=\"_blank\">Tarja Halosesta<\/a> jumalanpalveluksen saarnan aikana on l\u00e4htenyt kiert\u00e4m\u00e4\u00e4n erilaisin saatetekstein.<\/p>\n<p class=\"paragraph\">Video on per\u00e4isin itsen\u00e4isyysp\u00e4iv\u00e4n jumalanpalveluksesta, hetkest\u00e4, jossa Turun arkkihiippakunnan piispa <strong>Mari Lepp\u00e4nen<\/strong> saarnaa.<\/p>\n<p class=\"paragraph\">Presidentti Tarja Halonen sulkee videolla hetkeksi silm\u00e4ns\u00e4 ja vaikuttaa torkahtaneen saarnan aikana. Hetke\u00e4 on humoristisesti yhdistetty useisiin ty\u00f6palavereihin liittyviin teksteihin.<\/p>\n<p class=\"paragraph\">\u2013 Min\u00e4, kun viikkopalaverin GDPR Compliance training -osiota on kulunut 0,7 sekuntia, er\u00e4\u00e4ss\u00e4 julkaisussa kirjoitetaan.<\/p>\n<p class=\"paragraph\">\u2013 POV: Kun oot maanantain palaverissa viimeisen p\u00e4\u00e4lle virke\u00e4n\u00e4 viikonlopun j\u00e4ljilt\u00e4, toinen kuuluu.<\/p>\n<p class=\"paragraph\">Jos julkaisu ei n\u00e4y, voit katsoa sen <a href=\"https:\/\/www.instagram.com\/p\/DSAfglqjE8F\/\" rel=\"noopener nofollow\" target=\"_blank\">t\u00e4st\u00e4 linkist\u00e4<\/a>.<\/p>\n<p class=\"paragraph\">Jos julkaisu ei n\u00e4y, voit katsoa sen <a href=\"https:\/\/www.instagram.com\/p\/DR99hIqjB8Q\/\" rel=\"noopener nofollow\" target=\"_blank\">t\u00e4st\u00e4 linkist\u00e4<\/a>.<\/p>\n<p class=\"paragraph\">Facebookissa silm\u00e4luomien luppaisulle sataa ymm\u00e4rryst\u00e4.<\/p>\n<p class=\"paragraph\">\u2013 Enp\u00e4 tuossa tilanteessa pysyisi itsek\u00e4\u00e4n hereill\u00e4, er\u00e4s kirjoittaa.<\/p>\n<p class=\"paragraph\">\u2013 Kyll\u00e4 i\u00e4k\u00e4s ihminen saa olla v\u00e4synyt, toinen jatkaa.<\/p>\n<p class=\"paragraph\">\u2013 Kyll\u00e4 on p\u00e4iv\u00e4ll\u00e4 pienet torkut hyv\u00e4 ottaa niin sitten jaksaa paremmin illan juhliin l\u00e4hte\u00e4.<\/p>\n<p class=\"paragraph\">\u2013 H\u00e4nell\u00e4 ei ole velvoitteita en\u00e4\u00e4. Saa torkkua.<\/p>\n<p>Tarja Halonen saapui hymyss\u00e4 suin itsen\u00e4isyysp\u00e4iv\u00e4n jumalanpalvelukseen.  Atte Kajova<\/p>\n<p class=\"paragraph\">\u2013 Onhan tuolla muitakin, jotka silmi\u00e4\u00e4n lepuuttaa ja paljon nuorempia, er\u00e4s huomauttaa.<\/p>\n<p class=\"paragraph\">Ty\u00f6palavereiden lis\u00e4ksi videoklippi\u00e4 on yhdistetty my\u00f6s leffailloista tuttuun tilanteeseen.<\/p>\n<p class=\"paragraph\">\u2013 Et sitten nukahda heti, jos aletaan katsomaan leffaa, er\u00e4s jakoteksti kuuluu.<\/p>\n<p class=\"paragraph\">\u2013 No en en, keskustelu jatkuu.<\/p>\n<p class=\"paragraph\">Kunnes viiden minuutin p\u00e4\u00e4st\u00e4 lupaus on jo rikottu.<\/p>\n<p class=\"paragraph\">Jos julkaisu ei n\u00e4y, voit katsoa sen <a href=\"https:\/\/www.instagram.com\/p\/DR-g0KPjHu4\/\" rel=\"noopener nofollow\" target=\"_blank\">t\u00e4st\u00e4 linkist\u00e4<\/a>.<\/p>\n<p><script async src=\"\/\/www.instagram.com\/embed.js\"><\/script><\/p>\n","protected":false},"excerpt":{"rendered":"Yksi hetki itsen\u00e4isyysp\u00e4iv\u00e4n juhlallisuuksista j\u00e4i el\u00e4m\u00e4\u00e4n omaa el\u00e4m\u00e4\u00e4ns\u00e4 sosiaalisessa mediassa. Entiset presidentit puolisoineen osallistuivat itsen\u00e4isyysp\u00e4iv\u00e4n jumalanpalvelukseen. Atte Kajova&hellip;\n","protected":false},"author":2,"featured_media":111748,"comment_status":"","ping_status":"","sticky":false,"template":"","format":"standard","meta":{"footnotes":""},"categories":[136],"tags":[35,407,137,33,31,30,3674,408,142,888,887,9902,32,109],"class_list":{"0":"post-111747","1":"post","2":"type-post","3":"status-publish","4":"format-standard","5":"has-post-thumbnail","7":"category-julkkikset","8":"tag-24h","9":"tag-celebrities","10":"tag-entertainment","11":"tag-fi","12":"tag-finland","13":"tag-finnish","14":"tag-juhla-ja-vapaapaivat","15":"tag-julkkikset","16":"tag-poliitikot","17":"tag-suomalaiset-poliitikot","18":"tag-suomen-politiikka","19":"tag-suomen-tasavallan-presidentti","20":"tag-suomi","21":"tag-viihde"},"share_on_mastodon":{"url":"https:\/\/pubeurope.com\/@fi\/115689499368298569","error":""},"_links":{"self":[{"href":"https:\/\/www.europesays.com\/fi\/wp-json\/wp\/v2\/posts\/111747","targetHints":{"allow":["GET"]}}],"collection":[{"href":"https:\/\/www.europesays.com\/fi\/wp-json\/wp\/v2\/posts"}],"about":[{"href":"https:\/\/www.europesays.com\/fi\/wp-json\/wp\/v2\/types\/post"}],"author":[{"embeddable":true,"href":"https:\/\/www.europesays.com\/fi\/wp-json\/wp\/v2\/users\/2"}],"replies":[{"embeddable":true,"href":"https:\/\/www.europesays.com\/fi\/wp-json\/wp\/v2\/comments?post=111747"}],"version-history":[{"count":0,"href":"https:\/\/www.europesays.com\/fi\/wp-json\/wp\/v2\/posts\/111747\/revisions"}],"wp:featuredmedia":[{"embeddable":true,"href":"https:\/\/www.europesays.com\/fi\/wp-json\/wp\/v2\/media\/111748"}],"wp:attachment":[{"href":"https:\/\/www.europesays.com\/fi\/wp-json\/wp\/v2\/media?parent=111747"}],"wp:term":[{"taxonomy":"category","embeddable":true,"href":"https:\/\/www.europesays.com\/fi\/wp-json\/wp\/v2\/categories?post=111747"},{"taxonomy":"post_tag","embeddable":true,"href":"https:\/\/www.europesays.com\/fi\/wp-json\/wp\/v2\/tags?post=111747"}],"curies":[{"name":"wp","href":"https:\/\/api.w.org\/{rel}","templated":true}]}}