{"id":111758,"date":"2025-12-09T12:12:09","date_gmt":"2025-12-09T12:12:09","guid":{"rendered":"https:\/\/www.europesays.com\/fi\/111758\/"},"modified":"2025-12-09T12:12:09","modified_gmt":"2025-12-09T12:12:09","slug":"isa-joi-33-juomaa-luksusristeilylla-ja-kuoli-perhe-haastaa-laivayhtion-oikeuteen","status":"publish","type":"post","link":"https:\/\/www.europesays.com\/fi\/111758\/","title":{"rendered":"Is\u00e4 joi 33 juomaa luksusristeilyll\u00e4 ja kuoli \u2013 Perhe haastaa laivayhti\u00f6n oikeuteen"},"content":{"rendered":"<p>Miehen perhe vaatii risteilyj\u00e4rjest\u00e4j\u00e4lt\u00e4 korvauksia muun muassa hautajais- ja sairauskuluista sek\u00e4 henkisest\u00e4 k\u00e4rsimyksest\u00e4.<\/p>\n<p><img decoding=\"async\" class=\"image image-show image-preview\" src=\"https:\/\/www.europesays.com\/fi\/wp-content\/uploads\/2025\/12\/551973bc5a044d31294118efc108cbf82c44146a051631d5286aaebfee611562.jpg\" alt=\"\"\/><img decoding=\"async\" class=\"image image-show\" src=\"https:\/\/www.europesays.com\/fi\/wp-content\/uploads\/2025\/12\/1765282329_971_551973bc5a044d31294118efc108cbf82c44146a051631d5286aaebfee611562.jpg\" alt=\"\"\/><\/p>\n<p>Tapahtumat sijoittuivat vuonna 2002 Turun telakalta valmistuneelle Navigator of the Seas -alukselle. AOP<\/p>\n<p class=\"paragraph\">35-vuotias mies kuoli risteilyaluksella Yhdysvalloissa juotuaan 33 alkoholijuomaa. Nyt miehen perhe on haastanut risteilyn j\u00e4rjest\u00e4j\u00e4n oikeuteen, <a href=\"https:\/\/www.foxnews.com\/us\/family-sues-royal-caribbean-after-man-allegedly-served-33-drinks-dies-aboard-cruise-ship\" target=\"_blank\" rel=\"noopener nofollow\">kertoo<\/a> yhdysvaltalaismedia Fox News.<\/p>\n<p class=\"paragraph\">Tapahtumat sattuivat Royal Caribbean -yhti\u00f6n Navigator of the Seas -aluksella, joka on valmistettu Turun telakalla Suomessa. Nelip\u00e4iv\u00e4inen risteily l\u00e4hti liikkeelle Yhdysvaltain Los Angelesista joulukuussa 2024 kohteenaan Meksikon Ensenada.<\/p>\n<p class=\"paragraph\">Alukselle saavuttuaan <strong>Michael Virgilille<\/strong>, h\u00e4nen kihlatulleen sek\u00e4 parin 7-vuotiaalle pojalle kuitenkin kerrottiin, ettei heid\u00e4n hyttins\u00e4 ollut viel\u00e4 valmis. Perhe ohjattiin odottamaan aluksen baariin.<\/p>\n<p class=\"paragraph\">Perheen poika k\u00e4vi odottelun aikana levottomaksi ja h\u00e4n l\u00e4hti \u00e4itins\u00e4 kanssa tarkistamaan perheen hytin tilaa. Is\u00e4 j\u00e4i odottamaan baariin.<\/p>\n<p class=\"paragraph\">Odottelun aikana Virgilille tarjoiltiin ainakin 33 alkoholijuomaa, mink\u00e4 j\u00e4lkeen h\u00e4n l\u00e4hti p\u00e4ihtyneess\u00e4 tilassa itsekin etsim\u00e4\u00e4n perheen hytti\u00e4.<\/p>\n<p class=\"paragraph\">Yhdysvaltalaismedia TMZ:n <a href=\"https:\/\/www.tmz.com\/2025\/12\/08\/cruise-passenger-death-ruled-homicide\/\" target=\"_blank\" rel=\"noopener nofollow\">mukaan<\/a> etsint\u00e4 ei kuitenkaan tuottanut tulosta ja siit\u00e4 \u00e4rsyyntyneen\u00e4 Virgil alkoi rikkoa aluksen ovia ja otti paitansa pois. Miehen riehuminen her\u00e4tti huomiota ja aluksen turvahenkil\u00f6kunta taltutti h\u00e4net lopulta.<\/p>\n<p>Tapahtumat kirjattiin ruumiinavausraportissa henkirikokseksi. Kuvituskuva. AOP<\/p>\n<p>Henkirikos<\/p>\n<p class=\"paragraph\">Kiinnioton yhteydess\u00e4 Virgil taklattiin maahan ja h\u00e4neen pistettiin rauhoittavaa ainetta. Turvahenkil\u00f6kunta k\u00e4ytti yhteenoton aikana my\u00f6s huomattavan m\u00e4\u00e4r\u00e4n pippurisumutetta.<\/p>\n<p class=\"paragraph\">Perheen nostamassa kanteessa todetaan, ett\u00e4 sidonta, rauhoittavien l\u00e4\u00e4kkeiden ja pippurisumutteen yhdistelm\u00e4 aiheutti muun muassa merkitt\u00e4v\u00e4\u00e4 hengitysvajausta ja lopulta syd\u00e4n- ja hengityselinten pys\u00e4htymisen.<\/p>\n<p class=\"paragraph\">Virgilin kuolinsyyksi kirjattiin \u201dmekaanisen tukehtumisen, liikalihavuuden, syd\u00e4men laajentuman ja etanolimyrkytyksen yhteisvaikutus\u201d. Vammat johtuivat kuolinsyyraportin mukaan \u201duseiden aluksen turvahenkil\u00f6iden suorittamasta sidonnasta\u201d ja \u201detanolin nauttimisesta\u201d.<\/p>\n<p class=\"paragraph\">Ruumiinavausraportissa tapahtuma kirjattiin henkirikokseksi.<\/p>\n<p class=\"paragraph\">Virgilin perhe vaatii haasteessaan korvauksia muun muassa elatuksen menetyksest\u00e4, perinn\u00f6st\u00e4, menneist\u00e4 ja tulevista tuloista sek\u00e4 nettos\u00e4\u00e4st\u00f6ist\u00e4, hautajais- ja sairauskuluista ja henkisest\u00e4 k\u00e4rsimyksest\u00e4.<\/p>\n<p class=\"paragraph\">Royal Caribbeanin tiedottaja oli TMZ:n mukaan v\u00e4h\u00e4sanainen syytteest\u00e4.<\/p>\n<p class=\"paragraph\">\u2013 Olemme surullisia yhden vieraamme kuolemasta, olemme tehneet yhteisty\u00f6t\u00e4 viranomaisten kanssa heid\u00e4n tutkimuksissaan ja pid\u00e4tt\u00e4ydymme kommentoimasta enemp\u00e4\u00e4 vireill\u00e4 olevasta oikeudenk\u00e4ynnist\u00e4, tiedottajan lausunnossa todetaan.<\/p>\n","protected":false},"excerpt":{"rendered":"Miehen perhe vaatii risteilyj\u00e4rjest\u00e4j\u00e4lt\u00e4 korvauksia muun muassa hautajais- ja sairauskuluista sek\u00e4 henkisest\u00e4 k\u00e4rsimyksest\u00e4. Tapahtumat sijoittuivat vuonna 2002 Turun&hellip;\n","protected":false},"author":2,"featured_media":111759,"comment_status":"","ping_status":"","sticky":false,"template":"","format":"standard","meta":{"footnotes":""},"categories":[12],"tags":[35,22,23,26,27,33,31,30,17,99,24,25,28,29,15,976,18,21,98,32,19,20,16,2569,2568],"class_list":{"0":"post-111758","1":"post","2":"type-post","3":"status-publish","4":"format-standard","5":"has-post-thumbnail","7":"category-suomi","8":"tag-24h","9":"tag-breaking-news","10":"tag-breakingnews","11":"tag-featured-news","12":"tag-featurednews","13":"tag-fi","14":"tag-finland","15":"tag-finnish","16":"tag-headlines","17":"tag-lapset","18":"tag-latest-news","19":"tag-latestnews","20":"tag-main-news","21":"tag-mainnews","22":"tag-news","23":"tag-oikeusprosessit","24":"tag-otsikot","25":"tag-paauutiset","26":"tag-perhe","27":"tag-suomi","28":"tag-top-stories","29":"tag-topstories","30":"tag-uutiset","31":"tag-vesikulkuneuvot","32":"tag-vesiliikenne"},"share_on_mastodon":{"url":"https:\/\/pubeurope.com\/@fi\/115689550492688060","error":""},"_links":{"self":[{"href":"https:\/\/www.europesays.com\/fi\/wp-json\/wp\/v2\/posts\/111758","targetHints":{"allow":["GET"]}}],"collection":[{"href":"https:\/\/www.europesays.com\/fi\/wp-json\/wp\/v2\/posts"}],"about":[{"href":"https:\/\/www.europesays.com\/fi\/wp-json\/wp\/v2\/types\/post"}],"author":[{"embeddable":true,"href":"https:\/\/www.europesays.com\/fi\/wp-json\/wp\/v2\/users\/2"}],"replies":[{"embeddable":true,"href":"https:\/\/www.europesays.com\/fi\/wp-json\/wp\/v2\/comments?post=111758"}],"version-history":[{"count":0,"href":"https:\/\/www.europesays.com\/fi\/wp-json\/wp\/v2\/posts\/111758\/revisions"}],"wp:featuredmedia":[{"embeddable":true,"href":"https:\/\/www.europesays.com\/fi\/wp-json\/wp\/v2\/media\/111759"}],"wp:attachment":[{"href":"https:\/\/www.europesays.com\/fi\/wp-json\/wp\/v2\/media?parent=111758"}],"wp:term":[{"taxonomy":"category","embeddable":true,"href":"https:\/\/www.europesays.com\/fi\/wp-json\/wp\/v2\/categories?post=111758"},{"taxonomy":"post_tag","embeddable":true,"href":"https:\/\/www.europesays.com\/fi\/wp-json\/wp\/v2\/tags?post=111758"}],"curies":[{"name":"wp","href":"https:\/\/api.w.org\/{rel}","templated":true}]}}