{"id":111764,"date":"2025-12-09T12:26:06","date_gmt":"2025-12-09T12:26:06","guid":{"rendered":"https:\/\/www.europesays.com\/fi\/111764\/"},"modified":"2025-12-09T12:26:06","modified_gmt":"2025-12-09T12:26:06","slug":"taideasiantuntija-kommentoi-vilma-peltosen-tauluja","status":"publish","type":"post","link":"https:\/\/www.europesays.com\/fi\/111764\/","title":{"rendered":"Taideasiantuntija kommentoi Vilma Peltosen tauluja"},"content":{"rendered":"<p>Taideasiantuntija pit\u00e4\u00e4 teoksia sympaattisina. Teoksissa on esill\u00e4 vahvasti Suomen luonto.<\/p>\n<p class=\"article-body mb-nof-24 px-nof-16\">Versowoodin toimitusjohtaja <a class=\"article-personlink\" href=\"https:\/\/www.is.fi\/haku\/?query=Ville%20Kopran\" rel=\"nofollow noopener\" target=\"_blank\">Ville Kopran<\/a> ja somevaikuttaja <a class=\"article-personlink\" href=\"https:\/\/www.is.fi\/haku\/?query=Vilma%20Peltosen\" rel=\"nofollow noopener\" target=\"_blank\">Vilma Peltosen<\/a> suhde on puhuttanut alkuviikosta. Kes\u00e4ll\u00e4 pitk\u00e4st\u00e4 parisuhteestaan eronnut Peltonen ilmestyi Kopran seuralaisena Linnan juhliin.<\/p>\n<p class=\"article-body mb-nof-24 px-nof-16\">Samalla huomion kohteeksi nousi Peltosen taiteilijaura.<\/p>\n<p class=\"article-body mb-nof-24 px-nof-16\">Somessaan Peltonen on kertonut saaneensa kev\u00e4\u00e4ll\u00e4 toimeksiannon toteuttaa 10 isoa teosta Versowoodin uuden konttorin tiloihin Vierum\u00e4elle.<\/p>\n<p class=\"article-body mb-nof-24 px-nof-16\">H\u00e4n kertoi, ett\u00e4 sai \u201dtulkita vapaasti eri neuvotteluhuoneiden nimien teemaa\u201d. Nimet olivat suomalaismetsist\u00e4 tuttuja: koivu, haapa, m\u00e4nty, mustikka, puolukka.<\/p>\n<p class=\"article-body mb-nof-24 px-nof-16\">Peltonen on kertonut somessaan aloittaneensa maalaamisen pari vuotta sitten.<\/p>\n<p class=\"article-body mb-nof-24 px-nof-16\">Taideasiantuntija <a class=\"article-personlink\" href=\"https:\/\/www.is.fi\/haku\/?query=Jukka%20Valkonen\" rel=\"nofollow noopener\" target=\"_blank\">Jukka Valkonen<\/a> arvioi teoksia IS:lle.<\/p>\n<p class=\"article-body mb-nof-24 px-nof-16\">\u2013 Mielest\u00e4ni ne ovat sympaattisia. Kehittymist\u00e4 tullaan varmasti n\u00e4kem\u00e4\u00e4n runsaasti. N\u00e4kee, ett\u00e4 h\u00e4n on innostunut tekemisest\u00e4, Valkonen sanoo.<\/p>\n<p class=\"article-body mb-nof-24 px-nof-16\">Valkonen sanoo huomanneensa somesta Peltosen viett\u00e4neen aikaa maailmalla. Sen voinee n\u00e4hd\u00e4 my\u00f6s h\u00e4nen teoksistaan v\u00e4rien k\u00e4yt\u00f6n ja teemojen osalta. Versowoodin tilaamissa teoksissa suomalainen luonto on isossa roolissa.<\/p>\n<p class=\"article-body mb-nof-24 px-nof-16\">\u2013 Ei h\u00e4n ammattitaiteilija ole, mutta tervetuloa kent\u00e4lle. Kyll\u00e4 t\u00e4nne mahtuu!<\/p>\n<p class=\"article-body mb-nof-24 px-nof-16\">Valkosen mukaan teoksia ei tulisi arvioida kriittisesti, sill\u00e4 se ei ole hedelm\u00e4llist\u00e4.<\/p>\n<p class=\"article-body mb-nof-24 px-nof-16\">\u2013 N\u00e4it\u00e4 pohdittaisiin eri kontekstissa, jos ne olisivat esill\u00e4 vaikkapa museossa, h\u00e4n sanoo.<\/p>\n<p><img decoding=\"async\" src=\"https:\/\/www.europesays.com\/fi\/wp-content\/uploads\/2025\/12\/1765283165_695_468.jpg\" alt=\"Taideasiantuntija Jukka Valkonen toivottaa Vilma Peltosen tervetulleeksi taiteen pariin.\" class=\"_Img_1rerz_1\" style=\"aspect-ratio:1.5\" loading=\"eager\"\/><\/p>\n<p class=\"article-picture-caption\">Taideasiantuntija Jukka Valkonen toivottaa Vilma Peltosen tervetulleeksi taiteen pariin. Kuva:\u00a0Seppo K\u00e4rki \/ IS<\/p>\n<p class=\"article-body mb-nof-24 px-nof-16\">Valkonen antaa pisteet yritykselle siit\u00e4, ett\u00e4 se on ylip\u00e4\u00e4t\u00e4\u00e4n ostanut taidetta tiloihinsa, vaikka kyseess\u00e4 onkin perheen sis\u00e4inen kauppa.<\/p>\n<p class=\"article-body mb-nof-24 px-nof-16\">\u2013 Se on aivan liian harvinaista.<\/p>\n<p class=\"article-body mb-nof-24 px-nof-16\">H\u00e4n sanoo, ett\u00e4 yritykset eiv\u00e4t juuri tee taidehankintoja, vaikka monesti niiden hankintahinta ei muodostuisi kovinkaan suureksi suhteessa yrityksen tulokseen. Valkosen mukaan 1980-luvulla yritysten seinill\u00e4 n\u00e4ki enemm\u00e4n taidetta, mutta taiteeseen panostaminen loppui, kun lama kouraisi Suomea seuraavalla vuosikymmenell\u00e4. H\u00e4n uskoo, ettei nykyinen johtamisen tyyli tue taidehankintojen tekemist\u00e4.<\/p>\n<p class=\"article-body mb-nof-24 px-nof-16\">Peltonen kertoo <a class=\"article-genericlink\" href=\"https:\/\/www.vilmap.com\/taidekauppa\" rel=\"nofollow noopener\" target=\"_blank\">kotisivuillaan<\/a>, ett\u00e4 teokset Vadelma, Koivu, Pihlaja, M\u00e4nty, Puolukka ja Mustikka on myyty 3 000 euron kappalehintaan.<\/p>\n<p class=\"article-body mb-nof-24 px-nof-16\">IS ei ole tavoittanut Peltosta ja Kopraa.<\/p>\n<p><img decoding=\"async\" src=\"https:\/\/www.europesays.com\/fi\/wp-content\/uploads\/2025\/12\/1765136289_871_468.jpg\" alt=\"Somevaikuttaja Vilma Peltonen ja Ville Kopra julkistivat suhteensa Linnan juhlissa.\" class=\"_Img_1rerz_1\" style=\"aspect-ratio:0.6666666666666666\" loading=\"eager\"\/><\/p>\n<p class=\"article-picture-caption\">Somevaikuttaja Vilma Peltonen ja Ville Kopra julkistivat suhteensa Linnan juhlissa. Kuva:\u00a0Aleksi Jalava \/ IS<\/p>\n","protected":false},"excerpt":{"rendered":"Taideasiantuntija pit\u00e4\u00e4 teoksia sympaattisina. Teoksissa on esill\u00e4 vahvasti Suomen luonto. Versowoodin toimitusjohtaja Ville Kopran ja somevaikuttaja Vilma Peltosen&hellip;\n","protected":false},"author":2,"featured_media":111765,"comment_status":"","ping_status":"","sticky":false,"template":"","format":"standard","meta":{"footnotes":""},"categories":[135],"tags":[389,387,388,390,137,33,31,30,34,32,394,393,391,392,109],"class_list":{"0":"post-111764","1":"post","2":"type-post","3":"status-publish","4":"format-standard","5":"has-post-thumbnail","7":"category-taiteet-ja-suunnittelu","8":"tag-arts","9":"tag-arts-and-design","10":"tag-artsanddesign","11":"tag-design","12":"tag-entertainment","13":"tag-fi","14":"tag-finland","15":"tag-finnish","16":"tag-ilta-sanomat","17":"tag-suomi","18":"tag-suunnittelu","19":"tag-taiteet","20":"tag-taiteet-ja-suunnittelu","21":"tag-taiteetsuunnittelu","22":"tag-viihde"},"share_on_mastodon":{"url":"https:\/\/pubeurope.com\/@fi\/115689605419923453","error":""},"_links":{"self":[{"href":"https:\/\/www.europesays.com\/fi\/wp-json\/wp\/v2\/posts\/111764","targetHints":{"allow":["GET"]}}],"collection":[{"href":"https:\/\/www.europesays.com\/fi\/wp-json\/wp\/v2\/posts"}],"about":[{"href":"https:\/\/www.europesays.com\/fi\/wp-json\/wp\/v2\/types\/post"}],"author":[{"embeddable":true,"href":"https:\/\/www.europesays.com\/fi\/wp-json\/wp\/v2\/users\/2"}],"replies":[{"embeddable":true,"href":"https:\/\/www.europesays.com\/fi\/wp-json\/wp\/v2\/comments?post=111764"}],"version-history":[{"count":0,"href":"https:\/\/www.europesays.com\/fi\/wp-json\/wp\/v2\/posts\/111764\/revisions"}],"wp:featuredmedia":[{"embeddable":true,"href":"https:\/\/www.europesays.com\/fi\/wp-json\/wp\/v2\/media\/111765"}],"wp:attachment":[{"href":"https:\/\/www.europesays.com\/fi\/wp-json\/wp\/v2\/media?parent=111764"}],"wp:term":[{"taxonomy":"category","embeddable":true,"href":"https:\/\/www.europesays.com\/fi\/wp-json\/wp\/v2\/categories?post=111764"},{"taxonomy":"post_tag","embeddable":true,"href":"https:\/\/www.europesays.com\/fi\/wp-json\/wp\/v2\/tags?post=111764"}],"curies":[{"name":"wp","href":"https:\/\/api.w.org\/{rel}","templated":true}]}}