{"id":11177,"date":"2025-08-20T12:43:06","date_gmt":"2025-08-20T12:43:06","guid":{"rendered":"https:\/\/www.europesays.com\/fi\/11177\/"},"modified":"2025-08-20T12:43:06","modified_gmt":"2025-08-20T12:43:06","slug":"halla-aho-kertoo-nyt-oman-totuutensa-ja-se-on-paljon-enemman-kuin-moni-poliitikko-ikina-uskaltaisi","status":"publish","type":"post","link":"https:\/\/www.europesays.com\/fi\/11177\/","title":{"rendered":"Halla-aho kertoo nyt oman totuutensa, ja se on paljon enemm\u00e4n kuin moni poliitikko ikin\u00e4 uskaltaisi"},"content":{"rendered":"<p>Kirja-arvio|Puhemies Jussi Halla-ahon (ps) kirjan kaikki tiedot eiv\u00e4t pid\u00e4 paikkaansa, vaikka nimenomaan niin h\u00e4n v\u00e4itt\u00e4\u00e4.<\/p>\n<p class=\"article-body margin-bottom-24 padding-x-16\">Markku Heikkil\u00e4: Jussi Halla-aho \u2013 el\u00e4m\u00e4kerta. Readme.fi. 448 s.<\/p>\n<p class=\"article-body margin-bottom-24 padding-x-16\">Eduskunnan puhemies <a class=\"article-personlink\" href=\"https:\/\/www.hs.fi\/haku\/?query=Jussi%20Halla-aho\" rel=\"nofollow noopener\" target=\"_blank\">Jussi Halla-aho<\/a> <a class=\"article-genericlink\" href=\"https:\/\/www.facebook.com\/jussi.hallaaho\/?locale=fi_FI\" rel=\"nofollow noopener\" target=\"_blank\">mainosti<\/a> viime viikolla Facebookissa <a class=\"article-personlink\" href=\"https:\/\/www.hs.fi\/haku\/?query=Markku%20Heikkil%C3%A4n\" rel=\"nofollow noopener\" target=\"_blank\">Markku Heikkil\u00e4n<\/a> h\u00e4nest\u00e4 tekem\u00e4\u00e4 el\u00e4m\u00e4kertaa.<\/p>\n<p class=\"article-body margin-bottom-24 padding-x-16\">Halla-ahon mukaan h\u00e4nest\u00e4 aiemmin tehdyt kirjat ovat olleet voittopuolisesti asenteeltaan vihamielisi\u00e4 ja perustuneet vilkkaaseen mielikuvitukseen sek\u00e4 poliittisten vastustajien antamiin lausuntoihin. Heikkil\u00e4n kirjan suuri vahvuus onkin Halla-ahon mukaan se, ett\u00e4 \u201dkaikki siin\u00e4 esitetyt tiedot pit\u00e4v\u00e4t paikkaansa\u201d.<\/p>\n","protected":false},"excerpt":{"rendered":"Kirja-arvio|Puhemies Jussi Halla-ahon (ps) kirjan kaikki tiedot eiv\u00e4t pid\u00e4 paikkaansa, vaikka nimenomaan niin h\u00e4n v\u00e4itt\u00e4\u00e4. Markku Heikkil\u00e4: Jussi&hellip;\n","protected":false},"author":2,"featured_media":11178,"comment_status":"","ping_status":"","sticky":false,"template":"","format":"standard","meta":{"footnotes":""},"categories":[134],"tags":[377,137,33,31,30,46,378,32,109],"class_list":{"0":"post-11177","1":"post","2":"type-post","3":"status-publish","4":"format-standard","5":"has-post-thumbnail","7":"category-kirjat","8":"tag-books","9":"tag-entertainment","10":"tag-fi","11":"tag-finland","12":"tag-finnish","13":"tag-helsingin-sanomat","14":"tag-kirjat","15":"tag-suomi","16":"tag-viihde"},"share_on_mastodon":{"url":"","error":""},"_links":{"self":[{"href":"https:\/\/www.europesays.com\/fi\/wp-json\/wp\/v2\/posts\/11177","targetHints":{"allow":["GET"]}}],"collection":[{"href":"https:\/\/www.europesays.com\/fi\/wp-json\/wp\/v2\/posts"}],"about":[{"href":"https:\/\/www.europesays.com\/fi\/wp-json\/wp\/v2\/types\/post"}],"author":[{"embeddable":true,"href":"https:\/\/www.europesays.com\/fi\/wp-json\/wp\/v2\/users\/2"}],"replies":[{"embeddable":true,"href":"https:\/\/www.europesays.com\/fi\/wp-json\/wp\/v2\/comments?post=11177"}],"version-history":[{"count":0,"href":"https:\/\/www.europesays.com\/fi\/wp-json\/wp\/v2\/posts\/11177\/revisions"}],"wp:featuredmedia":[{"embeddable":true,"href":"https:\/\/www.europesays.com\/fi\/wp-json\/wp\/v2\/media\/11178"}],"wp:attachment":[{"href":"https:\/\/www.europesays.com\/fi\/wp-json\/wp\/v2\/media?parent=11177"}],"wp:term":[{"taxonomy":"category","embeddable":true,"href":"https:\/\/www.europesays.com\/fi\/wp-json\/wp\/v2\/categories?post=11177"},{"taxonomy":"post_tag","embeddable":true,"href":"https:\/\/www.europesays.com\/fi\/wp-json\/wp\/v2\/tags?post=11177"}],"curies":[{"name":"wp","href":"https:\/\/api.w.org\/{rel}","templated":true}]}}