{"id":111778,"date":"2025-12-09T12:39:07","date_gmt":"2025-12-09T12:39:07","guid":{"rendered":"https:\/\/www.europesays.com\/fi\/111778\/"},"modified":"2025-12-09T12:39:07","modified_gmt":"2025-12-09T12:39:07","slug":"nuori-poika-kiipeili-auton-katolla-ja-aiheutti-vahinkoa-savo","status":"publish","type":"post","link":"https:\/\/www.europesays.com\/fi\/111778\/","title":{"rendered":"Nuori poika kiipeili auton katolla ja aiheutti vahinkoa | Savo"},"content":{"rendered":"<p>Sivullinen ilmoitti h\u00e4t\u00e4keskukseen, ett\u00e4 nuoret hyppiv\u00e4t auton p\u00e4\u00e4ll\u00e4 Siilinj\u00e4rven P\u00e4iv\u00e4rinteell\u00e4 tiistai-iltana 11. marraskuuta.<\/p>\n<p>Poliisi tavoitti paikalta 15-vuotiaan pojan ja h\u00e4nen seurassaan olleen tyt\u00f6n. Poliisin mukaan poika oli kiipeillyt yhden henkil\u00f6auton katolla ja rikkonut toisen auton sivupeilin Siilinkosken p\u00e4iv\u00e4kodin pihalla tiistai-iltana noin kello 20.<\/p>\n<p>Poliisi toimitti molemmat nuoret paikan p\u00e4\u00e4lt\u00e4 kotiin.<\/p>\n<p>Sill\u00e4 aikaa molempien vaurioita k\u00e4rsineiden autojen kuljettajat olivat poistuneet autoilla p\u00e4iv\u00e4kodin pihasta eik\u00e4 poliisi ehtinyt ottaa autojen rekisteritunnuksia yl\u00f6s. Poliisi pyyt\u00e4\u00e4 autojen omistajia ilmoittamaan yhteystietonsa s\u00e4hk\u00f6postiin poliisipaivystys.ita-suomi@poliisi.fi tai virka-aikana puhelinnumeroon 0295 415 240.<\/p>\n<p>Autot olivat olleet pys\u00e4k\u00f6ityin\u00e4 Siilinkoskentie 3:n pihassa ja niihin tuli vaurioita.<\/p>\n","protected":false},"excerpt":{"rendered":"Sivullinen ilmoitti h\u00e4t\u00e4keskukseen, ett\u00e4 nuoret hyppiv\u00e4t auton p\u00e4\u00e4ll\u00e4 Siilinj\u00e4rven P\u00e4iv\u00e4rinteell\u00e4 tiistai-iltana 11. marraskuuta. Poliisi tavoitti paikalta 15-vuotiaan pojan&hellip;\n","protected":false},"author":2,"featured_media":111779,"comment_status":"","ping_status":"","sticky":false,"template":"","format":"standard","meta":{"footnotes":""},"categories":[5],"tags":[648,22,23,26,27,33,31,30,17,100,24,25,28,29,15,4680,18,21,52,3819,103,32,19,20,16,20694],"class_list":{"0":"post-111778","1":"post","2":"type-post","3":"status-publish","4":"format-standard","5":"has-post-thumbnail","7":"category-otsikot","8":"tag-autot","9":"tag-breaking-news","10":"tag-breakingnews","11":"tag-featured-news","12":"tag-featurednews","13":"tag-fi","14":"tag-finland","15":"tag-finnish","16":"tag-headlines","17":"tag-lapset-ja-nuoret","18":"tag-latest-news","19":"tag-latestnews","20":"tag-main-news","21":"tag-mainnews","22":"tag-news","23":"tag-omaisuusrikokset","24":"tag-otsikot","25":"tag-paauutiset","26":"tag-poliisi","27":"tag-siilinjarvi","28":"tag-sosiaalikysymykset","29":"tag-suomi","30":"tag-top-stories","31":"tag-topstories","32":"tag-uutiset","33":"tag-vahingonteot"},"share_on_mastodon":{"url":"https:\/\/pubeurope.com\/@fi\/115689656352179756","error":""},"_links":{"self":[{"href":"https:\/\/www.europesays.com\/fi\/wp-json\/wp\/v2\/posts\/111778","targetHints":{"allow":["GET"]}}],"collection":[{"href":"https:\/\/www.europesays.com\/fi\/wp-json\/wp\/v2\/posts"}],"about":[{"href":"https:\/\/www.europesays.com\/fi\/wp-json\/wp\/v2\/types\/post"}],"author":[{"embeddable":true,"href":"https:\/\/www.europesays.com\/fi\/wp-json\/wp\/v2\/users\/2"}],"replies":[{"embeddable":true,"href":"https:\/\/www.europesays.com\/fi\/wp-json\/wp\/v2\/comments?post=111778"}],"version-history":[{"count":0,"href":"https:\/\/www.europesays.com\/fi\/wp-json\/wp\/v2\/posts\/111778\/revisions"}],"wp:featuredmedia":[{"embeddable":true,"href":"https:\/\/www.europesays.com\/fi\/wp-json\/wp\/v2\/media\/111779"}],"wp:attachment":[{"href":"https:\/\/www.europesays.com\/fi\/wp-json\/wp\/v2\/media?parent=111778"}],"wp:term":[{"taxonomy":"category","embeddable":true,"href":"https:\/\/www.europesays.com\/fi\/wp-json\/wp\/v2\/categories?post=111778"},{"taxonomy":"post_tag","embeddable":true,"href":"https:\/\/www.europesays.com\/fi\/wp-json\/wp\/v2\/tags?post=111778"}],"curies":[{"name":"wp","href":"https:\/\/api.w.org\/{rel}","templated":true}]}}