{"id":111780,"date":"2025-12-09T12:51:09","date_gmt":"2025-12-09T12:51:09","guid":{"rendered":"https:\/\/www.europesays.com\/fi\/111780\/"},"modified":"2025-12-09T12:51:09","modified_gmt":"2025-12-09T12:51:09","slug":"lakko-loukkaantui-ttkssa-julkaisi-nyt-kuvan-sairaalasta","status":"publish","type":"post","link":"https:\/\/www.europesays.com\/fi\/111780\/","title":{"rendered":"Lakko loukkaantui TTK:ssa \u2013 Julkaisi nyt kuvan sairaalasta"},"content":{"rendered":"<p>Tubettaja Lakko kilpaili syksyll\u00e4 Tanssii t\u00e4htien kanssa -ohjelmassa.<\/p>\n<p><img decoding=\"async\" class=\"image image-show image-preview\" src=\"https:\/\/www.europesays.com\/fi\/wp-content\/uploads\/2025\/12\/11b6861bdfdc7725908b5e0bdb0d9fc460e5f0ef1c87b1938fa8d30420d93a10.jpg\" alt=\"\"\/><img decoding=\"async\" class=\"image image-show\" src=\"https:\/\/www.europesays.com\/fi\/wp-content\/uploads\/2025\/12\/1765284669_750_11b6861bdfdc7725908b5e0bdb0d9fc460e5f0ef1c87b1938fa8d30420d93a10.jpg\" alt=\"\"\/><\/p>\n<p>Eric &#8221;Lakko&#8221; Savolainen jakaa kuulumisiaan TTK-kauden p\u00e4\u00e4ttymisen j\u00e4lkeen. Atte Kajova<\/p>\n<p class=\"paragraph\">Tubettaja <strong>Lakko<\/strong> eli <strong>Eric Savolainen<\/strong>, 32, kertoo someseuraajilleen, miten h\u00e4n on palautunut \u201dnormaaliin\u201d arkeen Tanssii t\u00e4htien kanssa -ohjelman j\u00e4lkeen. Kausi tuli p\u00e4\u00e4t\u00f6kseens\u00e4 noin kolme viikkoa sitten.<\/p>\n<p class=\"paragraph\">\u2013 Omasta perusarjesta oli ainakin alkuun hankaluuksia saada kiinni, koska tanssin py\u00f6rteisiin ja rutiineihin olin t\u00e4ysin uppoutunut yli kolmen kuukauden ajan. Pelkk\u00e4 kotona oleminen tuntui aluksi oudolta, tubettaja kirjoittaa Instagram-julkaisussaan.<\/p>\n<p class=\"paragraph\">\u2013 Muistoihin j\u00e4i niin paljon l\u00e4mpimi\u00e4 muistoja tansseista, treeneist\u00e4 sek\u00e4 ihmisist\u00e4, joita j\u00e4\u00e4n vaalimaan. Mieli ja keho ovat vaatineet yll\u00e4tt\u00e4v\u00e4n paljon aikaa palautua ja k\u00e4sitell\u00e4 ajatuksia sek\u00e4 tunteita. Armollisuus ja itsemy\u00f6t\u00e4tunto ovat ehk\u00e4 avainsanat itselle t\u00e4ll\u00e4 hetkell\u00e4, h\u00e4n lis\u00e4\u00e4.<\/p>\n<p>Lakko kertoo, ett\u00e4 h\u00e4nen oli alkuun hankalaa saada perusarjesta kiinni TTK:n j\u00e4lkeen. Atte Kajova<\/p>\n<p class=\"paragraph\">Lakon karusellijulkaisussa on my\u00f6s kuvia viimeisen parin viikon ajalta. P\u00e4ivityksen kymmenenness\u00e4 kuvassa n\u00e4kyy sairaalapeti. Lakko avaa kyseisen kuvan taustoja.<\/p>\n<p class=\"paragraph\">\u2013 P\u00e4\u00e4sin vihdoin ortopedille ja magneettikuvatutkimuksiin olkap\u00e4\u00e4ni kanssa, jonka loukkasin tanssitreeneiss\u00e4 muutama viikko sitten. Pieni vamma, josta selvi\u00e4n fysioterapialla, h\u00e4n kertoo.<\/p>\n<p class=\"paragraph\">Lakko kertoi <a href=\"https:\/\/www.iltalehti.fi\/viihdeuutiset\/6a82a1af-63ab-44ee-8fd6-e71ffc1ae2b8\" rel=\"nofollow noopener\" target=\"_blank\">Iltalehdelle<\/a> marraskuussa, ett\u00e4 h\u00e4nen olkap\u00e4\u00e4ss\u00e4\u00e4n oli ilmeisesti jonkinlainen ven\u00e4hdys.<\/p>\n<p class=\"paragraph\">P\u00e4ivityksen yhdeks\u00e4nness\u00e4 kuvassa Lakko on ottanut peiliselfien, jossa h\u00e4nen <strong>Julia<\/strong>-puolisonsa seisoo selk\u00e4 kameraan p\u00e4in. Vaaleahiuksinen puoliso katsoo Lakkoa p\u00e4in ja pit\u00e4\u00e4 k\u00e4tt\u00e4\u00e4n t\u00e4m\u00e4n kaulalla.<\/p>\n<p class=\"paragraph\">\u2013 Parisuhdeaikaa, Lakko tunnelmoi syd\u00e4nemojin kera.<\/p>\n<p class=\"paragraph\">Mik\u00e4li linkki ei n\u00e4y, voit katsoa julkaisun <a href=\"https:\/\/www.instagram.com\/p\/DSAK-xYAgo5\/?img_index=7\" target=\"_blank\" rel=\"noopener nofollow\">t\u00e4\u00e4lt\u00e4<\/a>.<\/p>\n<p class=\"paragraph\">Lakko sijoittui kilpailussa toiseksi t\u00e4htivalmentajansa <strong>Kastanja Rauhalan<\/strong> kanssa. Voittajiksi kruunattiin n\u00e4yttelij\u00e4 <strong>Johannes Holopainen<\/strong> ja tanssinopettaja <strong>Katri Riihilahti<\/strong>.<\/p>\n<p>Eric &#8221;Lakko&#8221; Savolainen ja Kastanja Rauhala sijoittuivat toiseksi TTK:ssa. Atte Kajova<\/p>\n<p><script async src=\"\/\/www.instagram.com\/embed.js\"><\/script><\/p>\n","protected":false},"excerpt":{"rendered":"Tubettaja Lakko kilpaili syksyll\u00e4 Tanssii t\u00e4htien kanssa -ohjelmassa. Eric &#8221;Lakko&#8221; Savolainen jakaa kuulumisiaan TTK-kauden p\u00e4\u00e4ttymisen j\u00e4lkeen. Atte Kajova&hellip;\n","protected":false},"author":2,"featured_media":111781,"comment_status":"","ping_status":"","sticky":false,"template":"","format":"standard","meta":{"footnotes":""},"categories":[136],"tags":[35,138,407,137,33,31,30,408,979,1999,32,140,139,109],"class_list":{"0":"post-111780","1":"post","2":"type-post","3":"status-publish","4":"format-standard","5":"has-post-thumbnail","7":"category-julkkikset","8":"tag-24h","9":"tag-audio","10":"tag-celebrities","11":"tag-entertainment","12":"tag-fi","13":"tag-finland","14":"tag-finnish","15":"tag-julkkikset","16":"tag-sahkoinen-media","17":"tag-suomalaiset-tv-ohjelmat","18":"tag-suomi","19":"tag-tv-ja-elokuvat","20":"tag-tv-ohjelmat","21":"tag-viihde"},"share_on_mastodon":{"url":"https:\/\/pubeurope.com\/@fi\/115689703797286196","error":""},"_links":{"self":[{"href":"https:\/\/www.europesays.com\/fi\/wp-json\/wp\/v2\/posts\/111780","targetHints":{"allow":["GET"]}}],"collection":[{"href":"https:\/\/www.europesays.com\/fi\/wp-json\/wp\/v2\/posts"}],"about":[{"href":"https:\/\/www.europesays.com\/fi\/wp-json\/wp\/v2\/types\/post"}],"author":[{"embeddable":true,"href":"https:\/\/www.europesays.com\/fi\/wp-json\/wp\/v2\/users\/2"}],"replies":[{"embeddable":true,"href":"https:\/\/www.europesays.com\/fi\/wp-json\/wp\/v2\/comments?post=111780"}],"version-history":[{"count":0,"href":"https:\/\/www.europesays.com\/fi\/wp-json\/wp\/v2\/posts\/111780\/revisions"}],"wp:featuredmedia":[{"embeddable":true,"href":"https:\/\/www.europesays.com\/fi\/wp-json\/wp\/v2\/media\/111781"}],"wp:attachment":[{"href":"https:\/\/www.europesays.com\/fi\/wp-json\/wp\/v2\/media?parent=111780"}],"wp:term":[{"taxonomy":"category","embeddable":true,"href":"https:\/\/www.europesays.com\/fi\/wp-json\/wp\/v2\/categories?post=111780"},{"taxonomy":"post_tag","embeddable":true,"href":"https:\/\/www.europesays.com\/fi\/wp-json\/wp\/v2\/tags?post=111780"}],"curies":[{"name":"wp","href":"https:\/\/api.w.org\/{rel}","templated":true}]}}