{"id":11179,"date":"2025-08-20T12:44:09","date_gmt":"2025-08-20T12:44:09","guid":{"rendered":"https:\/\/www.europesays.com\/fi\/11179\/"},"modified":"2025-08-20T12:44:09","modified_gmt":"2025-08-20T12:44:09","slug":"tiesitko-tata-uusista-maajussille-morsian-tahdista","status":"publish","type":"post","link":"https:\/\/www.europesays.com\/fi\/11179\/","title":{"rendered":"Tiesitk\u00f6 t\u00e4t\u00e4 uusista Maajussille morsian -t\u00e4hdist\u00e4?"},"content":{"rendered":"<p>            Timo Korhonen\n        <\/p>\n<p class=\"subtitle \">Seiska tutustui uusiin Maajussille morsian -t\u00e4htiin.<\/p>\n<p class=\"article-content article-content-width !bg-background\">Maajussille morsian\u00a0-ohjelman uuden kauden lehdist\u00f6tilaisuus j\u00e4rjestettiin 18. elokuuta Helsingiss\u00e4. Seiska oli paikalla tapaamassa nelj\u00e4\u00e4 uutta maajussia sek\u00e4 nelj\u00e4\u00e4\u00a0Kaikki tarinat\u00a0-sarjan osallistujaa. Ohjelman juontajana 18. tuotantokaudella toimii tututtuun tapaan <\/p>\n<p class=\"font-weight-bold m-font-weight-bold article-content article-content-width !bg-background\">Arkistovideo: Maajussille morsian -osallistujat kertovat millaisista piirteist\u00e4 pit\u00e4v\u00e4t kumppanissa!<\/p>\n<p class=\"article-content article-content-width !bg-background\">Maajussit kertoivat, milt\u00e4 julkisuus tuntuu ja miten he suhtautuvat ohjelman tuomaan huomioon.\u00a0<\/p>\n<p>Matti, 43, Muhos \u2013 Kysyi lupaa lapsiltaan\u00a0<\/p>\n<p class=\"article-content article-content-width !bg-background\">Muhokselainen  keskusteli lastensa kanssa ennen ohjelmaan l\u00e4ht\u00f6\u00e4. Kun lupa saatiin, mies l\u00e4hti mukaan tositarkoituksella.\u00a0<\/p>\n<p>                <img decoding=\"async\" src=\"https:\/\/www.europesays.com\/fi\/wp-content\/uploads\/2025\/08\/1903572.webp\" width=\"576\" height=\"274\" alt=\"Matille julkisuus ei ole t\u00e4rke\u00e4\u00e4, mutta ymm\u00e4rt\u00e4\u00e4 ohjelman tuovan sit\u00e4 arkeen.\" loading=\"lazy\" \/>            <\/p>\n<p>\n            Matille julkisuus ei ole t\u00e4rke\u00e4\u00e4, mutta ymm\u00e4rt\u00e4\u00e4 ohjelman tuovan sit\u00e4 arkeen.<br \/>\n            Timo Korhonen\n        <\/p>\n<p class=\"no_italic m-no_italic article-content article-content-width !bg-background\">\u2013 Kerran sit\u00e4 vain elet\u00e4\u00e4n, Matti kuittaa.\u00a0\u00a0<\/p>\n<p class=\"article-content article-content-width !bg-background\">Julkisuus ei Matille ole t\u00e4rke\u00e4\u00e4 \u2013 h\u00e4n on pikemminkin v\u00e4ltellyt sit\u00e4. Muhoksella mies tunnetaan jo entuudestaan, mutta nyt ihmiset tulevat juttelemaan muuallakin.\u00a0<\/p>\n<p class=\"no_italic m-no_italic article-content article-content-width !bg-background\">\u2013 Nyt porukka on enemm\u00e4n kiinnostunut asioistani ja tulee jututtamaan kaupassa ja harrastusten parissa. Eik\u00e4 se minua ollenkaan haittaa, Matti sanoo.\u00a0<\/p>\n<p>        <a itemprop=\"url\" href=\"https:\/\/www.seiska.fi\/terveys\/maajussille-morsian-niina-tayttaa-30-kertoo-pelottavasta-elinajanodotteestaan\/1706082\" rel=\"nofollow noopener\" target=\"_blank\"><\/p>\n<p>\nMaajussille morsian -Niina t\u00e4ytt\u00e4\u00e4 30\n<\/p>\n<p class=\"section-date\">\n        <strong class=\"article-section\" data-section=\"terveys\"><br \/>\n            terveys<br \/>\n        <\/strong><br \/>\n        18.5. 19:30\n    <\/p>\n<p>    Maajussille morsian -Niina t\u00e4ytt\u00e4\u00e4 30 \u2013 kertoo pelottavasta elinajanodotteestaan<\/p>\n<p itemprop=\"description\" class=\"subtitle \">\n    Niinalla diagnosoitiin harvinainen syd\u00e4nsairaus h\u00e4nen ollessaan 16-vuotias.\n<\/p>\n<p>        <\/a><\/p>\n<p>Antti, 23, Kestil\u00e4 \u2013 Nuorin maajussi\u00a0<\/p>\n<p class=\"article-content article-content-width !bg-background\">Kestil\u00e4l\u00e4inen  on kauden nuorin maajussi. Kun p\u00e4\u00e4t\u00f6s osallistumisesta oli tehty, h\u00e4n l\u00e4hti mukaan \u201d110 % draivilla\u201d. Antti\u00a0toivoisi l\u00f6yt\u00e4v\u00e4ns\u00e4 kumppanin, joka arvostaa maatilan arkea ja haluaisi perustaa perheen.<\/p>\n<p class=\"article-content article-content-width !bg-background\">Antti asuu tilalla, jossa on 50 lyps\u00e4v\u00e4\u00e4 lehm\u00e4\u00e4 sek\u00e4 nuorkarjaa.\u00a0<\/p>\n<p>                <img decoding=\"async\" src=\"https:\/\/www.europesays.com\/fi\/wp-content\/uploads\/2025\/08\/1903575.webp\" width=\"576\" height=\"274\" alt=\"Antti l\u00e4hti ohjelmaan 110 lasissa.\" loading=\"lazy\" \/>            <\/p>\n<p>\n            Antti l\u00e4hti ohjelmaan 110 lasissa.<br \/>\n            Timo Korhonen\n        <\/p>\n<p class=\"no_italic m-no_italic article-content article-content-width !bg-background\">Julkisuus on jo tuttua, ainakin v\u00e4h\u00e4n.\u00a0<\/p>\n<p class=\"no_italic m-no_italic article-content article-content-width !bg-background\">\u2013 Pari kolme kertaa olen ollut paikallislehdess\u00e4, Antti kertoo Seiskalle.\u00a0<\/p>\n<p>        <a itemprop=\"url\" href=\"https:\/\/www.seiska.fi\/kotimaa\/herkka-julkaisu-maajussille-morsian-pari-viettaa-vuosipaivaa\/1834576\" rel=\"nofollow noopener\" target=\"_blank\"><\/p>\n<p>\nHerkk\u00e4 julkaisu!\n<\/p>\n<p class=\"section-date\">\n        <strong class=\"article-section\" data-section=\"kotimaa\"><br \/>\n            kotimaa<br \/>\n        <\/strong><br \/>\n        11.6. 20:15\n    <\/p>\n<p>    Herkk\u00e4 julkaisu! Maajussille morsian \u2013pari viett\u00e4\u00e4 vuosip\u00e4iv\u00e4\u00e4<\/p>\n<p itemprop=\"description\" class=\"subtitle \">\n    Pariskunta rakastui hittisarjan kuvauksissa.\n<\/p>\n<p>        <\/a><\/p>\n<p>Perttu, 26, Polvij\u00e4rvi \u2013 Julkisuus j\u00e4nnitt\u00e4\u00e4\u00a0<\/p>\n<p class=\"article-content article-content-width !bg-background\">Konsulttina vakuutusalalla ty\u00f6skentelev\u00e4 Perttu l\u00e4hti mukaan ajatuksella \u201dmiksi ei\u201d. Julkisuus v\u00e4h\u00e4n j\u00e4nnitt\u00e4\u00e4, mutta ei pelota.\u00a0<\/p>\n<p>                <img decoding=\"async\" src=\"https:\/\/www.europesays.com\/fi\/wp-content\/uploads\/2025\/08\/1903561.webp\" width=\"576\" height=\"274\" alt=\"Lupsakalla murteella varustettu Perttu l\u00e4hti ohjelmaan avoimin mielin ja rennolla otteella.\" loading=\"lazy\" \/>            <\/p>\n<p>\n            Lupsakalla murteella varustettu Perttu l\u00e4hti ohjelmaan avoimin mielin ja rennolla otteella.<br \/>\n            Timo Korhonen\n        <\/p>\n<p class=\"no_italic m-no_italic article-content article-content-width !bg-background\">\u2013 Ei se ainakaan minua haittaa, jos joku tulee nyk\u00e4isem\u00e4\u00e4n maitokaupassa, Perttu sanoo Seiskalle.<\/p>\n<p class=\"no_italic m-no_italic article-content article-content-width !bg-background\">Pertun mukaan kuvaukset sujuivat hyvin, eik\u00e4 kommelluksia sattunut.\u00a0<\/p>\n<p class=\"no_italic m-no_italic article-content article-content-width !bg-background\">Maajussi toivoo l\u00f6yt\u00e4v\u00e4ns\u00e4 vierelleen kumppanin, jonka kanssa voisi harrastaa liikuntaa, l\u00e4mmitt\u00e4\u00e4 uunia ja asettua viltin alle takkatulen \u00e4\u00e4reen. Haaveissa siint\u00e4\u00e4 perheen perustaminen ja sukutilan jatkaminen tuleville polville.\u00a0<\/p>\n<p>        <a itemprop=\"url\" href=\"https:\/\/www.seiska.fi\/kotimaa\/vappu-pimialta-yllattava-paljastus-menneisyydestaan-todella-tuottoisaa\/1893811\" rel=\"nofollow noopener\" target=\"_blank\"><\/p>\n<p>\nVappu Pimi\u00e4 Seiskalle:\n<\/p>\n<p class=\"section-date\">\n        <strong class=\"article-section\" data-section=\"kotimaa\"><br \/>\n            kotimaa<br \/>\n        <\/strong><br \/>\n        12.8. 06:00\n    <\/p>\n<p>    Vappu Pimi\u00e4lt\u00e4 yll\u00e4tt\u00e4v\u00e4 paljastus menneisyydest\u00e4\u00e4n: &#8221;Todella tuottoisaa&#8221;<\/p>\n<p itemprop=\"description\" class=\"subtitle \">\n    Vapun ensimm\u00e4isest\u00e4 tv-l\u00e4hetyksest\u00e4 tulee joulukuussa kuluneeksi jo 25 vuotta.\n<\/p>\n<p>        <\/a><\/p>\n<p>Ville, 59, Fuengirola ja Salo \u2013 Ys\u00e4ripoppari etsii rakkautta\u00a0<\/p>\n<p class=\"no_italic m-no_italic article-content article-content-width !bg-background\">Ville ja Pinja\u00a0-yhtyeest\u00e4 tuttu Ville viett\u00e4\u00e4 talvet Fuengirolassa oliivi\u00f6ljybisneksess\u00e4. Kun puhelin soi ja h\u00e4nt\u00e4 pyydettiin mukaan, vastaus oli selv\u00e4.\u00a0<\/p>\n<p>                <img decoding=\"async\" src=\"https:\/\/www.europesays.com\/fi\/wp-content\/uploads\/2025\/08\/1903570.webp\" width=\"576\" height=\"274\" alt=\"Ys\u00e4ripoppari Ville tiet\u00e4\u00e4 jo, milt\u00e4 tuntuu olla televisiossa, joten se ei tuota h\u00e4nelle mit\u00e4\u00e4n haasteita.\" loading=\"lazy\" \/>            <\/p>\n<p>\n            Ys\u00e4ripoppari Ville tiet\u00e4\u00e4 jo, milt\u00e4 tuntuu olla televisiossa, joten se ei tuota h\u00e4nelle mit\u00e4\u00e4n haasteita.<br \/>\n            Timo Korhonen\n        <\/p>\n<p class=\"no_italic m-no_italic article-content article-content-width !bg-background\">\u2013 Muotoilun- ja suunnittelijan ty\u00f6 on itsens\u00e4 myymist\u00e4, siin\u00e4 pit\u00e4\u00e4 olla pikkusen esill\u00e4, Ville kertoo avoimesti.\u00a0<\/p>\n<p>        <a itemprop=\"url\" href=\"https:\/\/www.seiska.fi\/katso\/tiesitko-maajussi-villella-on-julkkismenneisyys\/1903565\" rel=\"nofollow noopener\" target=\"_blank\"><\/p>\n<p>\nMaajussille morsian\n<\/p>\n<p class=\"section-date\">\n        <strong class=\"article-section\" data-section=\"katso\"><br \/>\n            katso<br \/>\n        <\/strong><br \/>\n        19.8. 12:15\n    <\/p>\n<p>    Tiesitk\u00f6? Maajussi-Villell\u00e4 on julkkismenneisyys<\/p>\n<p itemprop=\"description\" class=\"subtitle \">\n    Oliiviviljelyksilleen Espanjaan em\u00e4nt\u00e4\u00e4 etsiv\u00e4 Ville esiintyi 90-luvulla niin tv:ss\u00e4 kuin radiossakin.\n<\/p>\n<p>        <\/a><\/p>\n<p class=\"article-content article-content-width !bg-background\">Ville sanoo jo k\u00e4yneens\u00e4 l\u00e4pi television ja 90-luvun\u00a0isot ohjelmat, joten Maajussille Morsian \u2013ohjelman tuoma julkisuus ei tuota mit\u00e4\u00e4n ongelmia.<\/p>\n<p class=\"no_italic m-no_italic article-content article-content-width !bg-background\">\u2013 Uskon rakkauteen ensisilm\u00e4yksell\u00e4, mutta ihminen voi rakastua my\u00f6s pikkuhiljaa,\u00a0Ville ilmaisee.<\/p>\n<p class=\"article-content article-content-width !bg-background\">\u00a0<\/p>\n<p class=\"article-content article-content-width !bg-background\">\u00a0<\/p>\n","protected":false},"excerpt":{"rendered":"Timo Korhonen Seiska tutustui uusiin Maajussille morsian -t\u00e4htiin. Maajussille morsian\u00a0-ohjelman uuden kauden lehdist\u00f6tilaisuus j\u00e4rjestettiin 18. elokuuta Helsingiss\u00e4. Seiska&hellip;\n","protected":false},"author":2,"featured_media":11180,"comment_status":"","ping_status":"","sticky":false,"template":"","format":"standard","meta":{"footnotes":""},"categories":[133],"tags":[4936,137,33,31,30,1895,4937,32,206,156,1896,109,4938],"class_list":{"0":"post-11179","1":"post","2":"type-post","3":"status-publish","4":"format-standard","5":"has-post-thumbnail","7":"category-televisiot","8":"tag-antti","9":"tag-entertainment","10":"tag-fi","11":"tag-finland","12":"tag-finnish","13":"tag-maajussille-morsian","14":"tag-matti","15":"tag-suomi","16":"tag-televisiot","17":"tag-tv","18":"tag-vappu-pimia","19":"tag-viihde","20":"tag-ville"},"share_on_mastodon":{"url":"","error":""},"_links":{"self":[{"href":"https:\/\/www.europesays.com\/fi\/wp-json\/wp\/v2\/posts\/11179","targetHints":{"allow":["GET"]}}],"collection":[{"href":"https:\/\/www.europesays.com\/fi\/wp-json\/wp\/v2\/posts"}],"about":[{"href":"https:\/\/www.europesays.com\/fi\/wp-json\/wp\/v2\/types\/post"}],"author":[{"embeddable":true,"href":"https:\/\/www.europesays.com\/fi\/wp-json\/wp\/v2\/users\/2"}],"replies":[{"embeddable":true,"href":"https:\/\/www.europesays.com\/fi\/wp-json\/wp\/v2\/comments?post=11179"}],"version-history":[{"count":0,"href":"https:\/\/www.europesays.com\/fi\/wp-json\/wp\/v2\/posts\/11179\/revisions"}],"wp:featuredmedia":[{"embeddable":true,"href":"https:\/\/www.europesays.com\/fi\/wp-json\/wp\/v2\/media\/11180"}],"wp:attachment":[{"href":"https:\/\/www.europesays.com\/fi\/wp-json\/wp\/v2\/media?parent=11179"}],"wp:term":[{"taxonomy":"category","embeddable":true,"href":"https:\/\/www.europesays.com\/fi\/wp-json\/wp\/v2\/categories?post=11179"},{"taxonomy":"post_tag","embeddable":true,"href":"https:\/\/www.europesays.com\/fi\/wp-json\/wp\/v2\/tags?post=11179"}],"curies":[{"name":"wp","href":"https:\/\/api.w.org\/{rel}","templated":true}]}}