{"id":111790,"date":"2025-12-09T13:04:08","date_gmt":"2025-12-09T13:04:08","guid":{"rendered":"https:\/\/www.europesays.com\/fi\/111790\/"},"modified":"2025-12-09T13:04:08","modified_gmt":"2025-12-09T13:04:08","slug":"venaja-on-investoinut-merivoimiinsa-miljardeja","status":"publish","type":"post","link":"https:\/\/www.europesays.com\/fi\/111790\/","title":{"rendered":"Ven\u00e4j\u00e4 on investoinut merivoimiinsa \u201dmiljardeja\u201d"},"content":{"rendered":"<p>Ven\u00e4j\u00e4 on investoinut \u201dmiljardeja\u201d merivoimiinsa.<\/p>\n<p class=\"article-body mb-nof-24 px-nof-16\">Britannia saattaa menett\u00e4\u00e4 meriylivoiman Atlantilla Ven\u00e4j\u00e4lle ensimm\u00e4ist\u00e4 kertaa sitten toisen maailmansodan, varoitti Britannian merivoimien komentaja, kenraali <a class=\"article-personlink\" href=\"https:\/\/www.is.fi\/haku\/?query=Sir%20Gwyn%20Jenkins\" rel=\"nofollow noopener\" target=\"_blank\">Sir Gwyn Jenkins<\/a>.<\/p>\n<p class=\"article-body mb-nof-24 px-nof-16\">H\u00e4n sanoi, ett\u00e4 Kuninkaallisella laivastolla on vaikeuksia pysy\u00e4 mukana ilman nopeaa muutosta ja Nato-liittolaisten tukea, kertoo <a class=\"article-genericlink\" href=\"https:\/\/www.thetimes.com\/uk\/defence\/article\/atlantic-russia-news-6ls8m3fkn?utm_source=Sailthru\" rel=\"nofollow noopener\" target=\"_blank\">The Times.<\/a><\/p>\n<p class=\"article-body mb-nof-24 px-nof-16\">Times kuvailee Jenkinsin puheita \u201dyhdeksi t\u00e4h\u00e4n menness\u00e4 vakavimmista varoituksista Britannian merivoimien kyvykkyydest\u00e4\u201d vedenalaisten hy\u00f6kk\u00e4ysten uhan kasvaessa.<\/p>\n<p class=\"article-body mb-nof-24 px-nof-16\">\u2013 Etumatka, joka meill\u00e4 on ollut kylm\u00e4n sodan loputtua, toisesta maailmansodasta, on vaarassa, Jenkins sanoi kansainv\u00e4lisess\u00e4 merikonferenssissa maanantaina.<\/p>\n<p class=\"article-body mb-nof-24 px-nof-16\">Kenraalin mukaan Ven\u00e4j\u00e4 on investoinut \u201dmiljardeja\u201d merivoimiinsa ja etenkin pohjoisen laivaston osalta.<\/p>\n<p class=\"article-body mb-nof-24 px-nof-16\">\u2013 Huolimatta miljoonien ihmishenkien menetyksist\u00e4 ja heid\u00e4n t\u00f6rke\u00e4n, laittoman hy\u00f6kk\u00e4yksens\u00e4 Ukrainaan aiheuttamista kustannuksista.<\/p>\n<p class=\"article-body mb-nof-24 px-nof-16\">Jenkinsin mukaan Britannia panostaa jatkossa \u201dvedenalaiseen taistelukentt\u00e4\u00e4n\u201d uusilla teknologioilla.<\/p>\n<p class=\"article-body mb-nof-24 px-nof-16\">Jenkins nimitettiin teht\u00e4v\u00e4\u00e4ns\u00e4 toukokuussa. Britannian laivasto on ollut ongelmissa jo vuosia muun muassa kaluston ik\u00e4\u00e4ntymisen ja rekrytointivaikeuksien vuoksi.<\/p>\n","protected":false},"excerpt":{"rendered":"Ven\u00e4j\u00e4 on investoinut \u201dmiljardeja\u201d merivoimiinsa. Britannia saattaa menett\u00e4\u00e4 meriylivoiman Atlantilla Ven\u00e4j\u00e4lle ensimm\u00e4ist\u00e4 kertaa sitten toisen maailmansodan, varoitti Britannian&hellip;\n","protected":false},"author":2,"featured_media":111791,"comment_status":"","ping_status":"","sticky":false,"template":"","format":"standard","meta":{"footnotes":""},"categories":[12],"tags":[22,23,26,27,33,31,30,17,34,24,25,28,29,15,18,21,32,19,20,16],"class_list":{"0":"post-111790","1":"post","2":"type-post","3":"status-publish","4":"format-standard","5":"has-post-thumbnail","7":"category-suomi","8":"tag-breaking-news","9":"tag-breakingnews","10":"tag-featured-news","11":"tag-featurednews","12":"tag-fi","13":"tag-finland","14":"tag-finnish","15":"tag-headlines","16":"tag-ilta-sanomat","17":"tag-latest-news","18":"tag-latestnews","19":"tag-main-news","20":"tag-mainnews","21":"tag-news","22":"tag-otsikot","23":"tag-paauutiset","24":"tag-suomi","25":"tag-top-stories","26":"tag-topstories","27":"tag-uutiset"},"share_on_mastodon":{"url":"https:\/\/pubeurope.com\/@fi\/115689754816891370","error":""},"_links":{"self":[{"href":"https:\/\/www.europesays.com\/fi\/wp-json\/wp\/v2\/posts\/111790","targetHints":{"allow":["GET"]}}],"collection":[{"href":"https:\/\/www.europesays.com\/fi\/wp-json\/wp\/v2\/posts"}],"about":[{"href":"https:\/\/www.europesays.com\/fi\/wp-json\/wp\/v2\/types\/post"}],"author":[{"embeddable":true,"href":"https:\/\/www.europesays.com\/fi\/wp-json\/wp\/v2\/users\/2"}],"replies":[{"embeddable":true,"href":"https:\/\/www.europesays.com\/fi\/wp-json\/wp\/v2\/comments?post=111790"}],"version-history":[{"count":0,"href":"https:\/\/www.europesays.com\/fi\/wp-json\/wp\/v2\/posts\/111790\/revisions"}],"wp:featuredmedia":[{"embeddable":true,"href":"https:\/\/www.europesays.com\/fi\/wp-json\/wp\/v2\/media\/111791"}],"wp:attachment":[{"href":"https:\/\/www.europesays.com\/fi\/wp-json\/wp\/v2\/media?parent=111790"}],"wp:term":[{"taxonomy":"category","embeddable":true,"href":"https:\/\/www.europesays.com\/fi\/wp-json\/wp\/v2\/categories?post=111790"},{"taxonomy":"post_tag","embeddable":true,"href":"https:\/\/www.europesays.com\/fi\/wp-json\/wp\/v2\/tags?post=111790"}],"curies":[{"name":"wp","href":"https:\/\/api.w.org\/{rel}","templated":true}]}}