{"id":111792,"date":"2025-12-09T13:05:09","date_gmt":"2025-12-09T13:05:09","guid":{"rendered":"https:\/\/www.europesays.com\/fi\/111792\/"},"modified":"2025-12-09T13:05:09","modified_gmt":"2025-12-09T13:05:09","slug":"poliisi-epailee-kolmea-alaikaista-rikoksesta-palossa-joka-tuhosi-katsomon","status":"publish","type":"post","link":"https:\/\/www.europesays.com\/fi\/111792\/","title":{"rendered":"Poliisi ep\u00e4ilee kolmea alaik\u00e4ist\u00e4 rikoksesta palossa, joka tuhosi katsomon"},"content":{"rendered":"<p>Valkeakosken stadionpalo|Yksi nuorista on my\u00f6nt\u00e4nyt poliisille sytytt\u00e4neens\u00e4 palamaan esineen, josta palo katsomossa sai alkunsa.<\/p>\n<p class=\"article-body mb-nof-24 px-nof-16\">Poliisi on kuullut kolmea alle 15-vuotiasta nuorta, joita ep\u00e4ill\u00e4\u00e4n Valkeakosken Hakan kotistadionin sunnuntaisen tulipalon sytytt\u00e4misest\u00e4. Poliisille selvisi tutkinnassa, ett\u00e4 nuoret olivat palon syttymisaikaan paikalla.<\/p>\n<p class=\"article-body mb-nof-24 px-nof-16\">Nuoret on kuulusteltu rikollisesta teosta ep\u00e4iltyn\u00e4. Yksi nuorista on my\u00f6nt\u00e4nyt poliisille sytytt\u00e4neens\u00e4 palamaan esineen, josta palo katsomossa on saanut alkunsa.<\/p>\n<p class=\"article-body mb-nof-24 px-nof-16\">Alle 15-vuotias ei ole rikosoikeudellisesti vastuussa, mutta voi olla vahingonkorvausvastuussa tapahtuneesta.<\/p>\n<p><img decoding=\"async\" src=\"https:\/\/www.europesays.com\/fi\/wp-content\/uploads\/2025\/12\/1765285508_761_468.jpg\" alt=\"P\u00e4\u00e4tykatsomo roihusi sunnuntai-iltana.\" class=\"_Img_1rerz_1\" style=\"aspect-ratio:1.3333333333333333\" loading=\"eager\"\/><\/p>\n<p class=\"article-picture-caption\">P\u00e4\u00e4tykatsomo roihusi sunnuntai-iltana. Kuva:\u00a0Kimmo M\u00e4kiselk\u00e4<\/p>\n<p class=\"article-body mb-nof-24 px-nof-16\">Poliisi toteaa, ett\u00e4 palosta aiheutui \u201dhuomattavia omaisuusvahinkoja\u201d.<\/p>\n<p class=\"article-body mb-nof-24 px-nof-16\">\u201dTapahtunut on my\u00f6s her\u00e4tt\u00e4nyt vilkasta keskustelua sosiaalisessa mediassa sek\u00e4 voimakkaitakin tunteita kaupunkilaisissa. Poliisi kiitt\u00e4\u00e4 kaikista saaduista vihjeist\u00e4. Poliisi toivoo aiheeseen liittyv\u00e4n keskustelun pysyv\u00e4n asiallisena ja muistuttaa, ett\u00e4 ep\u00e4asiallinen ja henkil\u00f6\u00f6n kohdistuva viestint\u00e4 voi johtaa osaltaan rikostutkintaan\u201d, kommentoi rikoskomisario <a class=\"article-personlink\" href=\"https:\/\/www.hs.fi\/haku\/?query=Maijastiina%20Tammisto\" rel=\"nofollow noopener\" target=\"_blank\">Maijastiina Tammisto<\/a> tiedotteessa.<\/p>\n<p class=\"article-body mb-nof-24 px-nof-16\">Tehtaan kent\u00e4n p\u00e4\u00e4tykatsomo syttyi tuleen sunnuntai-iltana. Katsomo tuhoutui tulipalossa t\u00e4ysin. My\u00f6s osa kent\u00e4n tekonurmimatosta tuhoutui.<\/p>\n<p class=\"article-body mb-nof-24 px-nof-16\">Stadionin ja sen k\u00e4ytt\u00e4jien onneksi palo ei kuitenkaan ehtinyt levit\u00e4 muihin stadionin rakennuksiin. Molempien sivujen katsomot ja ravintola Paviljonki selvisiv\u00e4t vaurioitta.<\/p>\n<p class=\"article-body mb-nof-24 px-nof-16\">Hakan toimitusjohtaja <a class=\"article-personlink\" href=\"https:\/\/www.hs.fi\/haku\/?query=Olli%20Huttunen\" rel=\"nofollow noopener\" target=\"_blank\">Olli Huttunen<\/a> sai sunnuntai-iltana tiedon palosta kotiinsa Tampereelle ja seurasi tilannetta valvontakameran kuvista. Tapahtuma veti pitk\u00e4n linjan hakalaisen mielen matalaksi.<\/p>\n<p class=\"article-body mb-nof-24 px-nof-16\">\u2013\u2009Onhan t\u00e4m\u00e4 j\u00e4rkytt\u00e4v\u00e4\u00e4, kun ajattelee, ett\u00e4 miten t\u00e4rke\u00e4ss\u00e4 asemassa Tehtaan kentt\u00e4 on suomalaisessa jalkapallossa ja miten t\u00e4rke\u00e4 se on valkeakoskelaisille, Huttunen sanoi maanantaina aamup\u00e4iv\u00e4ll\u00e4.<\/p>\n<p class=\"article-body mb-nof-24 px-nof-16\">Huttunen on Hakan entinen pelaajalegenda. H\u00e4n on ehtinyt toimia seurassa my\u00f6s p\u00e4\u00e4valmentajana.<\/p>\n<p class=\"article-body mb-nof-24 px-nof-16\">Hakalle kuluva vuosi on ollut muutenkin murheellinen, sill\u00e4 joukkue tippui kauden p\u00e4\u00e4tteeksi Veikkausliigasta toiselle sarjatasolle Ykk\u00f6sliigaan.<\/p>\n","protected":false},"excerpt":{"rendered":"Valkeakosken stadionpalo|Yksi nuorista on my\u00f6nt\u00e4nyt poliisille sytytt\u00e4neens\u00e4 palamaan esineen, josta palo katsomossa sai alkunsa. Poliisi on kuullut kolmea&hellip;\n","protected":false},"author":2,"featured_media":111793,"comment_status":"","ping_status":"","sticky":false,"template":"","format":"standard","meta":{"footnotes":""},"categories":[5],"tags":[22,23,26,27,33,31,30,17,46,24,25,28,29,15,18,21,32,19,20,16],"class_list":{"0":"post-111792","1":"post","2":"type-post","3":"status-publish","4":"format-standard","5":"has-post-thumbnail","7":"category-otsikot","8":"tag-breaking-news","9":"tag-breakingnews","10":"tag-featured-news","11":"tag-featurednews","12":"tag-fi","13":"tag-finland","14":"tag-finnish","15":"tag-headlines","16":"tag-helsingin-sanomat","17":"tag-latest-news","18":"tag-latestnews","19":"tag-main-news","20":"tag-mainnews","21":"tag-news","22":"tag-otsikot","23":"tag-paauutiset","24":"tag-suomi","25":"tag-top-stories","26":"tag-topstories","27":"tag-uutiset"},"share_on_mastodon":{"url":"https:\/\/pubeurope.com\/@fi\/115689758764771207","error":""},"_links":{"self":[{"href":"https:\/\/www.europesays.com\/fi\/wp-json\/wp\/v2\/posts\/111792","targetHints":{"allow":["GET"]}}],"collection":[{"href":"https:\/\/www.europesays.com\/fi\/wp-json\/wp\/v2\/posts"}],"about":[{"href":"https:\/\/www.europesays.com\/fi\/wp-json\/wp\/v2\/types\/post"}],"author":[{"embeddable":true,"href":"https:\/\/www.europesays.com\/fi\/wp-json\/wp\/v2\/users\/2"}],"replies":[{"embeddable":true,"href":"https:\/\/www.europesays.com\/fi\/wp-json\/wp\/v2\/comments?post=111792"}],"version-history":[{"count":0,"href":"https:\/\/www.europesays.com\/fi\/wp-json\/wp\/v2\/posts\/111792\/revisions"}],"wp:featuredmedia":[{"embeddable":true,"href":"https:\/\/www.europesays.com\/fi\/wp-json\/wp\/v2\/media\/111793"}],"wp:attachment":[{"href":"https:\/\/www.europesays.com\/fi\/wp-json\/wp\/v2\/media?parent=111792"}],"wp:term":[{"taxonomy":"category","embeddable":true,"href":"https:\/\/www.europesays.com\/fi\/wp-json\/wp\/v2\/categories?post=111792"},{"taxonomy":"post_tag","embeddable":true,"href":"https:\/\/www.europesays.com\/fi\/wp-json\/wp\/v2\/tags?post=111792"}],"curies":[{"name":"wp","href":"https:\/\/api.w.org\/{rel}","templated":true}]}}