{"id":111794,"date":"2025-12-09T13:17:10","date_gmt":"2025-12-09T13:17:10","guid":{"rendered":"https:\/\/www.europesays.com\/fi\/111794\/"},"modified":"2025-12-09T13:17:10","modified_gmt":"2025-12-09T13:17:10","slug":"laulaja-katy-perry-ja-kanadan-entinen-paaministeri-justin-trudeau-julkistivat-suhteensa-instagramissa-uutissuomalainen","status":"publish","type":"post","link":"https:\/\/www.europesays.com\/fi\/111794\/","title":{"rendered":"Laulaja Katy Perry ja Kanadan entinen p\u00e4\u00e4ministeri Justin Trudeau julkistivat suhteensa Instagramissa | Uutissuomalainen"},"content":{"rendered":"<p>Yhdysvaltalainen laulaja-lauluntekij\u00e4 <strong>Katy Perry<\/strong> ja Kanadan entinen p\u00e4\u00e4ministeri <strong>Justin Trudeau<\/strong> ovat vahvistaneet suhteensa sosiaalisessa mediassa.<\/p>\n<p>Perryn Instagramissa julkaisemassa kuvakarusellissa n\u00e4kyy, kuinka kaksikko viett\u00e4\u00e4 aikaa Japanissa Perryn maailmankiertueen rantauduttua Tokioon. He muun muassa maistelevat sushia yhdess\u00e4 sek\u00e4 ihailevat valotaideteosta.<\/p>\n<p><strong class=\"diks-storyline__impact\">Huhut kaksikon v\u00e4lisest\u00e4<\/strong> suhteesta ovat velloneet jo kuukausia. Perry ja Trudeau kuvattiin lokakuussa pit\u00e4m\u00e4ss\u00e4 toisiaan k\u00e4dest\u00e4 Pariisissa laulajan 41-vuotissyntym\u00e4p\u00e4iv\u00e4juhlien yhteydess\u00e4. Kumpikaan osapuoli ei kuitenkaan ollut julkisesti kommentoinut heid\u00e4n v\u00e4list\u00e4 suhdettaan.<\/p>\n<p><a href=\"https:\/\/edition.cnn.com\/2025\/12\/08\/entertainment\/justin-trudeau-katy-perry-instagram-official-intl-scli\" rel=\"nofollow noopener\" target=\"_blank\">CNN<\/a> kuvailee Perryn ja Trudeaun suhdetta &#8221;yhdeksi t\u00e4m\u00e4n vuoden ep\u00e4todenn\u00e4k\u00f6isimmist\u00e4&#8221;.<\/p>\n<p>\t\t\t\t\t<img class=\"diks-card__image\" src=\"https:\/\/www.europesays.com\/fi\/wp-content\/uploads\/2025\/12\/7.24491259.jpg\"   loading=\"lazy\" decoding=\"sync\" alt=\"\"\/><\/p>\n<p>\t\t\t\t\t<img class=\"diks-card__image\" src=\"https:\/\/www.europesays.com\/fi\/wp-content\/uploads\/2025\/12\/10761676.jpg\"   loading=\"lazy\" decoding=\"sync\" alt=\"\"\/><\/p>\n","protected":false},"excerpt":{"rendered":"Yhdysvaltalainen laulaja-lauluntekij\u00e4 Katy Perry ja Kanadan entinen p\u00e4\u00e4ministeri Justin Trudeau ovat vahvistaneet suhteensa sosiaalisessa mediassa. Perryn Instagramissa julkaisemassa&hellip;\n","protected":false},"author":2,"featured_media":111795,"comment_status":"","ping_status":"","sticky":false,"template":"","format":"standard","meta":{"footnotes":""},"categories":[136],"tags":[138,407,2617,137,33,31,30,2675,408,47,141,32,484,2676,109],"class_list":{"0":"post-111794","1":"post","2":"type-post","3":"status-publish","4":"format-standard","5":"has-post-thumbnail","7":"category-julkkikset","8":"tag-audio","9":"tag-celebrities","10":"tag-cnn","11":"tag-entertainment","12":"tag-fi","13":"tag-finland","14":"tag-finnish","15":"tag-instagram","16":"tag-julkkikset","17":"tag-musiikki","18":"tag-muusikot-bandit","19":"tag-suomi","20":"tag-taiteellinen-ilmaisu-ja-mediat","21":"tag-tokio","22":"tag-viihde"},"share_on_mastodon":{"url":"https:\/\/pubeurope.com\/@fi\/115689805950091316","error":""},"_links":{"self":[{"href":"https:\/\/www.europesays.com\/fi\/wp-json\/wp\/v2\/posts\/111794","targetHints":{"allow":["GET"]}}],"collection":[{"href":"https:\/\/www.europesays.com\/fi\/wp-json\/wp\/v2\/posts"}],"about":[{"href":"https:\/\/www.europesays.com\/fi\/wp-json\/wp\/v2\/types\/post"}],"author":[{"embeddable":true,"href":"https:\/\/www.europesays.com\/fi\/wp-json\/wp\/v2\/users\/2"}],"replies":[{"embeddable":true,"href":"https:\/\/www.europesays.com\/fi\/wp-json\/wp\/v2\/comments?post=111794"}],"version-history":[{"count":0,"href":"https:\/\/www.europesays.com\/fi\/wp-json\/wp\/v2\/posts\/111794\/revisions"}],"wp:featuredmedia":[{"embeddable":true,"href":"https:\/\/www.europesays.com\/fi\/wp-json\/wp\/v2\/media\/111795"}],"wp:attachment":[{"href":"https:\/\/www.europesays.com\/fi\/wp-json\/wp\/v2\/media?parent=111794"}],"wp:term":[{"taxonomy":"category","embeddable":true,"href":"https:\/\/www.europesays.com\/fi\/wp-json\/wp\/v2\/categories?post=111794"},{"taxonomy":"post_tag","embeddable":true,"href":"https:\/\/www.europesays.com\/fi\/wp-json\/wp\/v2\/tags?post=111794"}],"curies":[{"name":"wp","href":"https:\/\/api.w.org\/{rel}","templated":true}]}}